{"id":6854,"date":"2023-10-31T10:08:56","date_gmt":"2023-10-31T10:08:56","guid":{"rendered":"https:\/\/millinews.az\/xeber\/az%C9%99rbaycan-v%C9%99-italiya-bas-q%C9%99rargah-r%C9%99isl%C9%99ri-bakida-gorusdu\/"},"modified":"2023-10-31T10:08:56","modified_gmt":"2023-10-31T10:08:56","slug":"az%C9%99rbaycan-v%C9%99-italiya-bas-q%C9%99rargah-r%C9%99isl%C9%99ri-bakida-gorusdu","status":"publish","type":"post","link":"https:\/\/millitv.net\/?p=6854","title":{"rendered":"Az\u0259rbaycan v\u0259 \u0130taliya Ba\u015f Q\u0259rargah r\u0259isl\u0259ri Bak\u0131da g\u00f6r\u00fc\u015fd\u00fc"},"content":{"rendered":"<div id=\"maincontent\">&#13;<br \/>\n        &#13;<\/p>\n<p><strong>Oktyabr\u0131n 31-d\u0259 m\u00fcdafi\u0259 nazirinin birinci m\u00fcavini \u2013 Az\u0259rbaycan Ordusunun Ba\u015f Q\u0259rargah r\u0259isi general-polkovnik K\u0259rim V\u0259liyev \u00f6lk\u0259mizd\u0259 s\u0259f\u0259rd\u0259 olan \u0130taliya Respublikas\u0131 Silahl\u0131 Q\u00fcvv\u0259l\u0259rinin Ba\u015f Q\u0259rargah r\u0259isi admiral C\u00fczeppe Kavo Draqonenin r\u0259hb\u0259rlik etdiyi n\u00fcmay\u0259nd\u0259 hey\u0259ti il\u0259 g\u00f6r\u00fc\u015f\u00fcb.<\/strong>&#13;\n<\/p>\n<p><span style=\"background-color: initial;\">M\u00fcdafi\u0259 Nazirliyind\u0259n <a href=\"https:\/\/Millinews.az\" target=\"_blank\" class=\"kw-link\" rel=\"noopener\">Millinews.az<\/a>-a veril\u0259n m\u0259lumata g\u00f6r\u0259, \u0259vv\u0259lc\u0259 qonaqlar \u015e\u0259hidl\u0259r xiyaban\u0131nda \u00f6lk\u0259mizin m\u00fcst\u0259qilliyi v\u0259 \u0259razi b\u00fct\u00f6vl\u00fcy\u00fc u\u011frunda canlar\u0131ndan ke\u00e7\u0259n V\u0259t\u0259n \u00f6vladlar\u0131n\u0131n xatir\u0259l\u0259rini ehtiramla yad edibl\u0259r.<\/span><br \/>&#13;<br \/>\n &#13;\n<\/p>\n<p>Sonra Az\u0259rbaycan Ordusunun Ba\u015f Q\u0259rargah\u0131nda t\u0259nt\u0259n\u0259li qar\u015f\u0131lama m\u0259rasimi ke\u00e7irilib.&#13;\n<\/p>\n<p>\u0130ki \u00f6lk\u0259 ordular\u0131n\u0131n Ba\u015f Q\u0259rargah r\u0259isl\u0259ri aras\u0131nda t\u0259kb\u0259t\u0259k v\u0259 geni\u015f t\u0259rkibd\u0259 g\u00f6r\u00fc\u015f ke\u00e7irilib.&#13;\n<\/p>\n<p>General-polkovnik K.V\u0259liyev italiyal\u0131 n\u00fcmay\u0259nd\u0259 hey\u0259tini salamlayaraq onlara Az\u0259rbaycan Respublikas\u0131n\u0131n Prezidenti, Silahl\u0131 Q\u00fcvv\u0259l\u0259rin Ali Ba\u015f Komandan\u0131 \u0130lham \u018fliyevin r\u0259hb\u0259rliyi alt\u0131nda V\u0259t\u0259n m\u00fcharib\u0259sind\u0259 qazan\u0131lan tarixi q\u0259l\u0259b\u0259 v\u0259 cari ilin sentyabr ay\u0131nda Qaraba\u011f b\u00f6lg\u0259sind\u0259 h\u0259yata ke\u00e7iril\u0259n lokal xarakterli antiterror t\u0259dbirl\u0259rinin \u0259h\u0259miyy\u0259ti haqq\u0131nda \u0259trafl\u0131 m\u0259lumat verib.&#13;\n<\/p>\n<p>Ordu quruculu\u011fu sah\u0259sind\u0259 apar\u0131lan geni\u015fmiqyasl\u0131 islahatlardan dan\u0131\u015fan Ba\u015f Q\u0259rargah r\u0259isi Az\u0259rbaycan Ordusunda yeni texnologiyalar\u0131n t\u0259tbiqi v\u0259 kibert\u0259hl\u00fck\u0259sizlik sah\u0259sind\u0259 g\u00f6r\u00fcl\u0259n i\u015fl\u0259rin \u0259h\u0259miyy\u0259tini d\u0259 diqq\u0259t\u0259 \u00e7atd\u0131r\u0131b.&#13;\n<\/p>\n<p>Admiral C.K.Draqone, \u00f6z n\u00f6vb\u0259sind\u0259, g\u00f6st\u0259ril\u0259n qonaqp\u0259rv\u0259rliy\u0259 g\u00f6r\u0259 t\u0259\u015f\u0259kk\u00fcr ed\u0259r\u0259k h\u0259r iki \u00f6lk\u0259 aras\u0131nda h\u0259rbi \u0259m\u0259kda\u015fl\u0131\u011f\u0131n geni\u015fl\u0259ndirilm\u0259si \u00fc\u00e7\u00fcn geni\u015f imkanlar\u0131n oldu\u011funu bildirib. O, \u00f6lk\u0259l\u0259rimiz aras\u0131nda m\u00fcnasib\u0259tl\u0259rin inki\u015faf etdirilm\u0259sind\u0259 qar\u015f\u0131l\u0131ql\u0131 s\u0259f\u0259rl\u0259rin vacibliyini qeyd edib.&#13;<br \/>\n<iframe loading=\"lazy\" title=\"Az\u0259rbaycan v\u0259 \u0130taliya aras\u0131nda h\u0259rbi \u0259m\u0259kda\u015fl\u0131\u011f\u0131n inki\u015faf perspektivl\u0259ri m\u00fczakir\u0259 edilib\" width=\"500\" height=\"281\" src=\"https:\/\/www.youtube.com\/embed\/RsbvQAaCcaA?feature=oembed\" frameborder=\"0\" allow=\"accelerometer; autoplay; clipboard-write; encrypted-media; gyroscope; picture-in-picture; web-share\" referrerpolicy=\"strict-origin-when-cross-origin\" allowfullscreen><\/iframe><\/p>\n<p>G\u00f6r\u00fc\u015fd\u0259 Az\u0259rbaycan v\u0259 \u0130taliya aras\u0131nda strateji t\u0259r\u0259fda\u015fl\u0131\u011fa s\u00f6yk\u0259n\u0259n h\u0259rbi \u0259laq\u0259l\u0259rin daha da geni\u015fl\u0259ndirilm\u0259sinin z\u0259ruriliyi x\u00fcsusi vur\u011fulan\u0131b.&#13;\n<\/p>\n<p>T\u0259r\u0259fl\u0259r Az\u0259rbaycan v\u0259 \u0130taliya aras\u0131nda h\u0259rbi, h\u0259rbi-texniki, h\u0259rbi-t\u0259hsil v\u0259 dig\u0259r sah\u0259l\u0259rd\u0259 \u0259m\u0259kda\u015fl\u0131\u011f\u0131n inki\u015faf perspektivl\u0259ri, habel\u0259 qar\u015f\u0131l\u0131ql\u0131 maraq do\u011furan bir s\u0131ra m\u0259s\u0259l\u0259l\u0259ri m\u00fczakir\u0259 edibl\u0259r.&#13;<br \/>\n&#13;<br \/>\n        &#13;<br \/>\n&#13;<br \/>\n        &#13;<br \/>\n&#13;\n        <\/p>\n<p><noscript><\/p>\n<p>You must enable Javascript on your browser for the site to work optimally and display sections completely.<\/p>\n<p><\/noscript>\t\t&#13;<br \/>\n\t\t&#13;\n    <\/div>\n<p><script type=\"text\/javascript\">jQuery(document).ready(function () {\n(function(d, s, id) {\n    var js, fjs = d.getElementsByTagName(s)[0];\n    if (d.getElementById(id))\n        return;\n    js = d.createElement(s);\n    js.id = id;\n    js.src = \"\/\/connect.facebook.net\/az_AZ\/all.js#xfbml=1&appId=1002485763137712\";\n    fjs.parentNode.insertBefore(js, fjs);\n}(document, 'script', 'facebook-jssdk'));                \n});<\/script><\/p>\n","protected":false},"excerpt":{"rendered":"<p>&#13; &#13; Oktyabr\u0131n 31-d\u0259 m\u00fcdafi\u0259 nazirinin birinci m\u00fcavini \u2013 Az\u0259rbaycan Ordusunun Ba\u015f Q\u0259rargah r\u0259isi general-polkovnik K\u0259rim V\u0259liyev \u00f6lk\u0259mizd\u0259 s\u0259f\u0259rd\u0259 olan \u0130taliya Respublikas\u0131 Silahl\u0131 Q\u00fcvv\u0259l\u0259rinin Ba\u015f Q\u0259rargah r\u0259isi admiral C\u00fczeppe Kavo Draqonenin r\u0259hb\u0259rlik etdiyi n\u00fcmay\u0259nd\u0259 hey\u0259ti il\u0259 g\u00f6r\u00fc\u015f\u00fcb.&#13; M\u00fcdafi\u0259 Nazirliyind\u0259n Millinews.az-a veril\u0259n m\u0259lumata g\u00f6r\u0259, \u0259vv\u0259lc\u0259 qonaqlar \u015e\u0259hidl\u0259r xiyaban\u0131nda \u00f6lk\u0259mizin m\u00fcst\u0259qilliyi v\u0259 \u0259razi b\u00fct\u00f6vl\u00fcy\u00fc u\u011frunda canlar\u0131ndan ke\u00e7\u0259n &hellip;<\/p>\n","protected":false},"author":1,"featured_media":6855,"comment_status":"open","ping_status":"closed","sticky":false,"template":"","format":"standard","meta":{"footnotes":""},"categories":[9],"tags":[],"class_list":["post-6854","post","type-post","status-publish","format-standard","has-post-thumbnail","hentry","category-xeber"],"_links":{"self":[{"href":"https:\/\/millitv.net\/index.php?rest_route=\/wp\/v2\/posts\/6854","targetHints":{"allow":["GET"]}}],"collection":[{"href":"https:\/\/millitv.net\/index.php?rest_route=\/wp\/v2\/posts"}],"about":[{"href":"https:\/\/millitv.net\/index.php?rest_route=\/wp\/v2\/types\/post"}],"author":[{"embeddable":true,"href":"https:\/\/millitv.net\/index.php?rest_route=\/wp\/v2\/users\/1"}],"replies":[{"embeddable":true,"href":"https:\/\/millitv.net\/index.php?rest_route=%2Fwp%2Fv2%2Fcomments&post=6854"}],"version-history":[{"count":0,"href":"https:\/\/millitv.net\/index.php?rest_route=\/wp\/v2\/posts\/6854\/revisions"}],"wp:featuredmedia":[{"embeddable":true,"href":"https:\/\/millitv.net\/index.php?rest_route=\/wp\/v2\/media\/6855"}],"wp:attachment":[{"href":"https:\/\/millitv.net\/index.php?rest_route=%2Fwp%2Fv2%2Fmedia&parent=6854"}],"wp:term":[{"taxonomy":"category","embeddable":true,"href":"https:\/\/millitv.net\/index.php?rest_route=%2Fwp%2Fv2%2Fcategories&post=6854"},{"taxonomy":"post_tag","embeddable":true,"href":"https:\/\/millitv.net\/index.php?rest_route=%2Fwp%2Fv2%2Ftags&post=6854"}],"curies":[{"name":"wp","href":"https:\/\/api.w.org\/{rel}","templated":true}]}}