{"id":6800,"date":"2023-10-31T07:46:14","date_gmt":"2023-10-31T07:46:14","guid":{"rendered":"https:\/\/millinews.az\/xeber\/q%C9%99zzaya-hucumun-yaratdigi-cat-israili-parcalayacaq\/"},"modified":"2023-10-31T07:46:14","modified_gmt":"2023-10-31T07:46:14","slug":"q%C9%99zzaya-hucumun-yaratdigi-cat-israili-parcalayacaq","status":"publish","type":"post","link":"https:\/\/millitv.net\/?p=6800","title":{"rendered":"Q\u0259zzaya h\u00fccumun yaratd\u0131\u011f\u0131 \u00e7at \u0130sraili par\u00e7alayacaq?"},"content":{"rendered":"<div id=\"mvp-content-main\">\n<p>\u0130srailin bu ay\u0131n \u0259vv\u0259lind\u0259 Q\u0259zzaya qar\u015f\u0131 h\u0259rt\u0259r\u0259fli m\u00fcharib\u0259y\u0259 n\u0259zar\u0259t etm\u0259k \u00fc\u00e7\u00fcn yarad\u0131lan yeni \u201cbirlik\u201d h\u00f6kum\u0259ti strategiya v\u0259 m\u0259qs\u0259dl\u0259rl\u0259 ba\u011fl\u0131 fikir ayr\u0131l\u0131\u011f\u0131na d\u00fc\u015fm\u00fc\u015f kimi g\u00f6r\u00fcn\u00fcr. Ba\u015f nazir Benyamin Netanyahu il\u0259 m\u00fcharib\u0259 kabinetinin dig\u0259r iki apar\u0131c\u0131 general\u0131 Benni Qantz v\u0259 Yoav Gallant aras\u0131ndak\u0131 g\u0259rginlik bu b\u00f6l\u00fcnm\u0259ni geni\u015fl\u0259ndirir v\u0259 s\u0131x m\u0259skunla\u015fan F\u0259l\u0259stin anklav\u0131n\u0131n \u00e7oxdan g\u00f6zl\u0259nil\u0259n i\u015f\u011fal\u0131 il\u0259 ba\u011fl\u0131 \u00e7a\u015fq\u0131nl\u0131q yarad\u0131r.<\/p>\n<p>\u00c7at\u0131\u015fmazl\u0131q m\u00fcharib\u0259 ba\u015flamazdan xeyli \u0259vv\u0259l ortaya \u00e7\u0131xan \u015f\u0259xsi, h\u0259rbi, siyasi v\u0259 ideoloji fikir ayr\u0131l\u0131qlar\u0131ndan qaynaqlan\u0131r v\u0259 \u00e7ox g\u00fcman ki, m\u00fcharib\u0259 bitdikd\u0259n \u00e7ox sonra da \u0130srail siyas\u0259tini formala\u015fd\u0131racaq.<\/p>\n<p><img loading=\"lazy\" decoding=\"async\" alt=\"\" height=\"366\" src=\"https:\/\/Millinews.az\/storage\/2023\/10\/30\/ezgif.com-webp-to-jpg_(8).jpg\" width=\"650\" title=\"\"><\/p>\n<p>Netanyahu il\u0259 \u00f6lk\u0259nin m\u00fcharib\u0259 zaman\u0131 f\u00f6vq\u0259lad\u0259 koalisiyas\u0131na qo\u015fulma\u011fa borclu olduqlar\u0131n\u0131 hiss ed\u0259n generallar aras\u0131nda he\u00e7 bir sevgi yoxdur. X\u00fcsus\u0259n Netanyahu Likud partiyas\u0131n\u0131 ifrat sa\u011f\u0131n dini fanatikl\u0259ri il\u0259 m\u00fctt\u0259fiq etdikd\u0259n v\u0259 \u00f6lk\u0259nin \u0259sas qanunlar\u0131n\u0131 onun v\u0259 fanatik t\u0259r\u0259fda\u015flar\u0131n\u0131n maraqlar\u0131na uy\u011fun olaraq yenid\u0259n yazma\u011fa davam etdikd\u0259n sonra onlar uzun m\u00fcdd\u0259t veteran ba\u015f nazir\u0259 \u015f\u00fcbh\u0259 v\u0259 nifr\u0259tl\u0259 yana\u015fd\u0131lar.<\/p>\n<p>Qantz, Netanyahunun r\u0259hb\u0259rlik etdiyi koalisiya h\u00f6kum\u0259tin\u0259 qo\u015fulmaq \u00fc\u00e7\u00fcn \u00f6z b\u00f6y\u00fck koalisiyas\u0131ndan axmaqcas\u0131na ayr\u0131ld\u0131\u011f\u0131, ancaq sonradan ba\u015f nazir t\u0259r\u0259find\u0259n x\u0259yan\u0259t edildiyi 2020-ci il se\u00e7kil\u0259rind\u0259n b\u0259ri ba\u015f ona kin saxlama\u011fa davam edir. Eyni \u015f\u0259kild\u0259, Qallant, fanatik qanunvericilik g\u00fcnd\u0259minin d\u00fczg\u00fcnl\u00fcy\u00fcn\u00fc v\u0259 onun milli t\u0259hl\u00fck\u0259sizliy\u0259 t\u0259sirl\u0259rini \u015f\u00fcbh\u0259 alt\u0131na ald\u0131\u011f\u0131 \u00fc\u00e7\u00fcn 2023-c\u00fc ilin mart\u0131nda onu m\u00fcdafi\u0259 naziri v\u0259zif\u0259sind\u0259n azad ed\u0259n Netanyahuya qar\u015f\u0131 kin saxlama\u011fa davam edir. Netanyahu bir ne\u00e7\u0259 h\u0259ft\u0259 sonra ictimai t\u0259zyiq alt\u0131nda q\u0259rar\u0131n\u0131 l\u0259\u011fv ets\u0259 d\u0259, ikisi d\u0259 s\u00fclh \u0259ld\u0259 etm\u0259dil\u0259r.<\/p>\n<p><img loading=\"lazy\" decoding=\"async\" alt=\"\" height=\"406\" src=\"https:\/\/static.timesofisrael.com\/www\/uploads\/2023\/01\/DSC02151-Copy.jpg\" width=\"650\" title=\"\"><\/p>\n<p>H\u0259rbi bax\u0131mdan generallar Netanyahuya v\u0259 onun fanatik \u0259lalt\u0131lar\u0131na inanm\u0131rlar. Onlar hesab edirl\u0259r ki, u\u011fursuz ba\u015f nazir, m\u00fcharib\u0259 zaman\u0131 lider\u0259 \u00e7evrilmi\u015f Netanyahu, \u00f6lk\u0259nin t\u0259hl\u00fck\u0259sizliyini t\u0259min etm\u0259kd\u0259ns\u0259, \u00f6z miras\u0131n\u0131 b\u0259rpa etm\u0259kl\u0259 daha \u00e7ox m\u0259\u015f\u011fuldur. Lakin ba\u015f nazir kimi onla &#8220;ili\u015fib&#8221; qald\u0131qlar\u0131 \u00fc\u00e7\u00fcn generallar onun \u0259n fanatik nazirl\u0259rini &#8220;m\u00fcharib\u0259 kabineti&#8221;nd\u0259n \u00e7\u0131xarmaqla kifay\u0259tl\u0259nm\u0259li oldular.<\/p>\n<p>Generallar v\u0259 t\u0259hl\u00fck\u0259sizlik r\u0259hb\u0259rl\u0259ri oktyabr\u0131n 7-d\u0259 \u00f6lk\u0259nin h\u0259rbi v\u0259 k\u0259\u015ffiyyat u\u011fursuzlu\u011funa g\u00f6r\u0259 m\u0259suliyy\u0259ti \u00f6z \u00fcz\u0259rl\u0259rin\u0259 g\u00f6t\u00fcr\u00fcbl\u0259r v\u0259 H\u018fMAS v\u0259 Q\u0259zzadan qisaslar\u0131n\u0131 ald\u0131qdan sonra onlar\u0131n tezlikl\u0259 istefa ver\u0259c\u0259kl\u0259ri g\u00f6zl\u0259nilir.<\/p>\n<p>Bel\u0259likl\u0259, generallar, x\u00fcsus\u0259n d\u0259, H\u018fMAS-\u0131n h\u0259rbi imkanlar\u0131n\u0131 m\u0259hv etm\u0259k v\u0259 onun inzibati v\u0259 siyasi strukturlar\u0131n\u0131 da\u011f\u0131tmaq \u00fc\u00e7\u00fcn ayd\u0131n h\u0259rbi m\u0259qs\u0259dl\u0259r formala\u015fd\u0131rmaq ist\u0259yirl\u0259r.<\/p>\n<p><img loading=\"lazy\" decoding=\"async\" alt=\"\" height=\"433\" src=\"https:\/\/www.aljazeera.com\/wp-content\/uploads\/2023\/09\/2023-09-22T133239Z_1726651141_RC2PD3AMM7DW_RTRMADP_3_UN-ASSEMBLY-1695389643.jpg?resize=770%2C513&amp;quality=80\" width=\"650\" title=\"\"><\/p>\n<p>Lakin Netanyahu 7 oktyabr fiaskosunda \u00f6z m\u0259suliyy\u0259tini q\u0259bul etm\u0259yib. G\u00f6r\u00fcn\u00fcr, onun plan\u0131 \u201cuzun v\u0259 a\u011fr\u0131l\u0131\u201d m\u00fcharib\u0259 aparmaq v\u0259 Q\u0259zzan\u0131n xarabal\u0131qlar\u0131na toz \u00e7\u00f6kd\u00fckd\u0259n sonra siyasi s\u0259hn\u0259d\u0259 m\u00fcharib\u0259 q\u0259hr\u0259man\u0131 kimi qalmaqd\u0131r.<\/p>\n<p>X\u0259yalp\u0259r\u0259st? Ba\u015f nazirin, o c\u00fcml\u0259d\u0259n \u00f6z partiyas\u0131 daxilind\u0259 d\u0259 populyarl\u0131\u011f\u0131n\u0131n azald\u0131\u011f\u0131n\u0131 n\u0259z\u0259r\u0259 alsaq, el\u0259dir. Lakin Netanyahunun 7 oktyabr z\u0259rb\u0259sin\u0259 s\u0259b\u0259b olan meqalomaniyas\u0131 o q\u0259d\u0259r \u015fidd\u0259tlidir ki, o, ictimai r\u0259yi d\u0259yi\u015fdirm\u0259k v\u0259 m\u0259suliyy\u0259td\u0259n yay\u0131nmaq \u00fc\u00e7\u00fcn laz\u0131m olan m\u00fcdd\u0259td\u0259 m\u00fcharib\u0259ni uzatmaqdan \u00e7\u0259kinm\u0259y\u0259c\u0259k.<\/p>\n<p>Eyni \u015f\u0259kild\u0259, \u0130srailin i\u015f\u011fal\u0131n\u0131 d\u0259rinl\u0259\u015fdir\u0259n v\u0259 F\u0259l\u0259stinin q\u0259z\u0259bini alovland\u0131ran Netanyahu v\u0259 onun fanatik m\u00fctt\u0259fiql\u0259ri, H\u018fMAS v\u0259 onun r\u0259hb\u0259rliyinin tamamil\u0259 m\u0259hv edilm\u0259sind\u0259 israr ed\u0259r\u0259k, m\u00fcharib\u0259d\u0259n ictimai g\u00f6zl\u0259ntil\u0259ri art\u0131rd\u0131lar. Bu, \u0259lb\u0259tt\u0259 ki, AB\u015e-\u0131n \u018ffqan\u0131standa 20 illik m\u00fcharib\u0259d\u0259n sonra &#8220;Taliban&#8221;a qalib g\u0259l\u0259 bilm\u0259diyi q\u0259d\u0259r real olmayan bir m\u0259qs\u0259ddir. Lakin bu qeyri-real m\u0259qs\u0259d Netanyahu v\u0259 komandas\u0131n\u0131n m\u00fcharib\u0259 ba\u015fa \u00e7atd\u0131qda milli ist\u0259kl\u0259rini yerin\u0259 yetirm\u0259m\u0259kd\u0259 ordunu g\u00fcnahland\u0131rmas\u0131n\u0131 asanla\u015fd\u0131racaq.<\/p>\n<p><img loading=\"lazy\" decoding=\"async\" alt=\"\" height=\"468\" src=\"https:\/\/i.dailymail.co.uk\/1s\/2023\/10\/15\/11\/76578949-0-image-a-21_1697364090994.jpg\" width=\"650\" title=\"\"><\/p>\n<p>Fanatikl\u0259r h\u0259m\u00e7inin \u0130srailin 2005-ci ild\u0259 geri \u00e7\u0259kildiyi Q\u0259zzada qeyri-qanuni v\u0259 olduqca problemli y\u0259hudi ya\u015fay\u0131\u015f m\u0259nt\u0259q\u0259l\u0259rini yenid\u0259n qurmaq niyy\u0259tl\u0259rini a\u00e7\u0131qlay\u0131blar.<\/p>\n<p>M\u00fcharib\u0259nin sonu il\u0259 ba\u011fl\u0131 bu fikir ayr\u0131l\u0131qlar\u0131 i\u015f\u011fal v\u0259 ondan sonrak\u0131 \u015f\u0259h\u0259r m\u00fcharib\u0259si il\u0259 ba\u011fl\u0131 onsuz da m\u00fcr\u0259kk\u0259b hesablamalar\u0131 daha da \u00e7\u0259tinl\u0259\u015fdirdi. Bu, y\u00fcz minl\u0259rl\u0259 olmasa da, y\u00fczl\u0259rl\u0259 insan t\u0259l\u0259fat\u0131na s\u0259b\u0259b olacaq v\u0259 eyni zamanda \u015fimalda Livan &#8220;Hizbullah&#8221;\u0131na qar\u015f\u0131 ba\u015fqa bir c\u0259bh\u0259 a\u00e7araq \u0130sraili apokaliptik ssenariy\u0259 do\u011fru s\u00f6vq ed\u0259 bil\u0259r.<\/p>\n<p><img loading=\"lazy\" decoding=\"async\" alt=\"\" height=\"365\" src=\"https:\/\/www.aljazeera.com\/wp-content\/uploads\/2023\/10\/AP23285357511267-1698167823.jpg?resize=730%2C410&amp;quality=80\" width=\"650\" title=\"\"><\/p>\n<p>Bura Q\u0259zzan\u0131 i\u015f\u011fal ed\u0259rk\u0259n \u0130sraili ist\u0259nil\u0259n regional t\u0259sirl\u0259rd\u0259n qorumaq \u00fc\u00e7\u00fcn \u015e\u0259rqi Aral\u0131q d\u0259nizind\u0259 iki t\u0259yyar\u0259da\u015f\u0131yan g\u0259mi yerl\u0259\u015fdirm\u0259kl\u0259 Birl\u0259\u015fmi\u015f \u015etatlar\u0131 v\u0259 onun g\u0259mi diplomatiyas\u0131n\u0131 da \u0259lav\u0259 ed\u0259k. Hans\u0131 ki, bu da \u0130srailin hesablamalar\u0131n\u0131 v\u0259 vaxt qrafikl\u0259rini daha da \u00e7\u0259tinl\u0259\u015fdirir.<\/p>\n<p><img loading=\"lazy\" decoding=\"async\" alt=\"\" height=\"433\" src=\"https:\/\/www.aljazeera.com\/wp-content\/uploads\/2023\/10\/2023-10-17T065735Z_1792802358_RC24U3A2P7NH_RTRMADP_3_ISRAEL-PALESTINIANS-1697538665.jpg?resize=770%2C513&amp;quality=80\" width=\"650\" title=\"\"><\/p>\n<p>He\u00e7 bir t\u0259r\u0259f Amerikaya qar\u015f\u0131 d\u00fc\u015fm\u0259n\u00e7ilik etm\u0259k ist\u0259m\u0259diyi \u00fc\u00e7\u00fcn onlar bir-birl\u0259rini t\u0259xir\u0259 sal\u0131nm\u0131\u015f quru h\u00fccumuna g\u00f6r\u0259 g\u00fcnahland\u0131r\u0131rlar, son sor\u011fulara g\u00f6r\u0259, m\u00fc\u0259yy\u0259n bir son oyun olmasa da, israillil\u0259rin \u0259ks\u0259riyy\u0259ti bunu d\u0259st\u0259kl\u0259yirl\u0259r. N\u0259h\u0259ng h\u0259rbi qurulu\u015fu il\u0259 ifrat sa\u011f\u00e7\u0131 v\u0259 fanatik dini d\u00fc\u015f\u0259rg\u0259 aras\u0131nda d\u0259rinl\u0259\u015f\u0259n u\u00e7urumun \u0130srail c\u0259miyy\u0259ti v\u0259 siyas\u0259ti \u00fc\u00e7\u00fcn geni\u015f t\u0259sirl\u0259ri olacaq.<\/p>\n<p>Lakin f\u0259l\u0259stinlil\u0259r \u00fc\u00e7\u00fcn \u0130srailin f\u0259l\u0259stinlil\u0259ri \u201cheyvan insanlar\u201d adland\u0131ran m\u00fcharib\u0259 q\u0131z\u0131\u015fd\u0131ran generallar\u0131 il\u0259 onlar\u0131n, x\u00fcsus\u0259n d\u0259 \u0130srailin sadist bombardman\u0131na v\u0259 m\u00fchasir\u0259sin\u0259 m\u0259ruz qalanlar\u0131n qovulmas\u0131n\u0131 t\u0259l\u0259b ed\u0259n irq\u00e7i fanatikl\u0259ri aras\u0131nda f\u0259rq yoxdur.<\/p>\n<p>M\u0259rvan Bi\u015fara, &#8220;\u018fl C\u0259zir\u0259&#8221;-nin ba\u015f siyasi analitiki.<\/p>\n<p>Haz\u0131rlad\u0131: N\u0259zrin Cavadzad\u0259<\/p>\n<\/p><\/div>\n<p><script>\n        (function (d, s, id) {\n            var js, fjs = d.getElementsByTagName(s)[0];\n            if (d.getElementById(id)) return;\n            js = d.createElement(s);\n            js.id = id;\n            js.src = \"\/\/connect.facebook.net\/az_AZ\/sdk.js#xfbml=1&version=v2.7&appId=\";\n            fjs.parentNode.insertBefore(js, fjs);\n        }(document, 'script', 'facebook-jssdk'));\n    <\/script><\/p>\n","protected":false},"excerpt":{"rendered":"<p>\u0130srailin bu ay\u0131n \u0259vv\u0259lind\u0259 Q\u0259zzaya qar\u015f\u0131 h\u0259rt\u0259r\u0259fli m\u00fcharib\u0259y\u0259 n\u0259zar\u0259t etm\u0259k \u00fc\u00e7\u00fcn yarad\u0131lan yeni \u201cbirlik\u201d h\u00f6kum\u0259ti strategiya v\u0259 m\u0259qs\u0259dl\u0259rl\u0259 ba\u011fl\u0131 fikir ayr\u0131l\u0131\u011f\u0131na d\u00fc\u015fm\u00fc\u015f kimi g\u00f6r\u00fcn\u00fcr. Ba\u015f nazir Benyamin Netanyahu il\u0259 m\u00fcharib\u0259 kabinetinin dig\u0259r iki apar\u0131c\u0131 general\u0131 Benni Qantz v\u0259 Yoav Gallant aras\u0131ndak\u0131 g\u0259rginlik bu b\u00f6l\u00fcnm\u0259ni geni\u015fl\u0259ndirir v\u0259 s\u0131x m\u0259skunla\u015fan F\u0259l\u0259stin anklav\u0131n\u0131n \u00e7oxdan g\u00f6zl\u0259nil\u0259n i\u015f\u011fal\u0131 il\u0259 ba\u011fl\u0131 &hellip;<\/p>\n","protected":false},"author":1,"featured_media":6801,"comment_status":"open","ping_status":"closed","sticky":false,"template":"","format":"standard","meta":{"footnotes":""},"categories":[9],"tags":[],"class_list":["post-6800","post","type-post","status-publish","format-standard","has-post-thumbnail","hentry","category-xeber"],"_links":{"self":[{"href":"https:\/\/millitv.net\/index.php?rest_route=\/wp\/v2\/posts\/6800","targetHints":{"allow":["GET"]}}],"collection":[{"href":"https:\/\/millitv.net\/index.php?rest_route=\/wp\/v2\/posts"}],"about":[{"href":"https:\/\/millitv.net\/index.php?rest_route=\/wp\/v2\/types\/post"}],"author":[{"embeddable":true,"href":"https:\/\/millitv.net\/index.php?rest_route=\/wp\/v2\/users\/1"}],"replies":[{"embeddable":true,"href":"https:\/\/millitv.net\/index.php?rest_route=%2Fwp%2Fv2%2Fcomments&post=6800"}],"version-history":[{"count":0,"href":"https:\/\/millitv.net\/index.php?rest_route=\/wp\/v2\/posts\/6800\/revisions"}],"wp:featuredmedia":[{"embeddable":true,"href":"https:\/\/millitv.net\/index.php?rest_route=\/wp\/v2\/media\/6801"}],"wp:attachment":[{"href":"https:\/\/millitv.net\/index.php?rest_route=%2Fwp%2Fv2%2Fmedia&parent=6800"}],"wp:term":[{"taxonomy":"category","embeddable":true,"href":"https:\/\/millitv.net\/index.php?rest_route=%2Fwp%2Fv2%2Fcategories&post=6800"},{"taxonomy":"post_tag","embeddable":true,"href":"https:\/\/millitv.net\/index.php?rest_route=%2Fwp%2Fv2%2Ftags&post=6800"}],"curies":[{"name":"wp","href":"https:\/\/api.w.org\/{rel}","templated":true}]}}