{"id":6796,"date":"2023-10-31T07:37:00","date_gmt":"2023-10-31T07:37:00","guid":{"rendered":"https:\/\/millinews.az\/xeber\/az%C9%99rbaycanin-ukraynadaki-s%C9%99firliyi-m%C9%99lumat-yaydi\/"},"modified":"2023-10-31T07:37:00","modified_gmt":"2023-10-31T07:37:00","slug":"az%C9%99rbaycanin-ukraynadaki-s%C9%99firliyi-m%C9%99lumat-yaydi","status":"publish","type":"post","link":"https:\/\/millitv.net\/?p=6796","title":{"rendered":"Az\u0259rbaycan\u0131n Ukraynadak\u0131 S\u0259firliyi m\u0259lumat yayd\u0131"},"content":{"rendered":"<div id=\"maincontent\">&#13;<br \/>\n        &#13;<\/p>\n<p><strong>Az\u0259rbaycan\u0131n Ukraynadak\u0131 s\u0259firliyi Odessa vilay\u0259ti v\u0259 yax\u0131n \u0259razil\u0259rd\u0259 daimi, yaxud m\u00fcv\u0259qq\u0259ti ya\u015fayan Az\u0259rbaycan Respublikas\u0131 v\u0259t\u0259nda\u015flar\u0131na m\u00fcraci\u0259t edib.<\/strong><\/p>\n<p><a href=\"https:\/\/Millinews.az\" target=\"_blank\" class=\"kw-link\" rel=\"noopener\">Millinews.az<\/a> x\u0259b\u0259r verir ki, 11 noyabr 2023-c\u00fc il tarixind\u0259 Az\u0259rbaycan Respublikas\u0131n\u0131n Ukraynadak\u0131 S\u0259firliyinin konsulluq \u015f\u00f6b\u0259si t\u0259r\u0259find\u0259n Odessa \u015f\u0259h\u0259rind\u0259 s\u0259yyar konsulluq xidm\u0259tinin g\u00f6st\u0259rilm\u0259si planla\u015fd\u0131r\u0131l\u0131r. &#13;\n<\/p>\n<p>\u201c\u00dcnvan: \u041e\u0434\u0435\u0441\u0430. \u0412\u0443\u043b.\u041f\u0443\u0448\u043a\u0438\u043d\u0441\u044c\u043a\u0430 54. \u0414\u0456\u043c \u00ab\u0410\u0437\u0435\u0440\u0431\u0430\u0439\u0434\u0436\u0430\u043d\u00bb Q\u0259bul vaxt\u0131: 09:30-dan -13:30-d\u0259k. \u018flaq\u0259 telefonu: +380 73 505 00 00<\/p>\n<p>Qeyd: Odessa Vilay\u0259tind\u0259 t\u0259hl\u00fck\u0259sizlik \u015f\u0259raitinin pisl\u0259\u015fdiyi t\u0259qdird\u0259 s\u0259yyar konsulluq xidm\u0259ti t\u0259xir\u0259 sal\u0131na bil\u0259r. N\u0259z\u0259r\u0259 al\u0131nmas\u0131 xahi\u015f olunur\u201d, &#8211; m\u0259lumatda deyilir.&#13;<br \/>\n        &#13;<br \/>\n&#13;<br \/>\n        &#13;<br \/>\n&#13;\n        <\/p>\n<p><noscript><\/p>\n<p>You must enable Javascript on your browser for the site to work optimally and display sections completely.<\/p>\n<p><\/noscript>\t\t&#13;<br \/>\n\t\t&#13;\n    <\/div>\n<p><script type=\"text\/javascript\">jQuery(document).ready(function () {\n(function(d, s, id) {\n    var js, fjs = d.getElementsByTagName(s)[0];\n    if (d.getElementById(id))\n        return;\n    js = d.createElement(s);\n    js.id = id;\n    js.src = \"\/\/connect.facebook.net\/az_AZ\/all.js#xfbml=1&appId=1002485763137712\";\n    fjs.parentNode.insertBefore(js, fjs);\n}(document, 'script', 'facebook-jssdk'));                \n});<\/script><\/p>\n","protected":false},"excerpt":{"rendered":"<p>&#13; &#13; Az\u0259rbaycan\u0131n Ukraynadak\u0131 s\u0259firliyi Odessa vilay\u0259ti v\u0259 yax\u0131n \u0259razil\u0259rd\u0259 daimi, yaxud m\u00fcv\u0259qq\u0259ti ya\u015fayan Az\u0259rbaycan Respublikas\u0131 v\u0259t\u0259nda\u015flar\u0131na m\u00fcraci\u0259t edib. Millinews.az x\u0259b\u0259r verir ki, 11 noyabr 2023-c\u00fc il tarixind\u0259 Az\u0259rbaycan Respublikas\u0131n\u0131n Ukraynadak\u0131 S\u0259firliyinin konsulluq \u015f\u00f6b\u0259si t\u0259r\u0259find\u0259n Odessa \u015f\u0259h\u0259rind\u0259 s\u0259yyar konsulluq xidm\u0259tinin g\u00f6st\u0259rilm\u0259si planla\u015fd\u0131r\u0131l\u0131r. &#13; \u201c\u00dcnvan: \u041e\u0434\u0435\u0441\u0430. \u0412\u0443\u043b.\u041f\u0443\u0448\u043a\u0438\u043d\u0441\u044c\u043a\u0430 54. \u0414\u0456\u043c \u00ab\u0410\u0437\u0435\u0440\u0431\u0430\u0439\u0434\u0436\u0430\u043d\u00bb Q\u0259bul vaxt\u0131: 09:30-dan -13:30-d\u0259k. \u018flaq\u0259 telefonu: &hellip;<\/p>\n","protected":false},"author":1,"featured_media":6797,"comment_status":"open","ping_status":"closed","sticky":false,"template":"","format":"standard","meta":{"footnotes":""},"categories":[9],"tags":[],"class_list":["post-6796","post","type-post","status-publish","format-standard","has-post-thumbnail","hentry","category-xeber"],"_links":{"self":[{"href":"https:\/\/millitv.net\/index.php?rest_route=\/wp\/v2\/posts\/6796","targetHints":{"allow":["GET"]}}],"collection":[{"href":"https:\/\/millitv.net\/index.php?rest_route=\/wp\/v2\/posts"}],"about":[{"href":"https:\/\/millitv.net\/index.php?rest_route=\/wp\/v2\/types\/post"}],"author":[{"embeddable":true,"href":"https:\/\/millitv.net\/index.php?rest_route=\/wp\/v2\/users\/1"}],"replies":[{"embeddable":true,"href":"https:\/\/millitv.net\/index.php?rest_route=%2Fwp%2Fv2%2Fcomments&post=6796"}],"version-history":[{"count":0,"href":"https:\/\/millitv.net\/index.php?rest_route=\/wp\/v2\/posts\/6796\/revisions"}],"wp:featuredmedia":[{"embeddable":true,"href":"https:\/\/millitv.net\/index.php?rest_route=\/wp\/v2\/media\/6797"}],"wp:attachment":[{"href":"https:\/\/millitv.net\/index.php?rest_route=%2Fwp%2Fv2%2Fmedia&parent=6796"}],"wp:term":[{"taxonomy":"category","embeddable":true,"href":"https:\/\/millitv.net\/index.php?rest_route=%2Fwp%2Fv2%2Fcategories&post=6796"},{"taxonomy":"post_tag","embeddable":true,"href":"https:\/\/millitv.net\/index.php?rest_route=%2Fwp%2Fv2%2Ftags&post=6796"}],"curies":[{"name":"wp","href":"https:\/\/api.w.org\/{rel}","templated":true}]}}