{"id":6770,"date":"2023-10-31T06:31:31","date_gmt":"2023-10-31T06:31:31","guid":{"rendered":"https:\/\/millinews.az\/xeber\/suni-intellekt-muharib%C9%99y%C9%99-qosulur-daha-d%C9%99hs%C9%99tli-olacaq\/"},"modified":"2023-10-31T06:31:31","modified_gmt":"2023-10-31T06:31:31","slug":"suni-intellekt-muharib%C9%99y%C9%99-qosulur-daha-d%C9%99hs%C9%99tli-olacaq","status":"publish","type":"post","link":"https:\/\/millitv.net\/?p=6770","title":{"rendered":"S\u00fcni intellekt m\u00fcharib\u0259y\u0259 qo\u015fulur: Daha d\u0259h\u015f\u0259tli olacaq"},"content":{"rendered":"<p><img decoding=\"async\" src=\"https:\/\/Millinews.az\/storage\/2023\/10\/31\/sunii.jpg\" alt=\"\" title=\"\"><\/p>\n<div id=\"mvp-content-main\">\n<p><strong>NATO-nun ke\u00e7mi\u015f ba\u015f komandan\u0131 s\u00fcni intellektin m\u00fcharib\u0259l\u0259r\u0259 t\u0259sirini a\u00e7\u0131qlay\u0131b.<\/strong><\/p>\n<p><strong><a target=\"_blank\" href=\"https:\/\/Millinews.az\" rel=\"noopener\">Millinews.az<\/a><\/strong> x\u0259b\u0259r verir ki, NATO-nun Avropadak\u0131 Silahl\u0131 Q\u00fcvv\u0259l\u0259rinin ke\u00e7mi\u015f ba\u015f komandan\u0131, admiral Ceyms Stavridis &#8220;Bloomberg&#8221; n\u0259\u015fri \u00fc\u00e7\u00fcn yazd\u0131\u011f\u0131 m\u0259qal\u0259d\u0259 s\u00fcni intellektin s\u00fcr\u0259tl\u0259 inki\u015faf etdiyini v\u0259 on il v\u0259 ya daha az m\u00fcdd\u0259td\u0259 orduya \u0259h\u0259miyy\u0259tli d\u0259r\u0259c\u0259d\u0259 t\u0259sir g\u00f6st\u0259r\u0259c\u0259yini vur\u011fulay\u0131b.<\/p>\n<p>O, s\u00fcni intellektin m\u00fcharib\u0259 \u00fc\u00e7\u00fcn \u0259h\u0259miyy\u0259tini ox, bar\u0131t, t\u00fcf\u0259ng, t\u0259yyar\u0259l\u0259r, sualt\u0131 qay\u0131qlar v\u0259 n\u00fcv\u0259 silahlar\u0131n\u0131n yaranmas\u0131 il\u0259 m\u00fcqayis\u0259 edib:<\/p>\n<p>\u201cS\u00fcni intellekt q\u0259rar q\u0259bul ed\u0259n \u015f\u0259xsl\u0259r\u0259 d\u0259rhal b\u00fct\u00fcn h\u0259rbi tarix\u0259 baxmaq v\u0259 d\u00f6y\u00fc\u015f \u00fc\u00e7\u00fcn \u0259n yax\u015f\u0131 variant\u0131 se\u00e7m\u0259k imkan\u0131 ver\u0259c\u0259k. S\u00fcni intellekt h\u0259m d\u0259 logistik v\u0259 texnoloji u\u011fursuzluq n\u00f6qt\u0259l\u0259rini d\u0259qiq proqnozla\u015fd\u0131ra bil\u0259c\u0259k\u201d.<\/p>\n<p><strong>Mehti Kamilo\u011flu<\/strong><\/p>\n<\/p><\/div>\n<p><script>\n        (function (d, s, id) {\n            var js, fjs = d.getElementsByTagName(s)[0];\n            if (d.getElementById(id)) return;\n            js = d.createElement(s);\n            js.id = id;\n            js.src = \"\/\/connect.facebook.net\/az_AZ\/sdk.js#xfbml=1&version=v2.7&appId=\";\n            fjs.parentNode.insertBefore(js, fjs);\n        }(document, 'script', 'facebook-jssdk'));\n    <\/script><\/p>\n","protected":false},"excerpt":{"rendered":"<p>NATO-nun ke\u00e7mi\u015f ba\u015f komandan\u0131 s\u00fcni intellektin m\u00fcharib\u0259l\u0259r\u0259 t\u0259sirini a\u00e7\u0131qlay\u0131b. Millinews.az x\u0259b\u0259r verir ki, NATO-nun Avropadak\u0131 Silahl\u0131 Q\u00fcvv\u0259l\u0259rinin ke\u00e7mi\u015f ba\u015f komandan\u0131, admiral Ceyms Stavridis &#8220;Bloomberg&#8221; n\u0259\u015fri \u00fc\u00e7\u00fcn yazd\u0131\u011f\u0131 m\u0259qal\u0259d\u0259 s\u00fcni intellektin s\u00fcr\u0259tl\u0259 inki\u015faf etdiyini v\u0259 on il v\u0259 ya daha az m\u00fcdd\u0259td\u0259 orduya \u0259h\u0259miyy\u0259tli d\u0259r\u0259c\u0259d\u0259 t\u0259sir g\u00f6st\u0259r\u0259c\u0259yini vur\u011fulay\u0131b. O, s\u00fcni intellektin m\u00fcharib\u0259 \u00fc\u00e7\u00fcn \u0259h\u0259miyy\u0259tini ox, bar\u0131t, &hellip;<\/p>\n","protected":false},"author":1,"featured_media":6771,"comment_status":"open","ping_status":"closed","sticky":false,"template":"","format":"standard","meta":{"footnotes":""},"categories":[9],"tags":[],"class_list":["post-6770","post","type-post","status-publish","format-standard","has-post-thumbnail","hentry","category-xeber"],"_links":{"self":[{"href":"https:\/\/millitv.net\/index.php?rest_route=\/wp\/v2\/posts\/6770","targetHints":{"allow":["GET"]}}],"collection":[{"href":"https:\/\/millitv.net\/index.php?rest_route=\/wp\/v2\/posts"}],"about":[{"href":"https:\/\/millitv.net\/index.php?rest_route=\/wp\/v2\/types\/post"}],"author":[{"embeddable":true,"href":"https:\/\/millitv.net\/index.php?rest_route=\/wp\/v2\/users\/1"}],"replies":[{"embeddable":true,"href":"https:\/\/millitv.net\/index.php?rest_route=%2Fwp%2Fv2%2Fcomments&post=6770"}],"version-history":[{"count":0,"href":"https:\/\/millitv.net\/index.php?rest_route=\/wp\/v2\/posts\/6770\/revisions"}],"wp:featuredmedia":[{"embeddable":true,"href":"https:\/\/millitv.net\/index.php?rest_route=\/wp\/v2\/media\/6771"}],"wp:attachment":[{"href":"https:\/\/millitv.net\/index.php?rest_route=%2Fwp%2Fv2%2Fmedia&parent=6770"}],"wp:term":[{"taxonomy":"category","embeddable":true,"href":"https:\/\/millitv.net\/index.php?rest_route=%2Fwp%2Fv2%2Fcategories&post=6770"},{"taxonomy":"post_tag","embeddable":true,"href":"https:\/\/millitv.net\/index.php?rest_route=%2Fwp%2Fv2%2Ftags&post=6770"}],"curies":[{"name":"wp","href":"https:\/\/api.w.org\/{rel}","templated":true}]}}