{"id":6740,"date":"2023-10-31T04:37:58","date_gmt":"2023-10-31T04:37:58","guid":{"rendered":"https:\/\/millinews.az\/xeber\/gunel-insan-sevildiyini-hiss-edir\/"},"modified":"2023-10-31T04:37:58","modified_gmt":"2023-10-31T04:37:58","slug":"gunel-insan-sevildiyini-hiss-edir","status":"publish","type":"post","link":"https:\/\/millitv.net\/?p=6740","title":{"rendered":"G\u00fcnel: \u0130nsan sevildiyini hiss edir"},"content":{"rendered":"<p><img decoding=\"async\" src=\"https:\/\/Millinews.az\/storage\/2023\/10\/31\/media-ggg-dkda_cover-3b0a8654wxl91zr7eu2t.jpg\" alt=\"\" title=\"\"><\/p>\n<div id=\"mvp-content-main\">\n<p><strong>Bir ne\u00e7\u0259 g\u00fcn \u00f6nc\u0259 do\u011fum g\u00fcn\u00fcn\u00fc qeyd ed\u0259n m\u00fc\u011f\u0259nni G\u00fcnel Zeynalova yeni fotolar\u0131n\u0131 izl\u0259yicil\u0259ri il\u0259 b\u00f6l\u00fc\u015f\u00fcb. <\/strong><\/p>\n<p><strong><a target=\"_blank\" href=\"https:\/\/Millinews.az\" rel=\"noopener\">Millinews.az<\/a><\/strong> olay.az-a istinad\u0259n x\u0259b\u0259r verir ki, ifa\u00e7\u0131 payla\u015f\u0131m\u0131na &#8220;Do\u011fum g\u00fcn\u00fc m\u0259nim \u00fc\u00e7\u00fcn \u00e7ox \u00f6n\u0259mlidir. \u0130nsan sevildiyini, \u00f6z\u0259l biri oldu\u011funu hiss edir&#8221; s\u00f6zl\u0259rini yaz\u0131b.<\/p>\n<p>S\u00f6z\u00fcged\u0259n fotolar\u0131 t\u0259qdim edirik:<\/p>\n<\/p><\/div>\n<p><script>\n        (function (d, s, id) {\n            var js, fjs = d.getElementsByTagName(s)[0];\n            if (d.getElementById(id)) return;\n            js = d.createElement(s);\n            js.id = id;\n            js.src = \"\/\/connect.facebook.net\/az_AZ\/sdk.js#xfbml=1&version=v2.7&appId=\";\n            fjs.parentNode.insertBefore(js, fjs);\n        }(document, 'script', 'facebook-jssdk'));\n    <\/script><\/p>\n","protected":false},"excerpt":{"rendered":"<p>Bir ne\u00e7\u0259 g\u00fcn \u00f6nc\u0259 do\u011fum g\u00fcn\u00fcn\u00fc qeyd ed\u0259n m\u00fc\u011f\u0259nni G\u00fcnel Zeynalova yeni fotolar\u0131n\u0131 izl\u0259yicil\u0259ri il\u0259 b\u00f6l\u00fc\u015f\u00fcb. Millinews.az olay.az-a istinad\u0259n x\u0259b\u0259r verir ki, ifa\u00e7\u0131 payla\u015f\u0131m\u0131na &#8220;Do\u011fum g\u00fcn\u00fc m\u0259nim \u00fc\u00e7\u00fcn \u00e7ox \u00f6n\u0259mlidir. \u0130nsan sevildiyini, \u00f6z\u0259l biri oldu\u011funu hiss edir&#8221; s\u00f6zl\u0259rini yaz\u0131b. S\u00f6z\u00fcged\u0259n fotolar\u0131 t\u0259qdim edirik:<\/p>\n","protected":false},"author":1,"featured_media":6741,"comment_status":"open","ping_status":"closed","sticky":false,"template":"","format":"standard","meta":{"footnotes":""},"categories":[9],"tags":[],"class_list":["post-6740","post","type-post","status-publish","format-standard","has-post-thumbnail","hentry","category-xeber"],"_links":{"self":[{"href":"https:\/\/millitv.net\/index.php?rest_route=\/wp\/v2\/posts\/6740","targetHints":{"allow":["GET"]}}],"collection":[{"href":"https:\/\/millitv.net\/index.php?rest_route=\/wp\/v2\/posts"}],"about":[{"href":"https:\/\/millitv.net\/index.php?rest_route=\/wp\/v2\/types\/post"}],"author":[{"embeddable":true,"href":"https:\/\/millitv.net\/index.php?rest_route=\/wp\/v2\/users\/1"}],"replies":[{"embeddable":true,"href":"https:\/\/millitv.net\/index.php?rest_route=%2Fwp%2Fv2%2Fcomments&post=6740"}],"version-history":[{"count":0,"href":"https:\/\/millitv.net\/index.php?rest_route=\/wp\/v2\/posts\/6740\/revisions"}],"wp:featuredmedia":[{"embeddable":true,"href":"https:\/\/millitv.net\/index.php?rest_route=\/wp\/v2\/media\/6741"}],"wp:attachment":[{"href":"https:\/\/millitv.net\/index.php?rest_route=%2Fwp%2Fv2%2Fmedia&parent=6740"}],"wp:term":[{"taxonomy":"category","embeddable":true,"href":"https:\/\/millitv.net\/index.php?rest_route=%2Fwp%2Fv2%2Fcategories&post=6740"},{"taxonomy":"post_tag","embeddable":true,"href":"https:\/\/millitv.net\/index.php?rest_route=%2Fwp%2Fv2%2Ftags&post=6740"}],"curies":[{"name":"wp","href":"https:\/\/api.w.org\/{rel}","templated":true}]}}