{"id":6692,"date":"2023-10-30T22:13:36","date_gmt":"2023-10-30T22:13:36","guid":{"rendered":"https:\/\/millinews.az\/xeber\/bayden-netanyahu-il%C9%99-danisdi\/"},"modified":"2023-10-30T22:13:36","modified_gmt":"2023-10-30T22:13:36","slug":"bayden-netanyahu-il%C9%99-danisdi","status":"publish","type":"post","link":"https:\/\/millitv.net\/?p=6692","title":{"rendered":"Bayden Netanyahu il\u0259 dan\u0131\u015fd\u0131"},"content":{"rendered":"<p><img decoding=\"async\" src=\"https:\/\/Millinews.az\/storage\/2023\/10\/31\/netanyahu_(1).jpg\" alt=\"\" title=\"\"><\/p>\n<div id=\"mvp-content-main\">\n<p><strong>\u0130srailin Ba\u015f naziri Benyamin Netanyahu AB\u015e Prezidenti Co Baydenl\u0259 dan\u0131\u015f\u0131b.<\/strong><\/p>\n<p><strong><a target=\"_blank\" href=\"https:\/\/Millinews.az\" rel=\"noopener\">Millinews.az<\/a><\/strong> xarici K\u0130V-\u0259 istinad\u0259n x\u0259b\u0259r verir ki, bu bar\u0259d\u0259 A\u011f Evin Strateji Kommunikasiyalar \u00fczr\u0259 koordinatoru Con Kirbi bildirib.<\/p>\n<p>Onun s\u00f6zl\u0259rin\u0259 g\u00f6r\u0259, dan\u0131\u015f\u0131q zaman\u0131 Netanyahu Q\u0259zza zola\u011f\u0131na humanitar yard\u0131m\u0131n t\u0259dar\u00fck\u00fcn\u00fc \u0259h\u0259miyy\u0259tli d\u0259r\u0259c\u0259d\u0259 art\u0131rma\u011fa k\u00f6m\u0259k ed\u0259c\u0259yin\u0259 s\u00f6z verib.<\/p>\n<\/p><\/div>\n<p><script>\n        (function (d, s, id) {\n            var js, fjs = d.getElementsByTagName(s)[0];\n            if (d.getElementById(id)) return;\n            js = d.createElement(s);\n            js.id = id;\n            js.src = \"\/\/connect.facebook.net\/az_AZ\/sdk.js#xfbml=1&version=v2.7&appId=\";\n            fjs.parentNode.insertBefore(js, fjs);\n        }(document, 'script', 'facebook-jssdk'));\n    <\/script><\/p>\n","protected":false},"excerpt":{"rendered":"<p>\u0130srailin Ba\u015f naziri Benyamin Netanyahu AB\u015e Prezidenti Co Baydenl\u0259 dan\u0131\u015f\u0131b. Millinews.az xarici K\u0130V-\u0259 istinad\u0259n x\u0259b\u0259r verir ki, bu bar\u0259d\u0259 A\u011f Evin Strateji Kommunikasiyalar \u00fczr\u0259 koordinatoru Con Kirbi bildirib. Onun s\u00f6zl\u0259rin\u0259 g\u00f6r\u0259, dan\u0131\u015f\u0131q zaman\u0131 Netanyahu Q\u0259zza zola\u011f\u0131na humanitar yard\u0131m\u0131n t\u0259dar\u00fck\u00fcn\u00fc \u0259h\u0259miyy\u0259tli d\u0259r\u0259c\u0259d\u0259 art\u0131rma\u011fa k\u00f6m\u0259k ed\u0259c\u0259yin\u0259 s\u00f6z verib.<\/p>\n","protected":false},"author":1,"featured_media":6693,"comment_status":"open","ping_status":"closed","sticky":false,"template":"","format":"standard","meta":{"footnotes":""},"categories":[9],"tags":[],"class_list":["post-6692","post","type-post","status-publish","format-standard","has-post-thumbnail","hentry","category-xeber"],"_links":{"self":[{"href":"https:\/\/millitv.net\/index.php?rest_route=\/wp\/v2\/posts\/6692","targetHints":{"allow":["GET"]}}],"collection":[{"href":"https:\/\/millitv.net\/index.php?rest_route=\/wp\/v2\/posts"}],"about":[{"href":"https:\/\/millitv.net\/index.php?rest_route=\/wp\/v2\/types\/post"}],"author":[{"embeddable":true,"href":"https:\/\/millitv.net\/index.php?rest_route=\/wp\/v2\/users\/1"}],"replies":[{"embeddable":true,"href":"https:\/\/millitv.net\/index.php?rest_route=%2Fwp%2Fv2%2Fcomments&post=6692"}],"version-history":[{"count":0,"href":"https:\/\/millitv.net\/index.php?rest_route=\/wp\/v2\/posts\/6692\/revisions"}],"wp:featuredmedia":[{"embeddable":true,"href":"https:\/\/millitv.net\/index.php?rest_route=\/wp\/v2\/media\/6693"}],"wp:attachment":[{"href":"https:\/\/millitv.net\/index.php?rest_route=%2Fwp%2Fv2%2Fmedia&parent=6692"}],"wp:term":[{"taxonomy":"category","embeddable":true,"href":"https:\/\/millitv.net\/index.php?rest_route=%2Fwp%2Fv2%2Fcategories&post=6692"},{"taxonomy":"post_tag","embeddable":true,"href":"https:\/\/millitv.net\/index.php?rest_route=%2Fwp%2Fv2%2Ftags&post=6692"}],"curies":[{"name":"wp","href":"https:\/\/api.w.org\/{rel}","templated":true}]}}