{"id":6678,"date":"2023-10-30T20:36:49","date_gmt":"2023-10-30T20:36:49","guid":{"rendered":"https:\/\/millinews.az\/xeber\/sulh-ucun-yeni-imkanlar-yaranib\/"},"modified":"2023-10-30T20:36:49","modified_gmt":"2023-10-30T20:36:49","slug":"sulh-ucun-yeni-imkanlar-yaranib","status":"publish","type":"post","link":"https:\/\/millitv.net\/?p=6678","title":{"rendered":"S\u00fclh \u00fc\u00e7\u00fcn yeni imkanlar yaran\u0131b"},"content":{"rendered":"<p><img decoding=\"async\" src=\"https:\/\/Millinews.az\/storage\/2023\/10\/16\/ceyhun-bayramov.jpg\" alt=\"\" title=\"\"><\/p>\n<div id=\"mvp-content-main\">\n<p><strong>S\u00fclh quruculu\u011fu prosesi \u00fc\u00e7\u00fcn yeni imkanlar yaran\u0131b.<\/strong><\/p>\n<p><strong><a target=\"_blank\" href=\"https:\/\/Millinews.az\" rel=\"noopener\">Millinews.az<\/a><\/strong> x\u0259b\u0259r verir ki, bunu Az\u0259rbaycan Respublikas\u0131n\u0131n xarici i\u015fl\u0259r naziri Ceyhun Bayramov Birl\u0259\u015fmi\u015f \u018fr\u0259b \u018fmirlikl\u0259rin\u0259 (B\u018f\u018f) r\u0259smi s\u0259f\u0259ri \u00e7\u0259r\u00e7iv\u0259sind\u0259 B\u018f\u018f-nin xarici i\u015fl\u0259r naziri Abdullah bin Zayed Al N\u0259hyan il\u0259 g\u00f6r\u00fc\u015f\u00fc zaman\u0131 deyib.<\/p>\n<p>Nazir, Az\u0259rbaycan t\u0259r\u0259find\u0259n h\u0259yata ke\u00e7iril\u0259n anti-terror t\u0259dbirl\u0259ri n\u0259tic\u0259sind\u0259 s\u00fclh dan\u0131\u015f\u0131qlar\u0131, habel\u0259 Qaraba\u011f b\u00f6lg\u0259sind\u0259 ya\u015fayan erm\u0259ni sakinl\u0259rin reinteqrasiyas\u0131n\u0131n qar\u015f\u0131s\u0131ndak\u0131 mane\u0259l\u0259rin aradan qald\u0131r\u0131ld\u0131\u011f\u0131n\u0131, bu istiqam\u0259td\u0259 s\u00fclh quruculu\u011fu prosesi \u00fc\u00e7\u00fcn yeni imkanlar\u0131n yarand\u0131\u011f\u0131n\u0131 bildirib.<\/p>\n<p>\u00d6lk\u0259mizin h\u0259r zaman oldu\u011fu kimi, b\u00f6lg\u0259d\u0259 dayan\u0131ql\u0131 s\u00fclh\u00fcn b\u0259rq\u0259rar edilm\u0259si \u00fc\u00e7\u00fcn yaranm\u0131\u015f bu m\u00fcnbit \u015f\u0259raitd\u0259 d\u0259 s\u00fclh g\u00fcnd\u0259liyinin ir\u0259lil\u0259dilm\u0259sind\u0259 q\u0259rarl\u0131 oldu\u011fu vur\u011fulan\u0131b.<\/p>\n<\/p><\/div>\n<p><script>\n        (function (d, s, id) {\n            var js, fjs = d.getElementsByTagName(s)[0];\n            if (d.getElementById(id)) return;\n            js = d.createElement(s);\n            js.id = id;\n            js.src = \"\/\/connect.facebook.net\/az_AZ\/sdk.js#xfbml=1&version=v2.7&appId=\";\n            fjs.parentNode.insertBefore(js, fjs);\n        }(document, 'script', 'facebook-jssdk'));\n    <\/script><\/p>\n","protected":false},"excerpt":{"rendered":"<p>S\u00fclh quruculu\u011fu prosesi \u00fc\u00e7\u00fcn yeni imkanlar yaran\u0131b. Millinews.az x\u0259b\u0259r verir ki, bunu Az\u0259rbaycan Respublikas\u0131n\u0131n xarici i\u015fl\u0259r naziri Ceyhun Bayramov Birl\u0259\u015fmi\u015f \u018fr\u0259b \u018fmirlikl\u0259rin\u0259 (B\u018f\u018f) r\u0259smi s\u0259f\u0259ri \u00e7\u0259r\u00e7iv\u0259sind\u0259 B\u018f\u018f-nin xarici i\u015fl\u0259r naziri Abdullah bin Zayed Al N\u0259hyan il\u0259 g\u00f6r\u00fc\u015f\u00fc zaman\u0131 deyib. Nazir, Az\u0259rbaycan t\u0259r\u0259find\u0259n h\u0259yata ke\u00e7iril\u0259n anti-terror t\u0259dbirl\u0259ri n\u0259tic\u0259sind\u0259 s\u00fclh dan\u0131\u015f\u0131qlar\u0131, habel\u0259 Qaraba\u011f b\u00f6lg\u0259sind\u0259 ya\u015fayan erm\u0259ni sakinl\u0259rin &hellip;<\/p>\n","protected":false},"author":1,"featured_media":6679,"comment_status":"open","ping_status":"closed","sticky":false,"template":"","format":"standard","meta":{"footnotes":""},"categories":[9],"tags":[],"class_list":["post-6678","post","type-post","status-publish","format-standard","has-post-thumbnail","hentry","category-xeber"],"_links":{"self":[{"href":"https:\/\/millitv.net\/index.php?rest_route=\/wp\/v2\/posts\/6678","targetHints":{"allow":["GET"]}}],"collection":[{"href":"https:\/\/millitv.net\/index.php?rest_route=\/wp\/v2\/posts"}],"about":[{"href":"https:\/\/millitv.net\/index.php?rest_route=\/wp\/v2\/types\/post"}],"author":[{"embeddable":true,"href":"https:\/\/millitv.net\/index.php?rest_route=\/wp\/v2\/users\/1"}],"replies":[{"embeddable":true,"href":"https:\/\/millitv.net\/index.php?rest_route=%2Fwp%2Fv2%2Fcomments&post=6678"}],"version-history":[{"count":0,"href":"https:\/\/millitv.net\/index.php?rest_route=\/wp\/v2\/posts\/6678\/revisions"}],"wp:featuredmedia":[{"embeddable":true,"href":"https:\/\/millitv.net\/index.php?rest_route=\/wp\/v2\/media\/6679"}],"wp:attachment":[{"href":"https:\/\/millitv.net\/index.php?rest_route=%2Fwp%2Fv2%2Fmedia&parent=6678"}],"wp:term":[{"taxonomy":"category","embeddable":true,"href":"https:\/\/millitv.net\/index.php?rest_route=%2Fwp%2Fv2%2Fcategories&post=6678"},{"taxonomy":"post_tag","embeddable":true,"href":"https:\/\/millitv.net\/index.php?rest_route=%2Fwp%2Fv2%2Ftags&post=6678"}],"curies":[{"name":"wp","href":"https:\/\/api.w.org\/{rel}","templated":true}]}}