{"id":6657,"date":"2023-10-30T18:58:54","date_gmt":"2023-10-30T18:58:54","guid":{"rendered":"https:\/\/millinews.az\/xeber\/az%C9%99rbaycan-millisi-avropa-cempionatinin-finalinda\/"},"modified":"2023-10-30T18:58:54","modified_gmt":"2023-10-30T18:58:54","slug":"az%C9%99rbaycan-millisi-avropa-cempionatinin-finalinda","status":"publish","type":"post","link":"https:\/\/millitv.net\/?p=6657","title":{"rendered":"Az\u0259rbaycan millisi Avropa \u00e7empionat\u0131n\u0131n final\u0131nda"},"content":{"rendered":"<p><img decoding=\"async\" src=\"https:\/\/Millinews.az\/storage\/2023\/10\/30\/amputasiya-millimiz.jpg\" alt=\"\" title=\"\"><\/p>\n<div id=\"mvp-content-main\">\n<p><strong>Amputasiya olunmu\u015f \u015f\u0259xsl\u0259rd\u0259n ibar\u0259t Az\u0259rbaycan komandas\u0131 Avropa Amputant Futbol Federasiyas\u0131n\u0131n t\u0259\u015fkilat\u00e7\u0131l\u0131\u011f\u0131 il\u0259 \u015eotlandiyada ke\u00e7iril\u0259n Mill\u0259tl\u0259r Liqas\u0131nda i\u015ftirak edib.<\/strong><\/p>\n<p><strong><a target=\"_blank\" href=\"https:\/\/Millinews.az\" rel=\"noopener\">Millinews.az<\/a><\/strong> x\u0259b\u0259r verir ki, bu bar\u0259d\u0259 Az\u0259rbaycan Respublikas\u0131 Minat\u0259mizl\u0259m\u0259 Agentliyinin (ANAMA) v\u0259 Az\u0259rbaycan Futbol Federasiyalar\u0131 Assosiasiyas\u0131n\u0131n (AFFA) m\u0259tbuat xidm\u0259tl\u0259rininin m\u0259lumat\u0131nda bildirilib.<\/p>\n<p>M\u0259lumata g\u00f6r\u0259, \u201cD\u201d divizionunda Niderland, \u015eotlandiya, Albaniya v\u0259 Kosovo komandalar\u0131 il\u0259 m\u00fcbariz\u0259 aparan futbol\u00e7ular\u0131m\u0131z qrupu 2-ci pill\u0259d\u0259 tamamlayaraq 2024-c\u00fc ild\u0259 Fransada t\u0259\u015fkil olunacaq Avropa \u00c7empionat\u0131n\u0131n final m\u0259rh\u0259l\u0259sin\u0259 v\u0259siq\u0259 qazan\u0131b.<\/p>\n<p>Turnirin ba\u011flan\u0131\u015f m\u0259rasimind\u0259 komandam\u0131z Avropa Amputant Futbol Federasiyas\u0131n\u0131n Prezidenti c\u0259nab Mateu\u015f Vidlak v\u0259 \u015eotlandiyan\u0131n Sosial Qay\u011f\u0131 v\u0259 \u0130dman Naziri xan\u0131m Mari Todd t\u0259r\u0259find\u0259n g\u00fcm\u00fc\u015f medallar il\u0259 t\u0259ltif olunub.<\/p>\n<p>Qeyd edilib ki, i\u015f\u011faldan azad edilmi\u015f \u0259razil\u0259rimizd\u0259 d\u00fc\u015fm\u0259n t\u0259r\u0259find\u0259n basd\u0131r\u0131lan minalar\u0131n partlamas\u0131 n\u0259tic\u0259sind\u0259 x\u0259sar\u0259t alan \u015f\u0259xsl\u0259rd\u0259n ibar\u0259t komandam\u0131z Avropa \u00e7empionat\u0131n\u0131n final m\u0259rh\u0259l\u0259sind\u0259 ilk d\u0259f\u0259 i\u015ftirak ed\u0259c\u0259k. 16 komandan\u0131n m\u00fcbariz\u0259 aparaca\u011f\u0131 final m\u0259rh\u0259l\u0259sind\u0259 D\u00fcnya \u00e7empionu T\u00fcrkiy\u0259 il\u0259 yana\u015f\u0131 \u0130ngilt\u0259r\u0259, Fransa, \u0130spaniya, \u0130taliya, Almaniya v\u0259 Pol\u015fa kimi g\u00fccl\u00fc millil\u0259r i\u015ftirak ed\u0259c\u0259k.<\/p>\n<p>Komandam\u0131z\u0131n Mill\u0259tl\u0259r Liqas\u0131nda i\u015ftirak\u0131 ANAMA v\u0259 AFFA aras\u0131nda minadan z\u0259r\u0259r\u00e7\u0259k\u0259nl\u0259rin c\u0259miyy\u0259t\u0259 reinteqrasiyas\u0131 v\u0259 futbol vasit\u0259sil\u0259 mina t\u0259hl\u00fck\u0259sin\u0259 dair maarifl\u0259ndirm\u0259d\u0259 k\u00fctl\u0259viliyin t\u0259min edilm\u0259si \u00e7\u0259r\u00e7iv\u0259sind\u0259 ba\u011flan\u0131lm\u0131\u015f qar\u015f\u0131l\u0131ql\u0131 anla\u015fma memorandumu \u0259sas\u0131nda t\u0259\u015fkil olunub.<\/p>\n<\/p><\/div>\n<p><script>\n        (function (d, s, id) {\n            var js, fjs = d.getElementsByTagName(s)[0];\n            if (d.getElementById(id)) return;\n            js = d.createElement(s);\n            js.id = id;\n            js.src = \"\/\/connect.facebook.net\/az_AZ\/sdk.js#xfbml=1&version=v2.7&appId=\";\n            fjs.parentNode.insertBefore(js, fjs);\n        }(document, 'script', 'facebook-jssdk'));\n    <\/script><\/p>\n","protected":false},"excerpt":{"rendered":"<p>Amputasiya olunmu\u015f \u015f\u0259xsl\u0259rd\u0259n ibar\u0259t Az\u0259rbaycan komandas\u0131 Avropa Amputant Futbol Federasiyas\u0131n\u0131n t\u0259\u015fkilat\u00e7\u0131l\u0131\u011f\u0131 il\u0259 \u015eotlandiyada ke\u00e7iril\u0259n Mill\u0259tl\u0259r Liqas\u0131nda i\u015ftirak edib. Millinews.az x\u0259b\u0259r verir ki, bu bar\u0259d\u0259 Az\u0259rbaycan Respublikas\u0131 Minat\u0259mizl\u0259m\u0259 Agentliyinin (ANAMA) v\u0259 Az\u0259rbaycan Futbol Federasiyalar\u0131 Assosiasiyas\u0131n\u0131n (AFFA) m\u0259tbuat xidm\u0259tl\u0259rininin m\u0259lumat\u0131nda bildirilib. M\u0259lumata g\u00f6r\u0259, \u201cD\u201d divizionunda Niderland, \u015eotlandiya, Albaniya v\u0259 Kosovo komandalar\u0131 il\u0259 m\u00fcbariz\u0259 aparan futbol\u00e7ular\u0131m\u0131z qrupu 2-ci &hellip;<\/p>\n","protected":false},"author":1,"featured_media":6658,"comment_status":"open","ping_status":"closed","sticky":false,"template":"","format":"standard","meta":{"footnotes":""},"categories":[9],"tags":[],"class_list":["post-6657","post","type-post","status-publish","format-standard","has-post-thumbnail","hentry","category-xeber"],"_links":{"self":[{"href":"https:\/\/millitv.net\/index.php?rest_route=\/wp\/v2\/posts\/6657","targetHints":{"allow":["GET"]}}],"collection":[{"href":"https:\/\/millitv.net\/index.php?rest_route=\/wp\/v2\/posts"}],"about":[{"href":"https:\/\/millitv.net\/index.php?rest_route=\/wp\/v2\/types\/post"}],"author":[{"embeddable":true,"href":"https:\/\/millitv.net\/index.php?rest_route=\/wp\/v2\/users\/1"}],"replies":[{"embeddable":true,"href":"https:\/\/millitv.net\/index.php?rest_route=%2Fwp%2Fv2%2Fcomments&post=6657"}],"version-history":[{"count":0,"href":"https:\/\/millitv.net\/index.php?rest_route=\/wp\/v2\/posts\/6657\/revisions"}],"wp:featuredmedia":[{"embeddable":true,"href":"https:\/\/millitv.net\/index.php?rest_route=\/wp\/v2\/media\/6658"}],"wp:attachment":[{"href":"https:\/\/millitv.net\/index.php?rest_route=%2Fwp%2Fv2%2Fmedia&parent=6657"}],"wp:term":[{"taxonomy":"category","embeddable":true,"href":"https:\/\/millitv.net\/index.php?rest_route=%2Fwp%2Fv2%2Fcategories&post=6657"},{"taxonomy":"post_tag","embeddable":true,"href":"https:\/\/millitv.net\/index.php?rest_route=%2Fwp%2Fv2%2Ftags&post=6657"}],"curies":[{"name":"wp","href":"https:\/\/api.w.org\/{rel}","templated":true}]}}