{"id":6653,"date":"2023-10-30T18:34:47","date_gmt":"2023-10-30T18:34:47","guid":{"rendered":"https:\/\/millinews.az\/xeber\/solovyov-erm%C9%99nil%C9%99r%C9%99-gor%C9%99-markovu-t%C9%99hqir-etdi\/"},"modified":"2023-10-30T18:34:47","modified_gmt":"2023-10-30T18:34:47","slug":"solovyov-erm%C9%99nil%C9%99r%C9%99-gor%C9%99-markovu-t%C9%99hqir-etdi","status":"publish","type":"post","link":"https:\/\/millitv.net\/?p=6653","title":{"rendered":"Solovyov erm\u0259nil\u0259r\u0259 g\u00f6r\u0259 Markovu t\u0259hqir etdi"},"content":{"rendered":"<p><img decoding=\"async\" src=\"https:\/\/Millinews.az\/storage\/2018\/11\/26\/solovyov.jpg\" alt=\"\" title=\"\"><\/p>\n<div id=\"mvp-content-main\">\n<p><strong>Rusiyal\u0131 apar\u0131c\u0131, erm\u0259nip\u0259r\u0259st Vladimir Solovyov politoloq Sergey Markovun \u201cetnik q\u0259r\u0259z\u201dl\u0259 ba\u011fl\u0131 dedikl\u0259rin\u0259 q\u0259z\u0259bl\u0259nib.<\/strong><\/p>\n<p><strong><a target=\"_blank\" href=\"https:\/\/Millinews.az\" rel=\"noopener\">Millinews.az<\/a> <\/strong><a href=\"https:\/\/axar.az\/\" target=\"_blank\" rel=\"noopener\">Axar.az<\/a>-a istinad\u0259n x\u0259b\u0259r verir ki, Solovyov Markovu \u201cetnik t\u0259mizl\u0259m\u0259\u201dd\u0259 ittiham ed\u0259r\u0259k onu \u0259claf adland\u0131r\u0131b.<\/p>\n<p>O qeyd edib ki, politoloq vaxt\u0131nda D\u00f6vl\u0259t Dumas\u0131nda yer al\u0131b v\u0259 bir vaxtlar Rusiya prezidentinin etibarl\u0131 adam\u0131 olub:<\/p>\n<p>\u201cB\u0259s Rusiya h\u00f6kum\u0259tind\u0259ki etnik q\u0259r\u0259zl\u0259 nec\u0259? Mi\u015fustin v\u0259 Lavrovun etnik k\u00f6kl\u0259rini ara\u015fd\u0131rmaq ist\u0259rdinizmi? Xeyr, h\u0259r \u015fey qaydas\u0131ndad\u0131r?\u201d<\/p>\n<p>Qeyd ed\u0259k ki, Markov Solovyovun proqram\u0131 il\u0259 ba\u011fl\u0131 bunlar\u0131 deyib:<\/p>\n<p>\u201cBel\u0259 bir qalmaqal Solovyovun \u0259traf\u0131nda sonuncu deyil. Fakt budur ki, bir \u00e7ox insan bu \u0259trafda b\u00f6y\u00fck miqyasda etnik q\u0259r\u0259zliyin oldu\u011funu g\u00f6r\u00fcrl\u0259r. \u018fsas\u0259n iki b\u00f6y\u00fck diaspor xalq\u0131n\u0131n n\u00fcmay\u0259nd\u0259l\u0259ri b\u00f6y\u00fck Rusiyan\u0131n siyas\u0259tinin nec\u0259 olmas\u0131 laz\u0131m oldu\u011funu m\u00fczakir\u0259 edir. H\u0259m g\u00fclm\u0259li, h\u0259m d\u0259 a\u011flamal\u0131d\u0131r. H\u0259m\u00e7inin bu, normal deyil. Amma indi qalmaqallar olacaq, \u00e7\u00fcnki Rusiyan\u0131n h\u0259m \u0130srail, h\u0259m d\u0259 Erm\u0259nistanla m\u00fcnasib\u0259tl\u0259ri pisl\u0259\u015fir. V\u0259 Solovyovun bir \u00e7ox eksperti tarazl\u0131\u011f\u0131 saxlaya bilmirl\u0259r &#8211; Rusiya, yoxsa onlar\u0131n etnik kimliyi? Burada Satanovski \u00f6z\u00fcnd\u0259n \u00e7\u0131xd\u0131. O, sonuncu deyil\u201d.<\/p>\n<\/p><\/div>\n<p><script>\n        (function (d, s, id) {\n            var js, fjs = d.getElementsByTagName(s)[0];\n            if (d.getElementById(id)) return;\n            js = d.createElement(s);\n            js.id = id;\n            js.src = \"\/\/connect.facebook.net\/az_AZ\/sdk.js#xfbml=1&version=v2.7&appId=\";\n            fjs.parentNode.insertBefore(js, fjs);\n        }(document, 'script', 'facebook-jssdk'));\n    <\/script><\/p>\n","protected":false},"excerpt":{"rendered":"<p>Rusiyal\u0131 apar\u0131c\u0131, erm\u0259nip\u0259r\u0259st Vladimir Solovyov politoloq Sergey Markovun \u201cetnik q\u0259r\u0259z\u201dl\u0259 ba\u011fl\u0131 dedikl\u0259rin\u0259 q\u0259z\u0259bl\u0259nib. Millinews.az Axar.az-a istinad\u0259n x\u0259b\u0259r verir ki, Solovyov Markovu \u201cetnik t\u0259mizl\u0259m\u0259\u201dd\u0259 ittiham ed\u0259r\u0259k onu \u0259claf adland\u0131r\u0131b. O qeyd edib ki, politoloq vaxt\u0131nda D\u00f6vl\u0259t Dumas\u0131nda yer al\u0131b v\u0259 bir vaxtlar Rusiya prezidentinin etibarl\u0131 adam\u0131 olub: \u201cB\u0259s Rusiya h\u00f6kum\u0259tind\u0259ki etnik q\u0259r\u0259zl\u0259 nec\u0259? Mi\u015fustin v\u0259 Lavrovun &hellip;<\/p>\n","protected":false},"author":1,"featured_media":6654,"comment_status":"open","ping_status":"closed","sticky":false,"template":"","format":"standard","meta":{"footnotes":""},"categories":[9],"tags":[],"class_list":["post-6653","post","type-post","status-publish","format-standard","has-post-thumbnail","hentry","category-xeber"],"_links":{"self":[{"href":"https:\/\/millitv.net\/index.php?rest_route=\/wp\/v2\/posts\/6653","targetHints":{"allow":["GET"]}}],"collection":[{"href":"https:\/\/millitv.net\/index.php?rest_route=\/wp\/v2\/posts"}],"about":[{"href":"https:\/\/millitv.net\/index.php?rest_route=\/wp\/v2\/types\/post"}],"author":[{"embeddable":true,"href":"https:\/\/millitv.net\/index.php?rest_route=\/wp\/v2\/users\/1"}],"replies":[{"embeddable":true,"href":"https:\/\/millitv.net\/index.php?rest_route=%2Fwp%2Fv2%2Fcomments&post=6653"}],"version-history":[{"count":0,"href":"https:\/\/millitv.net\/index.php?rest_route=\/wp\/v2\/posts\/6653\/revisions"}],"wp:featuredmedia":[{"embeddable":true,"href":"https:\/\/millitv.net\/index.php?rest_route=\/wp\/v2\/media\/6654"}],"wp:attachment":[{"href":"https:\/\/millitv.net\/index.php?rest_route=%2Fwp%2Fv2%2Fmedia&parent=6653"}],"wp:term":[{"taxonomy":"category","embeddable":true,"href":"https:\/\/millitv.net\/index.php?rest_route=%2Fwp%2Fv2%2Fcategories&post=6653"},{"taxonomy":"post_tag","embeddable":true,"href":"https:\/\/millitv.net\/index.php?rest_route=%2Fwp%2Fv2%2Ftags&post=6653"}],"curies":[{"name":"wp","href":"https:\/\/api.w.org\/{rel}","templated":true}]}}