{"id":6651,"date":"2023-10-30T18:21:52","date_gmt":"2023-10-30T18:21:52","guid":{"rendered":"https:\/\/millinews.az\/xeber\/litva-belarusa-nota-verdi\/"},"modified":"2023-10-30T18:21:52","modified_gmt":"2023-10-30T18:21:52","slug":"litva-belarusa-nota-verdi","status":"publish","type":"post","link":"https:\/\/millitv.net\/?p=6651","title":{"rendered":"Litva Belarusa nota verdi"},"content":{"rendered":"<p><img decoding=\"async\" src=\"https:\/\/Millinews.az\/storage\/2023\/10\/30\/2a360688-0d56-3bd6-8603-3d7c2460ecf4_850.jpg\" alt=\"\" title=\"\"><\/p>\n<div id=\"mvp-content-main\">\n<p><strong>Belarusun Viln\u00fcsd\u0259ki s\u0259firliyinin n\u00fcmay\u0259nd\u0259si Litva Xarici \u0130\u015fl\u0259r Nazirliyin\u0259 \u00e7a\u011f\u0131r\u0131l\u0131b.<\/strong><\/p>\n<p><strong><a target=\"_blank\" href=\"https:\/\/Millinews.az\" rel=\"noopener\">Millinews.az<\/a><\/strong> x\u0259b\u0259r verir ki, Belarus T\u0259hl\u00fck\u0259sizlik \u015euras\u0131n\u0131n d\u00f6vl\u0259t katibinin birinci m\u00fcavini Pavel Muraveykonun Litva il\u0259 ba\u011fl\u0131 s\u00f6zl\u0259rin\u0259 cavab olaraq diplomata etiraz notas\u0131 t\u0259qdim edilib.<\/p>\n<p>\u201cBu b\u0259yanatlar Litvaya a\u00e7\u0131q h\u00fccum t\u0259hdidl\u0259ri kimi ba\u015fa d\u00fc\u015f\u00fcl\u0259 bil\u0259r ki, bu da tamamil\u0259 q\u0259buledilm\u0259zdir\u201d, &#8211; Litva Xarici \u0130\u015fl\u0259r Nazirliyinin b\u0259yanat\u0131nda deyilir.<\/p>\n<p>Qeyd ed\u0259k ki, Pavel Muraveyko sonuncu m\u00fcsahib\u0259sind\u0259 bildirib ki, Litva \u00fcz\u0259rind\u0259n g\u00fcc yolu il\u0259 d\u0259hliz yarad\u0131lmas\u0131 d\u00fcnyada pisl\u0259nm\u0259y\u0259c\u0259k. Onun s\u00f6zl\u0259rin\u0259 g\u00f6r\u0259, indiki v\u0259ziyy\u0259t f\u0259rqlidir v\u0259 Minsk art\u0131q Q\u0259rbin ciddi t\u0259zyiql\u0259rin\u0259 m\u00fcqavim\u0259t g\u00f6st\u0259rir.<\/p>\n<\/p><\/div>\n<p><script>\n        (function (d, s, id) {\n            var js, fjs = d.getElementsByTagName(s)[0];\n            if (d.getElementById(id)) return;\n            js = d.createElement(s);\n            js.id = id;\n            js.src = \"\/\/connect.facebook.net\/az_AZ\/sdk.js#xfbml=1&version=v2.7&appId=\";\n            fjs.parentNode.insertBefore(js, fjs);\n        }(document, 'script', 'facebook-jssdk'));\n    <\/script><\/p>\n","protected":false},"excerpt":{"rendered":"<p>Belarusun Viln\u00fcsd\u0259ki s\u0259firliyinin n\u00fcmay\u0259nd\u0259si Litva Xarici \u0130\u015fl\u0259r Nazirliyin\u0259 \u00e7a\u011f\u0131r\u0131l\u0131b. Millinews.az x\u0259b\u0259r verir ki, Belarus T\u0259hl\u00fck\u0259sizlik \u015euras\u0131n\u0131n d\u00f6vl\u0259t katibinin birinci m\u00fcavini Pavel Muraveykonun Litva il\u0259 ba\u011fl\u0131 s\u00f6zl\u0259rin\u0259 cavab olaraq diplomata etiraz notas\u0131 t\u0259qdim edilib. \u201cBu b\u0259yanatlar Litvaya a\u00e7\u0131q h\u00fccum t\u0259hdidl\u0259ri kimi ba\u015fa d\u00fc\u015f\u00fcl\u0259 bil\u0259r ki, bu da tamamil\u0259 q\u0259buledilm\u0259zdir\u201d, &#8211; Litva Xarici \u0130\u015fl\u0259r Nazirliyinin b\u0259yanat\u0131nda deyilir. &hellip;<\/p>\n","protected":false},"author":1,"featured_media":6652,"comment_status":"open","ping_status":"closed","sticky":false,"template":"","format":"standard","meta":{"footnotes":""},"categories":[9],"tags":[],"class_list":["post-6651","post","type-post","status-publish","format-standard","has-post-thumbnail","hentry","category-xeber"],"_links":{"self":[{"href":"https:\/\/millitv.net\/index.php?rest_route=\/wp\/v2\/posts\/6651","targetHints":{"allow":["GET"]}}],"collection":[{"href":"https:\/\/millitv.net\/index.php?rest_route=\/wp\/v2\/posts"}],"about":[{"href":"https:\/\/millitv.net\/index.php?rest_route=\/wp\/v2\/types\/post"}],"author":[{"embeddable":true,"href":"https:\/\/millitv.net\/index.php?rest_route=\/wp\/v2\/users\/1"}],"replies":[{"embeddable":true,"href":"https:\/\/millitv.net\/index.php?rest_route=%2Fwp%2Fv2%2Fcomments&post=6651"}],"version-history":[{"count":0,"href":"https:\/\/millitv.net\/index.php?rest_route=\/wp\/v2\/posts\/6651\/revisions"}],"wp:featuredmedia":[{"embeddable":true,"href":"https:\/\/millitv.net\/index.php?rest_route=\/wp\/v2\/media\/6652"}],"wp:attachment":[{"href":"https:\/\/millitv.net\/index.php?rest_route=%2Fwp%2Fv2%2Fmedia&parent=6651"}],"wp:term":[{"taxonomy":"category","embeddable":true,"href":"https:\/\/millitv.net\/index.php?rest_route=%2Fwp%2Fv2%2Fcategories&post=6651"},{"taxonomy":"post_tag","embeddable":true,"href":"https:\/\/millitv.net\/index.php?rest_route=%2Fwp%2Fv2%2Ftags&post=6651"}],"curies":[{"name":"wp","href":"https:\/\/api.w.org\/{rel}","templated":true}]}}