{"id":6629,"date":"2023-10-30T17:08:58","date_gmt":"2023-10-30T17:08:58","guid":{"rendered":"https:\/\/millinews.az\/xeber\/meyxanaci-vuqar-bar%C9%99d%C9%99-polis%C9%99-sikay%C9%99t-edildi\/"},"modified":"2023-10-30T17:08:58","modified_gmt":"2023-10-30T17:08:58","slug":"meyxanaci-vuqar-bar%C9%99d%C9%99-polis%C9%99-sikay%C9%99t-edildi","status":"publish","type":"post","link":"https:\/\/millitv.net\/?p=6629","title":{"rendered":"Meyxana\u00e7\u0131 V\u00fcqar bar\u0259d\u0259 polis\u0259 \u015fikay\u0259t edildi"},"content":{"rendered":"<div id=\"maincontent\">&#13;<br \/>\n        &#13;<\/p>\n<p><strong>\u018fm\u0259kdar artist Elza Seyidcahan meyxana\u00e7\u0131 V\u00fcqar \u018fbd\u00fclovu polis\u0259 \u015fikay\u0259t edib. <\/strong><\/p>\n<p><a href=\"https:\/\/Millinews.az\" target=\"_blank\" class=\"kw-link\" rel=\"noopener\">Millinews.az<\/a> axsam.az-a istinad\u0259n x\u0259b\u0259r verir ki, m\u00fc\u011f\u0259nni bu haqda &#8220;X\u0259b\u0259rin var&#8221; proqram\u0131nda s\u00f6yl\u0259yib. Buna s\u0259b\u0259b is\u0259 V\u00fcqar\u0131n apar\u0131c\u0131s\u0131 oldu\u011fu proqramda Seyidcahan\u0131n \u015feirini \u0259l\u0259 salmas\u0131 olub. <br \/>&#13;\n<\/p>\n<p>\u0130fa\u00e7\u0131 bildirib ki, V\u00fcqarla polis idar\u0259sind\u0259 \u00fcz-\u00fcz\u0259 g\u0259lib:<\/p>\n<p>&#8220;O, meyxana\u00e7\u0131 yox, &#8220;keyxana\u00e7\u0131d\u0131r&#8221;. M\u0259nim yarad\u0131c\u0131l\u0131\u011f\u0131m\u0131 o v\u0259 \u0259traf\u0131ndak\u0131lar verili\u015fd\u0259 m\u0259sx\u0259r\u0259y\u0259 qoymaq ist\u0259dil\u0259r. M\u0259n d\u0259 onu polis\u0259 \u015fikay\u0259t etdim. Pe\u015fmanam, g\u0259r\u0259k t\u0259k V\u00fcqar\u0131 yox, yan\u0131ndak\u0131lar\u0131 da (meyxana\u00e7\u0131lar Mehman \u018fhm\u0259dli, R\u00fcf\u0259t Nasosnu v\u0259 prod\u00fcser Ata\u015f &#8211; red.) ed\u0259rdim. S\u0259n\u0259t bir yana, Az\u0259rbaycan xan\u0131m\u0131na qar\u015f\u0131 yanl\u0131\u015f add\u0131m idi. Yazm\u0131\u015fam &#8220;qazan\u0131n da\u015fd\u0131 k\u0259fini yedim&#8221;, onlar is\u0259 deyir ki, &#8220;Qazan\u0131 a\u00e7d\u0131m, k\u0259fini yedim&#8221; deyirl\u0259r. M\u0259ni sosial \u015f\u0259b\u0259k\u0259d\u0259 s\u00f6yd\u00fcrd\u00fcl\u0259r. Polis idar\u0259sind\u0259 V\u00fcqarla \u00fczl\u0259\u015fdim, ona g\u00f6st\u0259rdim ki, m\u0259nim bu c\u00fcr \u015feirl\u0259rim var. D\u00fc\u015f\u00fcnd\u00fcm ki, pe\u015fman olar, g\u00f6rd\u00fcm yox. V\u00fcqar s\u0259hvini ba\u015fa d\u00fc\u015fm\u0259di. Amma g\u0259r\u0259k onu ba\u011f\u0131\u015flamazd\u0131m. V\u00fcqar, qurban olasan Hac\u0131 Nazim\u0259 ki, s\u0259ni m\u00fc\u011f\u0259nni etdi. He\u00e7 m\u0259n demir\u0259m ki, s\u0259n m\u00fc\u011f\u0259nni deyils\u0259n, meyxanan\u0131 da mahn\u0131ya \u00e7evirmisiniz&#8221;. <\/p>\n<p><img decoding=\"async\" src=\"https:\/\/Millinews.az\/uploads\/1\/53f408247c-268234926cj9548t.jpg\" alt=\"\" title=\"\">&#13;<br \/>\n        &#13;<br \/>\n&#13;<br \/>\n        &#13;<br \/>\n&#13;\n        <\/p>\n<p><noscript><\/p>\n<p>You must enable Javascript on your browser for the site to work optimally and display sections completely.<\/p>\n<p><\/noscript>\t\t&#13;<br \/>\n\t\t&#13;\n    <\/div>\n<p><script type=\"text\/javascript\">jQuery(document).ready(function () {\n(function(d, s, id) {\n    var js, fjs = d.getElementsByTagName(s)[0];\n    if (d.getElementById(id))\n        return;\n    js = d.createElement(s);\n    js.id = id;\n    js.src = \"\/\/connect.facebook.net\/az_AZ\/all.js#xfbml=1&appId=1002485763137712\";\n    fjs.parentNode.insertBefore(js, fjs);\n}(document, 'script', 'facebook-jssdk'));                \n});<\/script><\/p>\n","protected":false},"excerpt":{"rendered":"<p>&#13; &#13; \u018fm\u0259kdar artist Elza Seyidcahan meyxana\u00e7\u0131 V\u00fcqar \u018fbd\u00fclovu polis\u0259 \u015fikay\u0259t edib. Millinews.az axsam.az-a istinad\u0259n x\u0259b\u0259r verir ki, m\u00fc\u011f\u0259nni bu haqda &#8220;X\u0259b\u0259rin var&#8221; proqram\u0131nda s\u00f6yl\u0259yib. Buna s\u0259b\u0259b is\u0259 V\u00fcqar\u0131n apar\u0131c\u0131s\u0131 oldu\u011fu proqramda Seyidcahan\u0131n \u015feirini \u0259l\u0259 salmas\u0131 olub. &#13; \u0130fa\u00e7\u0131 bildirib ki, V\u00fcqarla polis idar\u0259sind\u0259 \u00fcz-\u00fcz\u0259 g\u0259lib: &#8220;O, meyxana\u00e7\u0131 yox, &#8220;keyxana\u00e7\u0131d\u0131r&#8221;. M\u0259nim yarad\u0131c\u0131l\u0131\u011f\u0131m\u0131 o v\u0259 \u0259traf\u0131ndak\u0131lar &hellip;<\/p>\n","protected":false},"author":1,"featured_media":6630,"comment_status":"open","ping_status":"closed","sticky":false,"template":"","format":"standard","meta":{"footnotes":""},"categories":[9],"tags":[],"class_list":["post-6629","post","type-post","status-publish","format-standard","has-post-thumbnail","hentry","category-xeber"],"_links":{"self":[{"href":"https:\/\/millitv.net\/index.php?rest_route=\/wp\/v2\/posts\/6629","targetHints":{"allow":["GET"]}}],"collection":[{"href":"https:\/\/millitv.net\/index.php?rest_route=\/wp\/v2\/posts"}],"about":[{"href":"https:\/\/millitv.net\/index.php?rest_route=\/wp\/v2\/types\/post"}],"author":[{"embeddable":true,"href":"https:\/\/millitv.net\/index.php?rest_route=\/wp\/v2\/users\/1"}],"replies":[{"embeddable":true,"href":"https:\/\/millitv.net\/index.php?rest_route=%2Fwp%2Fv2%2Fcomments&post=6629"}],"version-history":[{"count":0,"href":"https:\/\/millitv.net\/index.php?rest_route=\/wp\/v2\/posts\/6629\/revisions"}],"wp:featuredmedia":[{"embeddable":true,"href":"https:\/\/millitv.net\/index.php?rest_route=\/wp\/v2\/media\/6630"}],"wp:attachment":[{"href":"https:\/\/millitv.net\/index.php?rest_route=%2Fwp%2Fv2%2Fmedia&parent=6629"}],"wp:term":[{"taxonomy":"category","embeddable":true,"href":"https:\/\/millitv.net\/index.php?rest_route=%2Fwp%2Fv2%2Fcategories&post=6629"},{"taxonomy":"post_tag","embeddable":true,"href":"https:\/\/millitv.net\/index.php?rest_route=%2Fwp%2Fv2%2Ftags&post=6629"}],"curies":[{"name":"wp","href":"https:\/\/api.w.org\/{rel}","templated":true}]}}