{"id":6613,"date":"2023-10-30T16:00:29","date_gmt":"2023-10-30T16:00:29","guid":{"rendered":"https:\/\/millinews.az\/xeber\/bu-tarixd%C9%99-g20-nin-sammiti-keciril%C9%99c%C9%99k\/"},"modified":"2023-10-30T16:00:29","modified_gmt":"2023-10-30T16:00:29","slug":"bu-tarixd%C9%99-g20-nin-sammiti-keciril%C9%99c%C9%99k","status":"publish","type":"post","link":"https:\/\/millitv.net\/?p=6613","title":{"rendered":"Bu tarixd\u0259 G20-nin sammiti ke\u00e7iril\u0259c\u0259k"},"content":{"rendered":"<p><img decoding=\"async\" src=\"https:\/\/Millinews.az\/storage\/2023\/10\/30\/be0f1ac8-0962-3840-b5d4-530947390ef6_850.jpg\" alt=\"\" title=\"\"><\/p>\n<div id=\"mvp-content-main\">\n<p><strong>Noyabr\u0131n 22-d\u0259 &#8220;\u0130yirmilik Qrupu&#8221;nun (G20) onlayn sammiti ke\u00e7iril\u0259c\u0259k.<\/strong><\/p>\n<p><strong><a target=\"_blank\" href=\"https:\/\/Millinews.az\" rel=\"noopener\">Millinews.az<\/a><\/strong> TASS-a istinad\u0259n x\u0259b\u0259r verir ki, sammit\u0259 Hindistan ev sahibliyi ed\u0259c\u0259k.<\/p>\n<p>Daha \u0259vv\u0259l Hindistan Xarici \u0130\u015fl\u0259r Nazirliyinin s\u00f6z\u00e7\u00fcs\u00fc Arindam Baq\u00e7i bildirib ki, Yeni Delhi art\u0131q G20 onlayn sammitin\u0259 m\u00fcmk\u00fcn q\u0259d\u0259r \u00e7ox liderin i\u015ftirak\u0131 \u00fc\u00e7\u00fcn d\u0259v\u0259tl\u0259r g\u00f6nd\u0259rib.<\/p>\n<p>Xat\u0131rladaq ki, sentyabr\u0131n 9-10-da Yeni Delhid\u0259 ba\u015f tutan G20 sammiti zaman\u0131 Hindistan\u0131n Ba\u015f naziri Narendra Modi noyabrda qrup liderl\u0259rinin virtual formatda g\u00f6r\u00fc\u015f\u00fcn\u00fcn ke\u00e7irilm\u0259sini t\u0259klif edib.<\/p>\n<\/p><\/div>\n<p><script>\n        (function (d, s, id) {\n            var js, fjs = d.getElementsByTagName(s)[0];\n            if (d.getElementById(id)) return;\n            js = d.createElement(s);\n            js.id = id;\n            js.src = \"\/\/connect.facebook.net\/az_AZ\/sdk.js#xfbml=1&version=v2.7&appId=\";\n            fjs.parentNode.insertBefore(js, fjs);\n        }(document, 'script', 'facebook-jssdk'));\n    <\/script><\/p>\n","protected":false},"excerpt":{"rendered":"<p>Noyabr\u0131n 22-d\u0259 &#8220;\u0130yirmilik Qrupu&#8221;nun (G20) onlayn sammiti ke\u00e7iril\u0259c\u0259k. Millinews.az TASS-a istinad\u0259n x\u0259b\u0259r verir ki, sammit\u0259 Hindistan ev sahibliyi ed\u0259c\u0259k. Daha \u0259vv\u0259l Hindistan Xarici \u0130\u015fl\u0259r Nazirliyinin s\u00f6z\u00e7\u00fcs\u00fc Arindam Baq\u00e7i bildirib ki, Yeni Delhi art\u0131q G20 onlayn sammitin\u0259 m\u00fcmk\u00fcn q\u0259d\u0259r \u00e7ox liderin i\u015ftirak\u0131 \u00fc\u00e7\u00fcn d\u0259v\u0259tl\u0259r g\u00f6nd\u0259rib. Xat\u0131rladaq ki, sentyabr\u0131n 9-10-da Yeni Delhid\u0259 ba\u015f tutan G20 sammiti zaman\u0131 &hellip;<\/p>\n","protected":false},"author":1,"featured_media":6614,"comment_status":"open","ping_status":"closed","sticky":false,"template":"","format":"standard","meta":{"footnotes":""},"categories":[9],"tags":[],"class_list":["post-6613","post","type-post","status-publish","format-standard","has-post-thumbnail","hentry","category-xeber"],"_links":{"self":[{"href":"https:\/\/millitv.net\/index.php?rest_route=\/wp\/v2\/posts\/6613","targetHints":{"allow":["GET"]}}],"collection":[{"href":"https:\/\/millitv.net\/index.php?rest_route=\/wp\/v2\/posts"}],"about":[{"href":"https:\/\/millitv.net\/index.php?rest_route=\/wp\/v2\/types\/post"}],"author":[{"embeddable":true,"href":"https:\/\/millitv.net\/index.php?rest_route=\/wp\/v2\/users\/1"}],"replies":[{"embeddable":true,"href":"https:\/\/millitv.net\/index.php?rest_route=%2Fwp%2Fv2%2Fcomments&post=6613"}],"version-history":[{"count":0,"href":"https:\/\/millitv.net\/index.php?rest_route=\/wp\/v2\/posts\/6613\/revisions"}],"wp:featuredmedia":[{"embeddable":true,"href":"https:\/\/millitv.net\/index.php?rest_route=\/wp\/v2\/media\/6614"}],"wp:attachment":[{"href":"https:\/\/millitv.net\/index.php?rest_route=%2Fwp%2Fv2%2Fmedia&parent=6613"}],"wp:term":[{"taxonomy":"category","embeddable":true,"href":"https:\/\/millitv.net\/index.php?rest_route=%2Fwp%2Fv2%2Fcategories&post=6613"},{"taxonomy":"post_tag","embeddable":true,"href":"https:\/\/millitv.net\/index.php?rest_route=%2Fwp%2Fv2%2Ftags&post=6613"}],"curies":[{"name":"wp","href":"https:\/\/api.w.org\/{rel}","templated":true}]}}