{"id":6600,"date":"2023-10-30T15:07:26","date_gmt":"2023-10-30T15:07:26","guid":{"rendered":"https:\/\/millinews.az\/xeber\/zelenskinin-evi-satildi\/"},"modified":"2023-10-30T15:07:26","modified_gmt":"2023-10-30T15:07:26","slug":"zelenskinin-evi-satildi","status":"publish","type":"post","link":"https:\/\/millitv.net\/?p=6600","title":{"rendered":"Zelenskinin evi sat\u0131ld\u0131"},"content":{"rendered":"<p><img decoding=\"async\" src=\"https:\/\/Millinews.az\/storage\/2023\/10\/30\/fotojet_-_2023-10-21t124314.630.jpg\" alt=\"\" title=\"\"><\/p>\n<div id=\"mvp-content-main\">\n<p><strong>Zelenskil\u0259rin h\u0259rraca qoyulan m\u0259nzili 44,3 milyon rubla (809 067 AZN) sat\u0131l\u0131b.<\/strong><\/p>\n<p><strong><a target=\"_blank\" href=\"https:\/\/Millinews.az\" rel=\"noopener\">Millinews.az<\/a><\/strong>-\u0131n m\u0259lumat\u0131na g\u00f6r\u0259, h\u0259min m\u0259nzil Kr\u0131mda yerl\u0259\u015fir.<\/p>\n<p>Qeyd ed\u0259k ki, may\u0131n sonunda Kr\u0131m parlamenti ukraynal\u0131 oliqarx v\u0259 siyas\u0259t\u00e7il\u0259rin aktivl\u0259rinin millil\u0259\u015fdirilm\u0259sin\u0259 s\u0259s vermi\u015fdi. Bu z\u0259mind\u0259 Volodimir Zelenskinin h\u0259yat yolda\u015f\u0131n\u0131n Livadiyadak\u0131 m\u0259nzili h\u0259d\u0259f\u0259 al\u0131naraq h\u0259rraca \u00e7\u0131xar\u0131lm\u0131\u015fd\u0131.<\/p>\n<\/p><\/div>\n<p><script>\n        (function (d, s, id) {\n            var js, fjs = d.getElementsByTagName(s)[0];\n            if (d.getElementById(id)) return;\n            js = d.createElement(s);\n            js.id = id;\n            js.src = \"\/\/connect.facebook.net\/az_AZ\/sdk.js#xfbml=1&version=v2.7&appId=\";\n            fjs.parentNode.insertBefore(js, fjs);\n        }(document, 'script', 'facebook-jssdk'));\n    <\/script><\/p>\n","protected":false},"excerpt":{"rendered":"<p>Zelenskil\u0259rin h\u0259rraca qoyulan m\u0259nzili 44,3 milyon rubla (809 067 AZN) sat\u0131l\u0131b. Millinews.az-\u0131n m\u0259lumat\u0131na g\u00f6r\u0259, h\u0259min m\u0259nzil Kr\u0131mda yerl\u0259\u015fir. Qeyd ed\u0259k ki, may\u0131n sonunda Kr\u0131m parlamenti ukraynal\u0131 oliqarx v\u0259 siyas\u0259t\u00e7il\u0259rin aktivl\u0259rinin millil\u0259\u015fdirilm\u0259sin\u0259 s\u0259s vermi\u015fdi. Bu z\u0259mind\u0259 Volodimir Zelenskinin h\u0259yat yolda\u015f\u0131n\u0131n Livadiyadak\u0131 m\u0259nzili h\u0259d\u0259f\u0259 al\u0131naraq h\u0259rraca \u00e7\u0131xar\u0131lm\u0131\u015fd\u0131.<\/p>\n","protected":false},"author":1,"featured_media":6601,"comment_status":"open","ping_status":"closed","sticky":false,"template":"","format":"standard","meta":{"footnotes":""},"categories":[9],"tags":[],"class_list":["post-6600","post","type-post","status-publish","format-standard","has-post-thumbnail","hentry","category-xeber"],"_links":{"self":[{"href":"https:\/\/millitv.net\/index.php?rest_route=\/wp\/v2\/posts\/6600","targetHints":{"allow":["GET"]}}],"collection":[{"href":"https:\/\/millitv.net\/index.php?rest_route=\/wp\/v2\/posts"}],"about":[{"href":"https:\/\/millitv.net\/index.php?rest_route=\/wp\/v2\/types\/post"}],"author":[{"embeddable":true,"href":"https:\/\/millitv.net\/index.php?rest_route=\/wp\/v2\/users\/1"}],"replies":[{"embeddable":true,"href":"https:\/\/millitv.net\/index.php?rest_route=%2Fwp%2Fv2%2Fcomments&post=6600"}],"version-history":[{"count":0,"href":"https:\/\/millitv.net\/index.php?rest_route=\/wp\/v2\/posts\/6600\/revisions"}],"wp:featuredmedia":[{"embeddable":true,"href":"https:\/\/millitv.net\/index.php?rest_route=\/wp\/v2\/media\/6601"}],"wp:attachment":[{"href":"https:\/\/millitv.net\/index.php?rest_route=%2Fwp%2Fv2%2Fmedia&parent=6600"}],"wp:term":[{"taxonomy":"category","embeddable":true,"href":"https:\/\/millitv.net\/index.php?rest_route=%2Fwp%2Fv2%2Fcategories&post=6600"},{"taxonomy":"post_tag","embeddable":true,"href":"https:\/\/millitv.net\/index.php?rest_route=%2Fwp%2Fv2%2Ftags&post=6600"}],"curies":[{"name":"wp","href":"https:\/\/api.w.org\/{rel}","templated":true}]}}