{"id":6525,"date":"2023-10-30T11:32:36","date_gmt":"2023-10-30T11:32:36","guid":{"rendered":"https:\/\/millinews.az\/xeber\/erm%C9%99nistanin-%C9%99sir-goturduyu-az%C9%99rbaycan-h%C9%99rbcil%C9%99rinin-m%C9%99s%C9%99l%C9%99si-miyatovicl%C9%99-muzakir%C9%99-edilib\/"},"modified":"2023-10-30T11:32:36","modified_gmt":"2023-10-30T11:32:36","slug":"erm%C9%99nistanin-%C9%99sir-goturduyu-az%C9%99rbaycan-h%C9%99rbcil%C9%99rinin-m%C9%99s%C9%99l%C9%99si-miyatovicl%C9%99-muzakir%C9%99-edilib","status":"publish","type":"post","link":"https:\/\/millitv.net\/?p=6525","title":{"rendered":"Erm\u0259nistan\u0131n \u0259sir g\u00f6t\u00fcrd\u00fcy\u00fc Az\u0259rbaycan h\u0259rb\u00e7il\u0259rinin m\u0259s\u0259l\u0259si Miyatovi\u00e7l\u0259 m\u00fczakir\u0259 edilib"},"content":{"rendered":"<div id=\"maincontent\">&#13;<br \/>\n        &#13;<\/p>\n<p><strong>Erm\u0259nistanda \u0259sirlikd\u0259 saxlan\u0131lan Az\u0259rbaycan v\u0259t\u0259nda\u015flar\u0131 il\u0259 ba\u011fl\u0131 m\u0259s\u0259l\u0259 bu yax\u0131nda Az\u0259rbaycanda s\u0259f\u0259rd\u0259 olan Avropa \u015euras\u0131n\u0131n \u0130nsan h\u00fcquqlar\u0131 \u00fczr\u0259 komissar\u0131n\u0131n qar\u015f\u0131s\u0131nda qald\u0131r\u0131l\u0131b.<\/strong><\/p>\n<p><a href=\"http:\/\/apa.az\/\" target=\"_blank\" rel=\"noopener\"><a href=\"https:\/\/Millinews.az\" target=\"_blank\" class=\"kw-link\" rel=\"noopener\">Millinews.az<\/a> x\u0259b\u0259r verir ki, bu bar\u0259d\u0259 Az\u0259rbaycan Respublikas\u0131n\u0131n \u0130nsan H\u00fcquqlar\u0131 \u00fczr\u0259 M\u00fcv\u0259kkili (Ombudsman) S\u0259bin\u0259 \u018fliyeva jurnalistl\u0259r\u0259 a\u00e7\u0131qlamas\u0131nda bildirib. &#13;\n<\/p>\n<p>&#8220;G\u00f6zl\u0259yirik ki, tez bir zamanda x\u0259b\u0259r alaq&#8221; \u2013 Ombudsman qeyd edib.<\/p>\n<p>Qeyd ed\u0259k ki, Nax\u00e7\u0131van Muxtar Respublikas\u0131n\u0131n \u015eahbuz rayonunun Erm\u0259nistanla s\u0259rh\u0259dboyu \u0259razisind\u0259 \u0259lveri\u015fsiz hava \u015f\u0259raitind\u0259 m\u0259hdud g\u00f6rm\u0259 s\u0259b\u0259bind\u0259n Az\u0259rbaycan ordusunun itkin d\u00fc\u015fm\u00fc\u015f \u0259sg\u0259rl\u0259ri &#8211; 2004-c\u00fc il t\u0259v\u0259ll\u00fcdl\u00fc B\u0259birov Aq\u015fin Qabil o\u011flu v\u0259 2003-c\u00fc il t\u0259v\u0259ll\u00fcdl\u00fc Axundov H\u00fcseyn \u018fhliman o\u011flu Erm\u0259nistan t\u0259r\u0259find\u0259n \u0259sir g\u00f6t\u00fcr\u00fcl\u00fcb.<\/p>\n<p>Aq\u015fin B\u0259birov v\u0259 H\u00fcseyn Axundov \u201cErm\u0259nistan\u0131n d\u00f6vl\u0259t s\u0259rh\u0259dini qanunsuz ke\u00e7m\u0259kd\u0259, odlu silah v\u0259 d\u00f6y\u00fc\u015f sursat\u0131 da\u015f\u0131maqda&#8221; ittiham olunurlar, onlar h\u0259bs edilib. H\u00fcseyn Axundov \u201cZ\u0259ng\u0259zur mis-molibden kombinat\u0131n\u0131n g\u00f6z\u0259t\u00e7isini q\u0259tl\u0259 yetirm\u0259kd\u0259\u201d d\u0259 t\u0259qsirl\u0259ndirilir.&#13;<br \/>\n        &#13;<br \/>\n&#13;<br \/>\n        &#13;<br \/>\n&#13;\n        <\/p>\n<p><noscript><\/p>\n<p>You must enable Javascript on your browser for the site to work optimally and display sections completely.<\/p>\n<p><\/noscript>\t\t&#13;<br \/>\n\t\t&#13;\n    <\/div>\n<p><script type=\"text\/javascript\">jQuery(document).ready(function () {\n(function(d, s, id) {\n    var js, fjs = d.getElementsByTagName(s)[0];\n    if (d.getElementById(id))\n        return;\n    js = d.createElement(s);\n    js.id = id;\n    js.src = \"\/\/connect.facebook.net\/az_AZ\/all.js#xfbml=1&appId=1002485763137712\";\n    fjs.parentNode.insertBefore(js, fjs);\n}(document, 'script', 'facebook-jssdk'));                \n});<\/script><\/p>\n","protected":false},"excerpt":{"rendered":"<p>&#13; &#13; Erm\u0259nistanda \u0259sirlikd\u0259 saxlan\u0131lan Az\u0259rbaycan v\u0259t\u0259nda\u015flar\u0131 il\u0259 ba\u011fl\u0131 m\u0259s\u0259l\u0259 bu yax\u0131nda Az\u0259rbaycanda s\u0259f\u0259rd\u0259 olan Avropa \u015euras\u0131n\u0131n \u0130nsan h\u00fcquqlar\u0131 \u00fczr\u0259 komissar\u0131n\u0131n qar\u015f\u0131s\u0131nda qald\u0131r\u0131l\u0131b. Millinews.az x\u0259b\u0259r verir ki, bu bar\u0259d\u0259 Az\u0259rbaycan Respublikas\u0131n\u0131n \u0130nsan H\u00fcquqlar\u0131 \u00fczr\u0259 M\u00fcv\u0259kkili (Ombudsman) S\u0259bin\u0259 \u018fliyeva jurnalistl\u0259r\u0259 a\u00e7\u0131qlamas\u0131nda bildirib. &#13; &#8220;G\u00f6zl\u0259yirik ki, tez bir zamanda x\u0259b\u0259r alaq&#8221; \u2013 Ombudsman qeyd edib. Qeyd ed\u0259k &hellip;<\/p>\n","protected":false},"author":1,"featured_media":6526,"comment_status":"open","ping_status":"closed","sticky":false,"template":"","format":"standard","meta":{"footnotes":""},"categories":[9],"tags":[],"class_list":["post-6525","post","type-post","status-publish","format-standard","has-post-thumbnail","hentry","category-xeber"],"_links":{"self":[{"href":"https:\/\/millitv.net\/index.php?rest_route=\/wp\/v2\/posts\/6525","targetHints":{"allow":["GET"]}}],"collection":[{"href":"https:\/\/millitv.net\/index.php?rest_route=\/wp\/v2\/posts"}],"about":[{"href":"https:\/\/millitv.net\/index.php?rest_route=\/wp\/v2\/types\/post"}],"author":[{"embeddable":true,"href":"https:\/\/millitv.net\/index.php?rest_route=\/wp\/v2\/users\/1"}],"replies":[{"embeddable":true,"href":"https:\/\/millitv.net\/index.php?rest_route=%2Fwp%2Fv2%2Fcomments&post=6525"}],"version-history":[{"count":0,"href":"https:\/\/millitv.net\/index.php?rest_route=\/wp\/v2\/posts\/6525\/revisions"}],"wp:featuredmedia":[{"embeddable":true,"href":"https:\/\/millitv.net\/index.php?rest_route=\/wp\/v2\/media\/6526"}],"wp:attachment":[{"href":"https:\/\/millitv.net\/index.php?rest_route=%2Fwp%2Fv2%2Fmedia&parent=6525"}],"wp:term":[{"taxonomy":"category","embeddable":true,"href":"https:\/\/millitv.net\/index.php?rest_route=%2Fwp%2Fv2%2Fcategories&post=6525"},{"taxonomy":"post_tag","embeddable":true,"href":"https:\/\/millitv.net\/index.php?rest_route=%2Fwp%2Fv2%2Ftags&post=6525"}],"curies":[{"name":"wp","href":"https:\/\/api.w.org\/{rel}","templated":true}]}}