{"id":6517,"date":"2023-10-30T11:06:12","date_gmt":"2023-10-30T11:06:12","guid":{"rendered":"https:\/\/millinews.az\/xeber\/ilham-eliyevd%C9%99n-z%C9%99ng%C9%99zur-d%C9%99hlizi-il%C9%99-bagli-serencam\/"},"modified":"2023-10-30T11:06:12","modified_gmt":"2023-10-30T11:06:12","slug":"ilham-eliyevd%C9%99n-z%C9%99ng%C9%99zur-d%C9%99hlizi-il%C9%99-bagli-serencam","status":"publish","type":"post","link":"https:\/\/millitv.net\/?p=6517","title":{"rendered":"\u0130lham \u018fliyevd\u0259n Z\u0259ng\u0259zur D\u0259hlizi il\u0259 ba\u011fl\u0131 S\u018fR\u018fNCAM"},"content":{"rendered":"<div id=\"maincontent\">&#13;<br \/>\n        &#13;<\/p>\n<p><strong>Prezident \u0130lham \u018fliyev Horadiz\u2013C\u0259bray\u0131l\u2013Z\u0259ngilan\u2013A\u011fb\u0259nd avtomobil yolunun \u0130ran \u0130slam Respublikas\u0131 il\u0259 ba\u011flant\u0131s\u0131n\u0131n v\u0259 Araz \u00e7ay\u0131 \u00fcz\u0259rind\u0259 k\u00f6rp\u00fcn\u00fcn tikintisi i\u015fl\u0259rinin davam etdirilm\u0259si il\u0259 ba\u011fl\u0131 t\u0259dbirl\u0259r haqq\u0131nda S\u0259r\u0259ncam imzalay\u0131b.<\/strong><\/p>\n<p><a href=\"https:\/\/Millinews.az\" target=\"_blank\" class=\"kw-link\" rel=\"noopener\">Millinews.az<\/a> x\u0259b\u0259r verir ki, S\u0259r\u0259ncama \u0259sas\u0259n, Horadiz\u2013C\u0259bray\u0131l\u2013Z\u0259ngilan\u2013A\u011fb\u0259nd avtomobil yolunun \u0130ran \u0130slam Respublikas\u0131 il\u0259 ba\u011flant\u0131s\u0131n\u0131n v\u0259 Araz \u00e7ay\u0131 \u00fcz\u0259rind\u0259 k\u00f6rp\u00fcn\u00fcn tikintisi i\u015fl\u0259rinin davam etdirilm\u0259si m\u0259qs\u0259dil\u0259 Az\u0259rbaycan Respublikas\u0131n\u0131n 2023-c\u00fc il d\u00f6vl\u0259t b\u00fcdc\u0259sind\u0259 n\u0259z\u0259rd\u0259 tutulmu\u015f Az\u0259rbaycan Respublikas\u0131 Prezidentinin ehtiyat fondundan Az\u0259rbaycan Avtomobil Yollar\u0131 D\u00f6vl\u0259t Agentliyin\u0259 14,0 (on d\u00f6rd) milyon manat ayr\u0131l\u0131b. &#13;<br \/>\n&#13;<br \/>\n        &#13;<br \/>\n&#13;<br \/>\n        &#13;<br \/>\n&#13;\n        <\/p>\n<p><noscript><\/p>\n<p>You must enable Javascript on your browser for the site to work optimally and display sections completely.<\/p>\n<p><\/noscript>\t\t&#13;<br \/>\n\t\t&#13;\n    <\/div>\n<p><script type=\"text\/javascript\">jQuery(document).ready(function () {\n(function(d, s, id) {\n    var js, fjs = d.getElementsByTagName(s)[0];\n    if (d.getElementById(id))\n        return;\n    js = d.createElement(s);\n    js.id = id;\n    js.src = \"\/\/connect.facebook.net\/az_AZ\/all.js#xfbml=1&appId=1002485763137712\";\n    fjs.parentNode.insertBefore(js, fjs);\n}(document, 'script', 'facebook-jssdk'));                \n});<\/script><\/p>\n","protected":false},"excerpt":{"rendered":"<p>&#13; &#13; Prezident \u0130lham \u018fliyev Horadiz\u2013C\u0259bray\u0131l\u2013Z\u0259ngilan\u2013A\u011fb\u0259nd avtomobil yolunun \u0130ran \u0130slam Respublikas\u0131 il\u0259 ba\u011flant\u0131s\u0131n\u0131n v\u0259 Araz \u00e7ay\u0131 \u00fcz\u0259rind\u0259 k\u00f6rp\u00fcn\u00fcn tikintisi i\u015fl\u0259rinin davam etdirilm\u0259si il\u0259 ba\u011fl\u0131 t\u0259dbirl\u0259r haqq\u0131nda S\u0259r\u0259ncam imzalay\u0131b. Millinews.az x\u0259b\u0259r verir ki, S\u0259r\u0259ncama \u0259sas\u0259n, Horadiz\u2013C\u0259bray\u0131l\u2013Z\u0259ngilan\u2013A\u011fb\u0259nd avtomobil yolunun \u0130ran \u0130slam Respublikas\u0131 il\u0259 ba\u011flant\u0131s\u0131n\u0131n v\u0259 Araz \u00e7ay\u0131 \u00fcz\u0259rind\u0259 k\u00f6rp\u00fcn\u00fcn tikintisi i\u015fl\u0259rinin davam etdirilm\u0259si m\u0259qs\u0259dil\u0259 Az\u0259rbaycan Respublikas\u0131n\u0131n 2023-c\u00fc &hellip;<\/p>\n","protected":false},"author":1,"featured_media":6518,"comment_status":"open","ping_status":"closed","sticky":false,"template":"","format":"standard","meta":{"footnotes":""},"categories":[9],"tags":[],"class_list":["post-6517","post","type-post","status-publish","format-standard","has-post-thumbnail","hentry","category-xeber"],"_links":{"self":[{"href":"https:\/\/millitv.net\/index.php?rest_route=\/wp\/v2\/posts\/6517","targetHints":{"allow":["GET"]}}],"collection":[{"href":"https:\/\/millitv.net\/index.php?rest_route=\/wp\/v2\/posts"}],"about":[{"href":"https:\/\/millitv.net\/index.php?rest_route=\/wp\/v2\/types\/post"}],"author":[{"embeddable":true,"href":"https:\/\/millitv.net\/index.php?rest_route=\/wp\/v2\/users\/1"}],"replies":[{"embeddable":true,"href":"https:\/\/millitv.net\/index.php?rest_route=%2Fwp%2Fv2%2Fcomments&post=6517"}],"version-history":[{"count":0,"href":"https:\/\/millitv.net\/index.php?rest_route=\/wp\/v2\/posts\/6517\/revisions"}],"wp:featuredmedia":[{"embeddable":true,"href":"https:\/\/millitv.net\/index.php?rest_route=\/wp\/v2\/media\/6518"}],"wp:attachment":[{"href":"https:\/\/millitv.net\/index.php?rest_route=%2Fwp%2Fv2%2Fmedia&parent=6517"}],"wp:term":[{"taxonomy":"category","embeddable":true,"href":"https:\/\/millitv.net\/index.php?rest_route=%2Fwp%2Fv2%2Fcategories&post=6517"},{"taxonomy":"post_tag","embeddable":true,"href":"https:\/\/millitv.net\/index.php?rest_route=%2Fwp%2Fv2%2Ftags&post=6517"}],"curies":[{"name":"wp","href":"https:\/\/api.w.org\/{rel}","templated":true}]}}