{"id":6492,"date":"2023-10-30T10:03:33","date_gmt":"2023-10-30T10:03:33","guid":{"rendered":"https:\/\/millinews.az\/xeber\/az%C9%99rbaycana-bu-olk%C9%99l%C9%99rd%C9%99n-g%C9%99l%C9%99n-turistl%C9%99r-%C9%99r%C9%99bl%C9%99ri-ust%C9%99l%C9%99di\/"},"modified":"2023-10-30T10:03:33","modified_gmt":"2023-10-30T10:03:33","slug":"az%C9%99rbaycana-bu-olk%C9%99l%C9%99rd%C9%99n-g%C9%99l%C9%99n-turistl%C9%99r-%C9%99r%C9%99bl%C9%99ri-ust%C9%99l%C9%99di","status":"publish","type":"post","link":"https:\/\/millitv.net\/?p=6492","title":{"rendered":"Az\u0259rbaycana bu \u00f6lk\u0259l\u0259rd\u0259n g\u0259l\u0259n turistl\u0259r \u0259r\u0259bl\u0259ri \u00fcst\u0259l\u0259di"},"content":{"rendered":"<div id=\"mvp-content-main\">\n<p>Bu ilin ilk 9 ay\u0131nda Az\u0259rbaycana g\u0259l\u0259n turistl\u0259rin say\u0131 \u0259vv\u0259lki ilin uy\u011fun d\u00f6vr\u00fc il\u0259 m\u00fcqayis\u0259d\u0259 32.1 faiz artaraq 1.535 milyon n\u0259f\u0259r\u0259 \u00e7at\u0131b.<strong> <\/strong><\/p>\n<p><strong><a target=\"_blank\" href=\"https:\/\/Millinews.az\" rel=\"noopener\">Millinews.az<\/a><\/strong> x\u0259b\u0259r verir ki, bu bar\u0259d\u0259 <strong>Milli M\u0259clisin \u00fczv\u00fc, iqtisad\u00e7\u0131-ekspert V\u00fcqar Bayramov<\/strong> \u015f\u0259xsi &#8220;Facebook&#8221; hesab\u0131nda m\u0259lumat payla\u015f\u0131b.<\/p>\n<p>G\u0259l\u0259nl\u0259rin say\u0131 \u00c7ind\u0259n- 8,2 d\u0259f\u0259, C\u0259nubi Koreyadan &#8211; 3,4 d\u0259f\u0259, T\u00fcrkm\u0259nistandan &#8211; 2,9 d\u0259f\u0259, Hindistandan &#8211; 2,1 d\u0259f\u0259, Pol\u015fadan &#8211; 2,0 d\u0259f\u0259, Qazax\u0131standan &#8211; 1,9 d\u0259f\u0259, Tacikistandan &#8211; 1,9 d\u0259f\u0259, Misird\u0259n &#8211; 1,8 d\u0259f\u0259, Filippind\u0259n &#8211; 1,8 d\u0259f\u0259, Q\u0131r\u011f\u0131z\u0131standan &#8211; 1,8 d\u0259f\u0259, B\u0259hreynd\u0259n &#8211; 1,6 d\u0259f\u0259, Belarusdan &#8211; 1,6 d\u0259f\u0259, Moldovadan &#8211; 1,6 d\u0259f\u0259, \u00d6zb\u0259kistandan &#8211; 1,6 d\u0259f\u0259, \u0130spaniyadan &#8211; 1,6 d\u0259f\u0259, \u0130taliyadan &#8211; 1,6 d\u0259f\u0259, Rusiya Federasiyas\u0131ndan &#8211; 1,5 d\u0259f\u0259, AB\u015e-dan &#8211; 41,4 faiz, Kanadadan &#8211; 41,1 faiz, \u0130sraild\u0259n &#8211; 34,6 faiz, G\u00fcrc\u00fcstandan &#8211; 31,7 faiz, Niderlanddan &#8211; 30,2 faiz, B\u00f6y\u00fck Britaniyadan &#8211; 26,3 faiz, K\u00fcveytd\u0259n &#8211; 24,0 faiz, Fransadan &#8211; 23,2 faiz, Almaniyadan &#8211; 20,6 faiz, T\u00fcrkiy\u0259d\u0259n &#8211; 20,0 faiz, Birl\u0259\u015fmi\u015f \u018fr\u0259b \u018fmirlikl\u0259rind\u0259n &#8211; 11,6 faiz, Ukraynadan &#8211; 8,6 faiz art\u0131b.<\/p>\n<div class=\"x11i5rnm xat24cr x1mh8g0r x1vvkbs xtlvy1s x126k92a\">\n<div dir=\"auto\" style=\"text-align: start;\">\n<p>V.Bayramov bildirib ki, Az\u0259rbaycana g\u0259l\u0259n turistl\u0259rin co\u011frafi m\u0259n\u015f\u0259 strukturunda \u0259vv\u0259lki ill\u0259rl\u0259 m\u00fcqayis\u0259d\u0259 d\u0259yi\u015fiklik qeyd\u0259 al\u0131n\u0131r: &#8220;Avropal\u0131lar\u0131n say\u0131 art\u0131r, \u018fr\u0259b tursitl\u0259rinin s\u0259f\u0259rl\u0259ri azal\u0131r. K\u00f6rf\u0259z \u00f6lk\u0259l\u0259rind\u0259n g\u0259l\u0259nl\u0259rin say\u0131 9,3 faiz azalsa da, Avropa \u0130ttifaq\u0131ndan g\u0259l\u0259nl\u0259rin say\u0131 39,5 faiz art\u0131b.<\/p>\n<div dir=\"auto\" style=\"text-align: start;\">\n<div dir=\"auto\" style=\"text-align: start;\">\n<div class=\"x11i5rnm xat24cr x1mh8g0r x1vvkbs xtlvy1s x126k92a\">\n<div dir=\"auto\" style=\"text-align: start;\">\n<div dir=\"auto\" style=\"text-align: start;\">&#8220;\u018fr\u0259b turistl\u0259rinin say\u0131n\u0131n azalmas\u0131 alternativ turistik bazarlara mara\u011f\u0131n artmas\u0131 v\u0259 Az\u0259rbaycanda turizm qiym\u0259tl\u0259rinin h\u0259l\u0259 d\u0259 y\u00fcks\u0259k olmas\u0131 il\u0259 \u0259laq\u0259l\u0259ndirilir. Avropadan g\u0259l\u0259nl\u0259rin say\u0131n\u0131n artmas\u0131 is\u0259 pandemiyadan sonra k\u00f6hn\u0259 qit\u0259nin getm\u0259 turizm\u0259 ist\u0259yinin y\u00fcks\u0259lm\u0259si, i\u015fg\u00fczar s\u0259f\u0259rl\u0259rin say\u0131n\u0131n \u00e7oxalmas\u0131 v\u0259 b\u00fct\u00f6vl\u00fckd\u0259 b\u00f6lg\u0259y\u0259 x\u00fcsusi mara\u011f\u0131n artmas\u0131 il\u0259 ba\u011fl\u0131d\u0131r. Eyni zamanda, son ill\u0259r xaricil\u0259rin Az\u0259rbaycanda sa\u011flaml\u0131q turizmin\u0259 d\u0259 mara\u011f\u0131n artmas\u0131 m\u00fc\u015fahid\u0259 olunur.<\/p>\n<div class=\"x11i5rnm xat24cr x1mh8g0r x1vvkbs xtlvy1s x126k92a\">\n<div dir=\"auto\" style=\"text-align: start;\">\n<div dir=\"auto\" style=\"text-align: start;\">Ekspert vur\u011fulay\u0131b ki, turizm enerji sektorundan sonra \u00f6lk\u0259y\u0259 \u0259n \u00e7ox valyuta g\u0259tir\u0259n sektordur. Pandemiyadan \u0259vv\u0259lki il- 2019-cu ild\u0259 \u00f6lk\u0259y\u0259 3 milyondan \u00e7ox turist g\u0259lib v\u0259 \u0259cn\u0259bil\u0259r h\u0259min il Az\u0259rbaycanda 2.6 milyard dollara yax\u0131n v\u0259sait x\u0259rcl\u0259yibl\u0259r: &#8220;Bu bax\u0131mdan, g\u0259l\u0259n turistl\u0259rin \u00f6lk\u0259 m\u0259n\u015f\u0259yinin yenil\u0259nm\u0259si, x\u00fcsus\u0259n d\u0259 Avropa v\u0259 C\u0259nubi-\u015e\u0259rqi Asiyada yerl\u0259\u015f\u0259n d\u00f6vl\u0259tl\u0259r il\u0259 bu sah\u0259d\u0259 \u0259m\u0259kda\u015fl\u0131\u011f\u0131n g\u00fccl\u0259ndirilm\u0259si vacibdir. Bu, turizm g\u0259lirl\u0259rind\u0259 dayan\u0131ql\u0131\u011f\u0131 art\u0131ra bil\u0259r&#8221;.<\/p>\n<div dir=\"auto\" style=\"text-align: start;\">\n<div id=\"mvp-content-bot\" class=\"left\">\n<p>                                                        <!--\n\n<div id=\"mvp-prev-next-wrap\" class=\"left relative\">\n                                                            \n\n<div class=\"mvp-prev-post-wrap left relative\">\n                                                                <a href=\"https:\/\/Millinews.az\/az\/news\/idman\/399969\" target=\"_blank\" rel=\"bookmark noopener\">\n                                                                    \n\n<div class=\"mvp-prev-next-cont left relative\">\n                                                                        \n\n<div class=\"mvp-prev-cont-out right relative\"><span class=\"mvp-prev-arr fa fa-chevron-left left\"><\/span>\n                                                                            \n\n<div class=\"mvp-prev-cont-in\">\n                                                                                \n\n<div class=\"mvp-prev-next-text left relative\"><span class=\"mvp-prev-next-label left relative\">&#399;vv&#601;lki x&#601;b&#601;r<\/span>\n                                                                                    \n\n<p>Az&#601;rbaycanl&#305; hakim UEFA-dan t&#601;yinat ald&#305;<\/p>\n\n<\/div>\n\n\n                                                                            <\/div>\n\n\n                                                                        <\/div>\n\n\n                                                                    <\/div>\n\n\n                                                                <\/a>\n                                                            <\/div>\n\n\n                                                            \n\n<div class=\"mvp-next-post-wrap right relative\">\n                                                                <a href=\"https:\/\/Millinews.az\/az\/news\/siyaset\/399971\" target=\"_blank\" rel=\"bookmark noopener\">\n                                                                    \n\n<div class=\"mvp-prev-next-cont left relative\">\n                                                                        \n\n<div class=\"mvp-next-cont-out left relative\">\n                                                                            \n\n<div class=\"mvp-next-cont-in\">\n                                                                                \n\n<div class=\"mvp-prev-next-text left relative\"><span class=\"mvp-prev-next-label left relative\">Sonrak&#305; x&#601;b&#601;r<\/span>\n                                                                                    \n\n<p>&#350;avkat Mirziyoyev: &quot;Xalqlar&#305;m&#305;z&#305; birl&#601;&#351;dir&#601;n &#601;sas d&#601;y&#601;r m&#601;d&#601;niyy&#601;tdir&quot;<\/p>\n\n<\/div>\n\n\n                                                                            <\/div>\n\n\n                                                                            <span class=\"mvp-next-arr fa fa-chevron-right right\"><\/span><\/div>\n\n\n                                                                    <\/div>\n\n\n                                                                <\/a>\n                                                            <\/div>\n\n\n                                                        <\/div>\n\n--><br \/>\n                                                        <!--\n\n<div id=\"mvp-author-box-wrap\" class=\"left relative\">\n                                                            \n\n<div class=\"mvp-author-box-out right relative\">\n                                                                \n\n<div id=\"mvp-author-box-img\" class=\"left relative\"><img decoding=\"async\" alt=\"\" src=\"https:\/\/Millinews.az\/assets\/main\/images\/no_photo.jpg\" class=\"avatar avatar-60 photo\" height=\"60\" width=\"60\" loading=\"lazy\" title=\"\"><\/div>\n\n\n                                                                \n\n<div class=\"mvp-author-box-in\">\n                                                                    \n\n<div id=\"mvp-author-box-head\" class=\"left relative\"><span class=\"mvp-author-box-name left relative\"><\/span><span class=\"mvp-author-box-name left relative\"><b>H&uuml;seyn &#304;badl&#305;<\/b><\/span>\n                                                                        \n\n<div id=\"mvp-author-box-soc-wrap\" class=\"left relative\"><\/div>\n\n\n                                                                    <\/div>\n\n\n                                                                <\/div>\n\n\n                                                            <\/div>\n\n\n                                                        <\/div>\n\n--><\/p>\n<div class=\"mvp-org-wrap\" itemprop=\"publisher\" itemscope=\"\" itemtype=\"https:\/\/schema.org\/Organization\">\n<div class=\"mvp-org-logo\" itemprop=\"logo\" itemscope=\"\" itemtype=\"https:\/\/schema.org\/ImageObject\">\n                                                                <img decoding=\"async\" src=\"https:\/\/Millinews.az\/assets\/main\/image\/logo-nav.png\" alt=\"https:\/\/Millinews.az\/news\/gundem\/Millinews.az\" title=\"\"><br \/>\n                                                                <meta itemprop=\"url\" content=\"https:\/\/Millinews.az\/assets\/main\/images\/logo-nav.png\"\/>\n                                                            <\/div>\n<p>                                                            <meta itemprop=\"name\" content=\"https:\/\/Millinews.az\/news\/gundem\/Millinews.az\"\/>\n                                                        <\/div>\n<\/p><\/div>\n<p>                                                    <!--\n\n<div id=\"mvp-comments-button\" class=\"left relative mvp-com-click\"><span class=\"mvp-comment-but-text\">R&#601;yl&#601;r<\/span><\/div>\n\n\n                                                    \n\n<div id=\"comments\" class=\"mvp-com-click-id-346 mvp-com-click-main\"><\/div>\n\n-->\n                                                <\/div>\n<p>                                                <a class=\"follow-telegram\" href=\"https:\/\/t.me\/publika_az1\" target=\"_blank\" rel=\"noopener\">&#13;<br \/>\n                                                    <img decoding=\"async\" src=\"https:\/\/Millinews.az\/assets\/images\/telegram-icon.svg\" alt=\"Telegram\" title=\"\">&#13;<br \/>\n                                                    Bizi Telegram-da izl\u0259yin&#13;<br \/>\n                                                <\/a><\/p>\n<p>&#13;<br \/>\n                                                                                                            <iframe src=\"https:\/\/axar.az\/informers\/publika_2x2_az.html\" scrolling=\"no\" frameborder=\"0\" style=\"width: 100%; height: 100px; margin-top: 30px;\"><\/iframe>&#13;<br \/>\n                                                        <iframe src=\"https:\/\/teleqraf.com\/informers\/publika.html\" scrolling=\"no\" frameborder=\"0\" style=\"width: 100%; height: 100px; margin-top: 30px;\"><\/iframe>&#13;<br \/>\n                                                        <iframe src=\"https:\/\/elchi.az\/banner\/cebhe.php\" scrolling=\"no\" frameborder=\"0\" style=\"width: 100%; height: 100px; margin-top: 30px;\"><\/iframe>&#13;\n                                                                                                    <\/p>\n<div class=\"mvp-cont-read-wrap\">\n<p><span class=\"mvp-cont-read-but\">Oxuma\u011fa davam et<\/span><\/p>\n<p><span class=\"mvp-ad-label\">Reklam<\/span>&#13;<br \/>\n                                                        &#13;\n                                                    <\/p>\n<div id=\"mvp-related-posts\" class=\"left relative\">\n<h4 class=\"mvp-widget-home-title\"><span class=\"mvp-widget-home-title\">Siz\u0259 maraql\u0131 g\u0259l\u0259&#13;<br \/>\n                                                                bil\u0259r<\/span><\/h4>\n<\/p><\/div>\n<\/p><\/div>\n<\/p><\/div>\n<\/p><\/div>\n<\/p><\/div>\n<\/p><\/div>\n<p>                                <!--\n\n<div id=\"mvp-post-add-box\">\n                                    \n\n<div id=\"mvp-post-add-wrap\" class=\"left relative\">\n                                        \n\n<div class=\"mvp-post-add-story left relative\">\n                                            \n\n<div class=\"mvp-post-add-head left relative\">\n\n<h3 class=\"mvp-post-cat left relative\"><a class=\"mvp-post-cat-link\" href=\"https:\/\/Millinews.az\/news\/gundem\/dunya\" target=\"_blank\" rel=\"noopener\"><span class=\"mvp-post-cat left\">D&uuml;nya<\/span><\/a><\/h3>\n\n\n                                                \n\n<h1 class=\"mvp-post-title left\">Marmarisd&#601; v&#601;ziyy&#601;t g&#601;rginl&#601;&#351;di, &#399;rdo&#287;an &#601;raziy&#601; getdi - V&#304;DEO<\/h1>\n\n<\/div>\n\n\n                                            \n\n<div class=\"mvp-post-add-body left relative\">\n                                                \n\n<div class=\"mvp-post-add-img left relative\"><img decoding=\"async\" width=\"1000\" height=\"600\" src=\"https:\/\/Millinews.az\/files\/media\/2022\/06\/23\/e7f2060c4effc33f30598d858f69bbe2.png\" class=\"attachment- size- wp-post-image\" alt=\"\" loading=\"lazy\" title=\"\">\n                                                    \n\n<div class=\"mvp-vid-box-wrap mvp-vid-box-mid\"><i class=\"fa fa-2 fa-play\" aria-hidden=\"true\"><\/i><\/div>\n\n\n                                                <\/div>\n\n\n                                                \n\n<div class=\"mvp-post-add-cont left relative\">\n                                                    \n\n<div class=\"mvp-post-add-main right relative\">\n\n<p><strong>T&uuml;rkiy&#601;nin Mu&#287;la &#601;yal&#601;tinin Marmaris rayonunda d&uuml;n&#601;n yerli vaxtla saat 20:00-da ba&#351;lam&#305;&#351; me&#351;&#601; yan&#287;&#305;n&#305;n&#305;n &#601;hat&#601; dair&#601;si geni&#351;l&#601;nib, Prezident R&#601;c&#601;b Tayyib &#399;rdo&#287;an &#601;raziy&#601; gedib.<\/strong><\/p>\n\n\n                                                        \n\n<p><strong><a href=\"https:\/\/Millinews.az\/news\/gundem\/Millinews.az\" target=\"_blank\" rel=\"noopener\">Millinews.az<\/a>&nbsp;<\/strong>&ldquo;Haber Global&rdquo;a istinad&#601;n x&#601;b&#601;r verir ki, &ouml;lk&#601; lideri helikopterl&#601; yan&#287;&#305;n b&ouml;lg&#601;sin&#601; bax&#305;&#351; ke&ccedil;irib.<\/p>\n\n\n                                                        \n\n<div style=\"position:relative;padding-bottom:56.25%;height:0;overflow:hidden;\"><span class=\"fr-video fr-fic fr-dii fr-draggable\" contenteditable=\"false\" style=\"\"><iframe loading=\"lazy\" style=\"width:100%;height:100%;position:absolute;left:0px;top:0px;overflow:hidden;\" frameborder=\"0\" type=\"text\/html\" src=\"https:\/\/www.dailymotion.com\/embed\/video\/x8bwgw9\" width=\"100%\" height=\"100%\" allowfullscreen=\"\"> <\/iframe><\/span><\/div>\n\n\n                                                    <\/div>\n\n\n                                                    \n\n<div class=\"mvp-post-add-link\"><a href=\"https:\/\/Millinews.az\/az\/news\/dunya\/399976\" target=\"_blank\" rel=\"bookmark noopener\"><span class=\"mvp-post-add-link-but\">Oxuma&#287;a davam et<\/span><\/a><\/div>\n\n\n                                                <\/div>\n\n\n                                            <\/div>\n\n\n                                        <\/div>\n\n\n                                        \n\n<div class=\"mvp-post-add-story left relative\">\n                                            \n\n<div class=\"mvp-post-add-head left relative\">\n\n<h3 class=\"mvp-post-cat left relative\"><a class=\"mvp-post-cat-link\" href=\"https:\/\/Millinews.az\/news\/gundem\/dunya\" target=\"_blank\" rel=\"noopener\"><span class=\"mvp-post-cat left\">D&uuml;nya<\/span><\/a><\/h3>\n\n\n                                                \n\n<h1 class=\"mvp-post-title left\">&#350;olts Ukrayna &uuml;&ccedil;&uuml;n &quot;diqt&#601; edilmi&#351; s&uuml;lh&quot;&#601; qar&#351;&#305; &ccedil;&#305;xd&#305;<\/h1>\n\n<\/div>\n\n\n                                            \n\n<div class=\"mvp-post-add-body left relative\">\n                                                \n\n<div class=\"mvp-post-add-img left relative\"><img decoding=\"async\" width=\"1000\" height=\"600\" src=\"https:\/\/Millinews.az\/files\/media\/2022\/06\/22\/91454ab943ed959133c4e7c6cb903c17.jpg\" class=\"attachment- size- wp-post-image\" alt=\"\" loading=\"lazy\" title=\"\"><\/div>\n\n\n                                                \n\n<div class=\"mvp-post-add-cont left relative\">\n                                                    \n\n<div class=\"mvp-post-add-main right relative\">\n\n<p style=\"\"><strong>&quot;Yaln&#305;z Ukrayna &ouml;z g&#601;l&#601;c&#601;yi il&#601; ba&#287;l&#305; q&#601;rar verm&#601;k h&uuml;ququna malikdir&quot;<\/strong><\/p>\n\n\n                                                        \n\n<p style=\"\"><a href=\"https:\/\/Millinews.az\/news\/gundem\/Millinews.az\" target=\"_blank\" rel=\"noopener\"><strong>Millinews.az<\/strong><\/a> x&#601;b&#601;r verir ki, bunu Almaniya kansleri Olaf &#350;olts &quot;Twitter&quot; mikrobloqunda yaz&#305;b.<\/p>\n\n\n                                                        \n\n<p style=\"\">O, Kiyevin arxas&#305;nca raz&#305;la&#351;malara qar&#351;&#305; &ccedil;&#305;x&#305;&#351; edib:<\/p>\n\n\n                                                        \n\n<p style=\"\">&quot;Ukrayna - v&#601; yaln&#305;z Ukrayna - onlara n&#601;yin uy&#287;un oldu&#287;una q&#601;rar verir. Ukraynas&#305;z Ukrayna haqq&#305;nda he&ccedil; n&#601; yoxdur! Biz dan&#305;&#351;&#305;qlardan uza&#287;&#305;q, &ccedil;&uuml;nki Putin &quot;dikt&#601; edilmi&#351; s&uuml;lh&quot;&#601; inan&#305;r. Bizim kursumuzda qalma&#287;&#305;m&#305;z daha vacibdir&quot;.<\/p>\n\n\n                                                        \n\n<p style=\"\">O, h&#601;m&ccedil;inin vur&#287;ulay&#305;b ki, A&#304;, NATO v&#601; G7 qar&#351;&#305;dan g&#601;l&#601;n sammitl&#601;rd&#601; d&uuml;nya demokratik d&ouml;vl&#601;tl&#601;rinin Putin imperializmin&#601; qar&#351;&#305; m&uuml;bariz&#601;d&#601; bir yerd&#601; oldu&#287;unu n&uuml;mayi&#351; etdirm&#601;lidir.<\/p>\n\n\n                                                        \n\n<p style=\"\">Xat&#305;rladaq ki, &#350;olz daha &#601;vv&#601;l demi&#351;di ki , Rusiya Federasiyas&#305;na qar&#351;&#305; sanksiyalar Ukrayna il&#601; &ldquo;&#601;dal&#601;tli raz&#305;la&#351;ma&rdquo; &#601;ld&#601; olunana q&#601;d&#601;r davam ed&#601;c&#601;k.&nbsp;<\/p>\n\n\n                                                        \n\n<p style=\"\">Onun s&ouml;zl&#601;rin&#601; g&ouml;r&#601;, Almaniya Kr&#305;m&#305;n ilhaq&#305;n&#305; q&#601;bul etm&#601;y&#601;c&#601;k, &ccedil;&uuml;nki bu, beyn&#601;lxalq h&uuml;ququ pozacaq.<\/p>\n\n<\/div>\n\n\n                                                    \n\n<div class=\"mvp-post-add-link\"><a href=\"https:\/\/Millinews.az\/az\/news\/dunya\/399975\" target=\"_blank\" rel=\"bookmark noopener\"><span class=\"mvp-post-add-link-but\">Oxuma&#287;a davam et<\/span><\/a><\/div>\n\n\n                                                <\/div>\n\n\n                                            <\/div>\n\n\n                                        <\/div>\n\n\n                                        \n\n<div class=\"mvp-post-add-story left relative\">\n                                            \n\n<div class=\"mvp-post-add-head left relative\">\n\n<h3 class=\"mvp-post-cat left relative\"><a class=\"mvp-post-cat-link\" href=\"https:\/\/Millinews.az\/news\/gundem\/dunya\" target=\"_blank\" rel=\"noopener\"><span class=\"mvp-post-cat left\">D&uuml;nya<\/span><\/a><\/h3>\n\n\n                                                \n\n<h1 class=\"mvp-post-title left\">T&uuml;rkiy&#601;d&#601; me&#351;&#601; yan&#287;&#305;n&#305; yenid&#601;n ALOVLANDI &quot;T&#601;xribat &#351;&uuml;bh&#601;l&#601;ri var&quot; - FOTO - V&#304;DEO - YEN&#304;L&#399;ND&#304;<\/h1>\n\n<\/div>\n\n\n                                            \n\n<div class=\"mvp-post-add-body left relative\">\n                                                \n\n<div class=\"mvp-post-add-img left relative\"><img decoding=\"async\" width=\"1000\" height=\"600\" src=\"https:\/\/Millinews.az\/files\/media\/2022\/06\/22\/2592dce7f3e950caca48e7798fc3bc25.jpg\" class=\"attachment- size- wp-post-image\" alt=\"\" loading=\"lazy\" title=\"\">\n                                                    \n\n<div class=\"mvp-vid-box-wrap mvp-vid-box-mid\"><i class=\"fa fa-2 fa-photo-video\" aria-hidden=\"true\"><\/i><\/div>\n\n\n                                                <\/div>\n\n\n                                                \n\n<div class=\"mvp-post-add-cont left relative\">\n                                                    \n\n<div class=\"mvp-post-add-main right relative\">\n\n<p style=\"\"><strong>&quot;K&uuml;l&#601;k v&#601; temperaturun artmas&#305; yan&#287;&#305;n&#305; yenid&#601;n alovland&#305;rd&#305;&quot;.<\/strong><\/p>\n\n\n                                                        \n\n<p><strong><a href=\"https:\/\/Millinews.az\/news\/gundem\/Millinews.az\" target=\"_blank\" rel=\"noopener\">Millinews.az<\/a>&nbsp;<\/strong>&quot;TRT Haber&quot;&#601; istinadla x&#601;b&#601;r verir ki, bunu K&#601;nd T&#601;s&#601;rr&uuml;fat&#305; v&#601; Me&#351;&#601; Naziri Vahit Kiri&#351;&ccedil;i Marmarisd&#601; ba&#351; ver&#601;n me&#351;&#601; yan&#287;&#305;n&#305; il&#601; ba&#287;l&#305; dan&#305;&#351;ark&#601;n deyib.<\/p>\n\n\n                                                        \n\n<p>Nazir deyib ki, yan&#287;&#305;nla m&uuml;bariz&#601;nin &ccedil;&#601;tin &#351;&#601;rtl&#601;r alt&#305;nda davam edir.<\/p>\n\n\n                                                        \n\n<p>Kiri&#351;&ccedil;i haz&#305;rda sah&#601;d&#601; 2 600 &#351;&#601;xsi heyy&#601;tin &ccedil;al&#305;&#351;d&#305;&#287;&#305;n&#305; bildirib. O, h&#601;m&ccedil;inin deyib ki, havadan m&uuml;daxil&#601; &uuml;&ccedil;&uuml;n istifad&#601; edil&#601;n vasit&#601;l&#601;rin say&#305; 41-&#601; &ccedil;at&#305;b.<\/p>\n\n\n                                                        \n\n<p>&quot;Ehtiyat t&#601;dbiri olaraq 151 n&#601;f&#601;rin evl&#601;rind&#601;n t&#601;xliy&#601; edilib. Yan&#287;&#305;nla ba&#287;l&#305; t&#601;xribat &#351;&uuml;bh&#601;l&#601;ri d&#601; var&quot;, - nazir deyib.<\/p>\n\n\n                                                        \n\n<p>\n                                                            <iframe loading=\"lazy\" width=\"100%\" height=\"450\" src=\"https:\/\/ok.ru\/videoembed\/3396703947327\" frameborder=\"0\" allowfullscreen=\"\"><\/iframe>\n                                                        <\/p>\n\n\n                                                        \n\n<p><strong>xxx<\/strong><\/p>\n\n\n                                                        \n\n<p><strong>21:06<\/strong><\/p>\n\n\n                                                        \n\n<p><strong>T&uuml;rkiy&#601;nin Mu&#287;la &#601;yal&#601;tinin Marmaris rayonunda ba&#351; ver&#601;n me&#351;&#601; yan&#287;&#305;n&#305; b&ouml;y&uuml;k &ouml;l&ccedil;&uuml;d&#601; n&#601;zar&#601;t alt&#305;na al&#305;n&#305;b.<\/strong><\/p>\n\n\n                                                        \n\n<p><strong><a href=\"https:\/\/report.az\/region-xeberleri\/turkiyede-mese-yangini-nezaret-altina-alinib\/\" target=\"_blank\" rel=\"noopener\"><\/a><a href=\"https:\/\/Millinews.az\/news\/gundem\/Millinews.az\" target=\"_blank\" rel=\"noopener\">Millinews.az<\/a>&nbsp;<\/strong>&quot;TRT Haber&quot;&#601; istinadla x&#601;b&#601;r verir ki, bu bar&#601;d&#601; k&#601;nd t&#601;s&#601;rr&uuml;fat&#305; v&#601; me&#351;&#601;&ccedil;ilik naziri Vahit Kiri&#351;&ccedil;i bildirib.<\/p>\n\n\n                                                        \n\n<p>O, daxili i&#351;l&#601;r naziri S&uuml;leyman Soylu il&#601; birg&#601; yan&#287;&#305;nla m&uuml;bariz&#601;ni bilavasit&#601; b&ouml;lg&#601;d&#601;n izl&#601;m&#601;y&#601; davam edir.<\/p>\n\n\n                                                        \n\n<p>Nazirin s&ouml;zl&#601;rin&#601; g&ouml;r&#601;, yan&#287;&#305;nla m&uuml;bariz&#601;y&#601; 20 helikopter v&#601; 14 t&#601;yyar&#601; c&#601;lb edilib.<\/p>\n\n\n                                                        \n\n<p>Qeyd ed&#601;k ki, yan&#287;&#305;n iyunun 21-d&#601; saat 20.00 rad&#601;l&#601;rind&#601; ba&#351;lay&#305;b v&#601; k&uuml;l&#601;yin t&#601;siri il&#601; &#601;trafa yay&#305;l&#305;b.<\/p>\n\n\n                                                        \n\n<p><strong>xxx<\/strong><\/p>\n\n\n                                                        \n\n<p><strong>03:43<\/strong><\/p>\n\n\n                                                        \n\n<p><strong>T&uuml;rkiy&#601;nin Mu&#287;la vilay&#601;tind&#601; yerl&#601;&#351;&#601;n me&#351;&#601;lik &#601;razil&#601;rd&#601; &uuml;&ccedil; f&#601;rqli n&ouml;qt&#601;d&#601; eyni zamanda yan&#287;&#305;n ba&#351; verib.<\/strong><\/p>\n\n\n                                                        \n\n<p><strong><a href=\"https:\/\/Millinews.az\/news\/gundem\/Millinews.az\" target=\"_blank\" rel=\"noopener\">Millinews.az<\/a><\/strong> x&#601;b&#601;r verir ki, hadis&#601; il&#601; ba&#287;l&#305; m&#601;lumat ver&#601;n T&uuml;rkiy&#601;nin k&#601;nd t&#601;s&#601;rr&uuml;fat&#305; v&#601; me&#351;&#601;&ccedil;ilik naziri Vahid Kiri&#351;&ccedil;i haz&#305;rda yan&#287;&#305;n&#305;n s&ouml;nd&uuml;r&uuml;lm&#601;si istiqam&#601;tind&#601; i&#351;l&#601;rin davam etdiyini bildirib.<\/p>\n\n\n                                                        \n\n<p>Son m&#601;lumata &#601;sas&#601;n, g&uuml;cl&uuml; k&uuml;l&#601;k s&#601;b&#601;bind&#601;n yan&#287;&#305;n&#305; n&#601;zar&#601;t alt&#305;na almaq m&uuml;mk&uuml;n deyil. Havan&#305;n qaralmas&#305; il&#601; t&#601;yyar&#601; v&#601; helikopterl&#601;rin yan&#287;&#305;na m&uuml;daxil&#601;si d&#601; &ccedil;&#601;tinl&#601;&#351;ib. Yan&#287;&#305;n&#305;n ba&#351; verdiyi b&ouml;lg&#601;y&#601; ged&#601;n yollar n&#601;zar&#601;t alt&#305;na al&#305;n&#305;b, &#601;raziy&#601; giri&#351;l&#601;r qada&#287;an olunub.<\/p>\n\n\n                                                        \n\n<p>B&ouml;lg&#601;y&#601; &ccedil;ox sayda yan&#287;&#305;ns&ouml;nd&uuml;r&#601;n ma&#351;&#305;n v&#601; 600-&#601; yax&#305;n canl&#305; q&uuml;vv&#601; c&#601;lb olunub.<\/p>\n\n\n                                                        \n\n<p>Hidrometeoroloqlar iyunun 22-i g&uuml;norta saatlar&#305;ndan etibar&#601;n k&uuml;l&#601;yin t&#601;sirinin artaca&#287;&#305;n&#305; proqnozla&#351;d&#305;r&#305;rlar. Bu s&#601;b&#601;bd&#601;n &ccedil;ox sayda helikopter v&#601; t&#601;yyar&#601; il&#601; havadan s&ouml;nd&uuml;rm&#601; i&#351;l&#601;rinin apar&#305;lmas&#305; planla&#351;d&#305;r&#305;l&#305;r.<\/p>\n\n\n                                                        \n\n<p>Hadis&#601; il&#601; ba&#287;l&#305; T&uuml;rkiy&#601;nin T&#601;bii F&#601;lak&#601;t v&#601; F&ouml;vq&#601;lad&#601; Hallar Agentliyind&#601;n (AFAD) veril&#601;n son a&ccedil;&#305;qlamada &ouml;lk&#601;nin Burdur, Ayd&#305;n, D&#601;nizli v&#601; Antalya vilay&#601;tl&#601;rind&#601;n m&uuml;t&#601;x&#601;ssisl&#601;rin b&ouml;lg&#601;y&#601; c&#601;lb edildiyi, Afyonkarahisar, K&uuml;tahya, &#304;zmir v&#601; U&#351;akda yerl&#601;&#351;&#601;n qruplar&#305;n is&#601; h&#601;y&#601;can v&#601;ziyy&#601;tin&#601; g&#601;tirildiyi bildirilir.<\/p>\n\n\n                                                        \n\n<p>T&uuml;rkiy&#601;nin k&#601;nd t&#601;s&#601;rr&uuml;fat&#305; v&#601; me&#351;&#601;&ccedil;ilik naziri Vahid Kiri&#351;&ccedil;i il&#601; daxili i&#351;l&#601;r naziri S&uuml;leyman Soylu yan&#287;&#305;n il&#601; ba&#287;l&#305; i&#351;l&#601;ri ara&#351;d&#305;rmaq &uuml;&ccedil;&uuml;n b&ouml;lg&#601;y&#601; h&#601;r&#601;k&#601;t edibl&#601;r.<\/p>\n\n\n                                                        \n\n<p><strong>xxx<\/strong><\/p>\n\n\n                                                        \n\n<p><strong>23:49 - 21.06.22<\/strong><\/p>\n\n\n                                                        \n\n<p><strong>T&uuml;rkiy&#601;nin c&#601;nubunda yerl&#601;&#351;&#601;n Marmarisd&#601; b&ouml;y&uuml;k me&#351;&#601; yan&#287;&#305;n&#305; ba&#351; verib,&nbsp;<\/strong><\/p>\n\n\n                                                        \n\n<p><a href=\"https:\/\/Millinews.az\/news\/gundem\/Millinews.az\" target=\"_blank\" rel=\"noopener\"><strong>Millinews.az<\/strong><\/a> Mu&#287;la vilay&#601;tinin regional me&#351;&#601; t&#601;s&#601;rr&uuml;fat&#305; idar&#601;sin&#601; istinadla x&#601;b&#601;r verir.<\/p>\n\n\n                                                        \n\n<p>Yan&#287;&#305;n yerli vaxtla saat 19.58-d&#601; ba&#351; verib.&nbsp;Onun s&ouml;nd&uuml;r&uuml;lm&#601;sin&#601; iki helikopterin c&#601;lb olundu&#287;u, lakin g&uuml;cl&uuml; k&uuml;l&#601;yin &#601;sm&#601;si s&#601;b&#601;bind&#601;n yan&#287;&#305;n&#305;n geni&#351;l&#601;nm&#601;kd&#601; davam etdiyi qeyd edilir.<\/p>\n\n\n                                                        \n\n<p>Birinci m&#601;rh&#601;l&#601;d&#601; h&#601;m qurudan, h&#601;m d&#601; havadan yan&#287;&#305;ns&ouml;nd&uuml;rm&#601; briqadalar&#305; yan&#287;&#305;nla m&uuml;bariz&#601;y&#601; qo&#351;ulub.<\/p>\n\n\n                                                        \n\n<p>\n                                                            <iframe loading=\"lazy\" width=\"100%\" height=\"450\" src=\"https:\/\/ok.ru\/videoembed\/3392012290623\" frameborder=\"0\" allowfullscreen=\"\"><\/iframe>\n                                                        <\/p>\n\n\n                                                        \n\n<p>\n                                                            <iframe loading=\"lazy\" width=\"100%\" height=\"450\" frameborder=\"0\" src=\"https:\/\/www.trthaber.com\/dosyalar\/videolar\/fa539b418bb7ae7ca1ae8b856b092ba3.mp4\"><\/iframe>\n                                                        <\/p>\n\n\n                                                    <\/div>\n\n\n                                                    \n\n<div class=\"mvp-post-add-link\"><a href=\"https:\/\/Millinews.az\/az\/news\/dunya\/399802\" target=\"_blank\" rel=\"bookmark noopener\"><span class=\"mvp-post-add-link-but\">Oxuma&#287;a davam et<\/span><\/a><\/div>\n\n\n                                                <\/div>\n\n\n                                            <\/div>\n\n\n                                        <\/div>\n\n\n                                    <\/div>\n\n\n                                <\/div>\n\n-->\n                            <\/div>\n<\/p><\/div>\n<\/p><\/div>\n<\/p><\/div>\n<\/p><\/div>\n<\/p><\/div>\n<div class=\"side-banner right\">\n    <a href=\"https:\/\/aptekonline.az\/qr\/\" target=\"_blank\" rel=\"noopener\">&#13;<br \/>\n        <img decoding=\"async\" src=\"https:\/\/Millinews.az\/assets\/ads\/kanon_200x873_05102023.gif\" alt=\"Kanon\" title=\"\">&#13;<br \/>\n        <!--<video autoplay=\"\" muted=\"\" loop=\"\" id=\"banner-video\">\n<source src=\"https:\/\/Millinews.az\/assets\/ads\/aptekonline_160x600fin.mp4\" type=\"video\/mp4\">\n<\/video>-->&#13;<br \/>\n    <\/a>\n<\/div>\n<\/div>\n<p><script>\n        (function (d, s, id) {\n            var js, fjs = d.getElementsByTagName(s)[0];\n            if (d.getElementById(id)) return;\n            js = d.createElement(s);\n            js.id = id;\n            js.src = \"\/\/connect.facebook.net\/az_AZ\/sdk.js#xfbml=1&version=v2.7&appId=\";\n            fjs.parentNode.insertBefore(js, fjs);\n        }(document, 'script', 'facebook-jssdk'));\n    <\/script><\/p>\n","protected":false},"excerpt":{"rendered":"<p>Bu ilin ilk 9 ay\u0131nda Az\u0259rbaycana g\u0259l\u0259n turistl\u0259rin say\u0131 \u0259vv\u0259lki ilin uy\u011fun d\u00f6vr\u00fc il\u0259 m\u00fcqayis\u0259d\u0259 32.1 faiz artaraq 1.535 milyon n\u0259f\u0259r\u0259 \u00e7at\u0131b. Millinews.az x\u0259b\u0259r verir ki, bu bar\u0259d\u0259 Milli M\u0259clisin \u00fczv\u00fc, iqtisad\u00e7\u0131-ekspert V\u00fcqar Bayramov \u015f\u0259xsi &#8220;Facebook&#8221; hesab\u0131nda m\u0259lumat payla\u015f\u0131b. G\u0259l\u0259nl\u0259rin say\u0131 \u00c7ind\u0259n- 8,2 d\u0259f\u0259, C\u0259nubi Koreyadan &#8211; 3,4 d\u0259f\u0259, T\u00fcrkm\u0259nistandan &#8211; 2,9 d\u0259f\u0259, Hindistandan &#8211; &hellip;<\/p>\n","protected":false},"author":1,"featured_media":6493,"comment_status":"open","ping_status":"closed","sticky":false,"template":"","format":"standard","meta":{"footnotes":""},"categories":[9],"tags":[],"class_list":["post-6492","post","type-post","status-publish","format-standard","has-post-thumbnail","hentry","category-xeber"],"_links":{"self":[{"href":"https:\/\/millitv.net\/index.php?rest_route=\/wp\/v2\/posts\/6492","targetHints":{"allow":["GET"]}}],"collection":[{"href":"https:\/\/millitv.net\/index.php?rest_route=\/wp\/v2\/posts"}],"about":[{"href":"https:\/\/millitv.net\/index.php?rest_route=\/wp\/v2\/types\/post"}],"author":[{"embeddable":true,"href":"https:\/\/millitv.net\/index.php?rest_route=\/wp\/v2\/users\/1"}],"replies":[{"embeddable":true,"href":"https:\/\/millitv.net\/index.php?rest_route=%2Fwp%2Fv2%2Fcomments&post=6492"}],"version-history":[{"count":0,"href":"https:\/\/millitv.net\/index.php?rest_route=\/wp\/v2\/posts\/6492\/revisions"}],"wp:featuredmedia":[{"embeddable":true,"href":"https:\/\/millitv.net\/index.php?rest_route=\/wp\/v2\/media\/6493"}],"wp:attachment":[{"href":"https:\/\/millitv.net\/index.php?rest_route=%2Fwp%2Fv2%2Fmedia&parent=6492"}],"wp:term":[{"taxonomy":"category","embeddable":true,"href":"https:\/\/millitv.net\/index.php?rest_route=%2Fwp%2Fv2%2Fcategories&post=6492"},{"taxonomy":"post_tag","embeddable":true,"href":"https:\/\/millitv.net\/index.php?rest_route=%2Fwp%2Fv2%2Ftags&post=6492"}],"curies":[{"name":"wp","href":"https:\/\/api.w.org\/{rel}","templated":true}]}}