{"id":6484,"date":"2023-10-30T09:25:28","date_gmt":"2023-10-30T09:25:28","guid":{"rendered":"https:\/\/millinews.az\/xeber\/h%C9%99rbcil%C9%99rin-bu-olk%C9%99l%C9%99r%C9%99-s%C9%99f%C9%99ri-qadagan-edilir\/"},"modified":"2023-10-30T09:25:28","modified_gmt":"2023-10-30T09:25:28","slug":"h%C9%99rbcil%C9%99rin-bu-olk%C9%99l%C9%99r%C9%99-s%C9%99f%C9%99ri-qadagan-edilir","status":"publish","type":"post","link":"https:\/\/millitv.net\/?p=6484","title":{"rendered":"H\u0259rb\u00e7il\u0259rin bu \u00f6lk\u0259l\u0259r\u0259 s\u0259f\u0259ri qada\u011fan edilir"},"content":{"rendered":"<p><img decoding=\"async\" src=\"https:\/\/Millinews.az\/storage\/2020\/03\/06\/camadan.jpg\" alt=\"\" title=\"\"><\/p>\n<div id=\"mvp-content-main\">\n<p><strong>Litva \u00f6z \u00f6lk\u0259sinin ordusunun Litvan\u0131n milli t\u0259hl\u00fck\u0259sizliyin\u0259 t\u0259hdid yaradan \u00f6lk\u0259l\u0259r\u0259 s\u0259f\u0259rini qada\u011fan etm\u0259yi planla\u015fd\u0131r\u0131r.<\/strong><\/p>\n<p><strong><a target=\"_blank\" href=\"https:\/\/Millinews.az\" rel=\"noopener\">Millinews.az<\/a><\/strong> LRT-y\u0259 istinad\u0259n x\u0259b\u0259r verir ki, m\u00fcdafi\u0259 naziri Arvydas Anusauskas Seymd\u0259 (Litva parlamenti-red.) m\u00fcvafiq d\u0259yi\u015fikliyi t\u0259klif edib.<\/p>\n<p>Qanun layih\u0259sin\u0259 \u0259sas\u0259n, pe\u015f\u0259kar h\u0259rb\u00e7il\u0259rin \u00f6lk\u0259y\u0259 giri\u015finin qada\u011fan olundu\u011fu \u00f6lk\u0259 v\u0259 \u0259razil\u0259r h\u00f6kum\u0259t t\u0259r\u0259find\u0259n t\u0259sdiql\u0259n\u0259c\u0259k.<\/p>\n<p>Bundan \u0259lav\u0259, h\u0259rbi qulluq\u00e7ular\u0131n \u015f\u0259xsi s\u0259b\u0259bl\u0259r\u0259 g\u00f6r\u0259 dost olmayan \u00f6lk\u0259y\u0259 s\u0259f\u0259r etm\u0259li olduqlar\u0131, habel\u0259 x\u00fcsusi b\u0259yannam\u0259 doldurark\u0259n onlara s\u0259f\u0259r\u0259 icaz\u0259 verildiyi hallarda bir s\u0131ra istisnalar m\u00fc\u0259yy\u0259n edil\u0259c\u0259k.<\/p>\n<p>\u201cRusiya v\u0259 Belarusun k\u0259\u015ffiyyat v\u0259 t\u0259hl\u00fck\u0259sizlik xidm\u0259tl\u0259ri bu \u00f6lk\u0259l\u0259rin \u0259razil\u0259rin\u0259 s\u0259f\u0259r ed\u0259n Litva v\u0259t\u0259nda\u015flar\u0131na qar\u015f\u0131 aktiv k\u0259\u015ffiyyat \u0259m\u0259liyyatlar\u0131 h\u0259yata ke\u00e7irir. Litva \u0259sg\u0259rl\u0259rinin bu \u00f6lk\u0259l\u0259r\u0259 getm\u0259si onlara qar\u015f\u0131 h\u0259rbi xidm\u0259t\u0259 c\u0259lb olunma v\u0259 dig\u0259r d\u00fc\u015fm\u0259n\u00e7ilik h\u0259r\u0259k\u0259tl\u0259ri ehtimal\u0131n\u0131 v\u0259 riskini art\u0131r\u0131r\u201d, &#8211; qanun layih\u0259sinin izahat\u0131nda deyilir.<\/p>\n<p><strong>Ad\u0259m<\/strong><\/p>\n<\/p><\/div>\n<p><script>\n        (function (d, s, id) {\n            var js, fjs = d.getElementsByTagName(s)[0];\n            if (d.getElementById(id)) return;\n            js = d.createElement(s);\n            js.id = id;\n            js.src = \"\/\/connect.facebook.net\/az_AZ\/sdk.js#xfbml=1&version=v2.7&appId=\";\n            fjs.parentNode.insertBefore(js, fjs);\n        }(document, 'script', 'facebook-jssdk'));\n    <\/script><\/p>\n","protected":false},"excerpt":{"rendered":"<p>Litva \u00f6z \u00f6lk\u0259sinin ordusunun Litvan\u0131n milli t\u0259hl\u00fck\u0259sizliyin\u0259 t\u0259hdid yaradan \u00f6lk\u0259l\u0259r\u0259 s\u0259f\u0259rini qada\u011fan etm\u0259yi planla\u015fd\u0131r\u0131r. Millinews.az LRT-y\u0259 istinad\u0259n x\u0259b\u0259r verir ki, m\u00fcdafi\u0259 naziri Arvydas Anusauskas Seymd\u0259 (Litva parlamenti-red.) m\u00fcvafiq d\u0259yi\u015fikliyi t\u0259klif edib. Qanun layih\u0259sin\u0259 \u0259sas\u0259n, pe\u015f\u0259kar h\u0259rb\u00e7il\u0259rin \u00f6lk\u0259y\u0259 giri\u015finin qada\u011fan olundu\u011fu \u00f6lk\u0259 v\u0259 \u0259razil\u0259r h\u00f6kum\u0259t t\u0259r\u0259find\u0259n t\u0259sdiql\u0259n\u0259c\u0259k. Bundan \u0259lav\u0259, h\u0259rbi qulluq\u00e7ular\u0131n \u015f\u0259xsi s\u0259b\u0259bl\u0259r\u0259 g\u00f6r\u0259 dost olmayan &hellip;<\/p>\n","protected":false},"author":1,"featured_media":6485,"comment_status":"open","ping_status":"closed","sticky":false,"template":"","format":"standard","meta":{"footnotes":""},"categories":[9],"tags":[],"class_list":["post-6484","post","type-post","status-publish","format-standard","has-post-thumbnail","hentry","category-xeber"],"_links":{"self":[{"href":"https:\/\/millitv.net\/index.php?rest_route=\/wp\/v2\/posts\/6484","targetHints":{"allow":["GET"]}}],"collection":[{"href":"https:\/\/millitv.net\/index.php?rest_route=\/wp\/v2\/posts"}],"about":[{"href":"https:\/\/millitv.net\/index.php?rest_route=\/wp\/v2\/types\/post"}],"author":[{"embeddable":true,"href":"https:\/\/millitv.net\/index.php?rest_route=\/wp\/v2\/users\/1"}],"replies":[{"embeddable":true,"href":"https:\/\/millitv.net\/index.php?rest_route=%2Fwp%2Fv2%2Fcomments&post=6484"}],"version-history":[{"count":0,"href":"https:\/\/millitv.net\/index.php?rest_route=\/wp\/v2\/posts\/6484\/revisions"}],"wp:featuredmedia":[{"embeddable":true,"href":"https:\/\/millitv.net\/index.php?rest_route=\/wp\/v2\/media\/6485"}],"wp:attachment":[{"href":"https:\/\/millitv.net\/index.php?rest_route=%2Fwp%2Fv2%2Fmedia&parent=6484"}],"wp:term":[{"taxonomy":"category","embeddable":true,"href":"https:\/\/millitv.net\/index.php?rest_route=%2Fwp%2Fv2%2Fcategories&post=6484"},{"taxonomy":"post_tag","embeddable":true,"href":"https:\/\/millitv.net\/index.php?rest_route=%2Fwp%2Fv2%2Ftags&post=6484"}],"curies":[{"name":"wp","href":"https:\/\/api.w.org\/{rel}","templated":true}]}}