{"id":6477,"date":"2023-10-30T08:58:59","date_gmt":"2023-10-30T08:58:59","guid":{"rendered":"https:\/\/millinews.az\/xeber\/zakir-h%C9%99s%C9%99novun-cin%C9%99-s%C9%99f%C9%99ri-davam-edir\/"},"modified":"2023-10-30T08:58:59","modified_gmt":"2023-10-30T08:58:59","slug":"zakir-h%C9%99s%C9%99novun-cin%C9%99-s%C9%99f%C9%99ri-davam-edir","status":"publish","type":"post","link":"https:\/\/millitv.net\/?p=6477","title":{"rendered":"Zakir H\u0259s\u0259novun \u00c7in\u0259 s\u0259f\u0259ri davam edir"},"content":{"rendered":"<div id=\"maincontent\">&#13;<br \/>\n        &#13;<\/p>\n<p><strong>Az\u0259rbaycan Respublikas\u0131n\u0131n m\u00fcdafi\u0259 naziri general-polkovnik Zakir H\u0259s\u0259novun \u00c7in Xalq Respublikas\u0131na i\u015fg\u00fczar s\u0259f\u0259ri davam edir.<\/strong><\/p>\n<p><a href=\"https:\/\/Millinews.az\" target=\"_blank\" class=\"kw-link\" rel=\"noopener\">Millinews.az<\/a> x\u0259b\u0259r verir ki, bu bar\u0259d\u0259 M\u00fcdafi\u0259 Nazirliyind\u0259n m\u0259lumat verilib. &#13;\n<\/p>\n<p>S\u0259f\u0259r \u00e7\u0259r\u00e7iv\u0259sind\u0259 general-polkovnik Z.H\u0259s\u0259nov Az\u0259rbaycan Respublikas\u0131n\u0131n \u00c7in Xalq Respublikas\u0131ndak\u0131 S\u0259firliyini ziyar\u0259t edib. Burada Az\u0259rbaycan xalq\u0131n\u0131n \u00dcmummilli Lideri Heyd\u0259r \u018fliyevin abid\u0259si \u00f6n\u00fcn\u0259 g\u00fcl d\u0259st\u0259l\u0259ri qoyularaq xatir\u0259si d\u0259rin ehtiramla yad edilib.<\/p>\n<p>Sonra m\u00fcdafi\u0259 naziri \u00c7inin m\u00fcdafi\u0259 s\u0259nayesi kompleksin\u0259 daxil olan bir ne\u00e7\u0259 \u015firk\u0259t r\u0259hb\u0259rl\u0259ri il\u0259 g\u00f6r\u00fc\u015f\u00fcb.<\/p>\n<p>\u00d6lk\u0259mizin \u00c7in Xalq Respublikas\u0131ndak\u0131 f\u00f6vq\u0259lad\u0259 v\u0259 s\u0259lahiyy\u0259tli s\u0259firi B\u00fcnyad H\u00fcseynovun da i\u015ftirak etdiyi g\u00f6r\u00fc\u015fl\u0259rd\u0259 birg\u0259 \u0259m\u0259kda\u015fl\u0131\u011f\u0131n cari v\u0259ziyy\u0259ti v\u0259 inki\u015faf perspektivl\u0259ri m\u00fczakir\u0259 edilib, el\u0259c\u0259 d\u0259 qar\u015f\u0131l\u0131ql\u0131 maraq do\u011furan dig\u0259r m\u0259s\u0259l\u0259l\u0259r\u0259 dair \u0259trafl\u0131 fikir m\u00fcbadil\u0259si apar\u0131l\u0131b.&#13;<br \/>\n        &#13;<br \/>\n&#13;<br \/>\n        &#13;<br \/>\n&#13;\n        <\/p>\n<p><noscript><\/p>\n<p>You must enable Javascript on your browser for the site to work optimally and display sections completely.<\/p>\n<p><\/noscript>\t\t&#13;<br \/>\n\t\t&#13;\n    <\/div>\n<p><script type=\"text\/javascript\">jQuery(document).ready(function () {\n(function(d, s, id) {\n    var js, fjs = d.getElementsByTagName(s)[0];\n    if (d.getElementById(id))\n        return;\n    js = d.createElement(s);\n    js.id = id;\n    js.src = \"\/\/connect.facebook.net\/az_AZ\/all.js#xfbml=1&appId=1002485763137712\";\n    fjs.parentNode.insertBefore(js, fjs);\n}(document, 'script', 'facebook-jssdk'));                \n});<\/script><\/p>\n","protected":false},"excerpt":{"rendered":"<p>&#13; &#13; Az\u0259rbaycan Respublikas\u0131n\u0131n m\u00fcdafi\u0259 naziri general-polkovnik Zakir H\u0259s\u0259novun \u00c7in Xalq Respublikas\u0131na i\u015fg\u00fczar s\u0259f\u0259ri davam edir. Millinews.az x\u0259b\u0259r verir ki, bu bar\u0259d\u0259 M\u00fcdafi\u0259 Nazirliyind\u0259n m\u0259lumat verilib. &#13; S\u0259f\u0259r \u00e7\u0259r\u00e7iv\u0259sind\u0259 general-polkovnik Z.H\u0259s\u0259nov Az\u0259rbaycan Respublikas\u0131n\u0131n \u00c7in Xalq Respublikas\u0131ndak\u0131 S\u0259firliyini ziyar\u0259t edib. Burada Az\u0259rbaycan xalq\u0131n\u0131n \u00dcmummilli Lideri Heyd\u0259r \u018fliyevin abid\u0259si \u00f6n\u00fcn\u0259 g\u00fcl d\u0259st\u0259l\u0259ri qoyularaq xatir\u0259si d\u0259rin ehtiramla yad &hellip;<\/p>\n","protected":false},"author":1,"featured_media":6478,"comment_status":"open","ping_status":"closed","sticky":false,"template":"","format":"standard","meta":{"footnotes":""},"categories":[9],"tags":[],"class_list":["post-6477","post","type-post","status-publish","format-standard","has-post-thumbnail","hentry","category-xeber"],"_links":{"self":[{"href":"https:\/\/millitv.net\/index.php?rest_route=\/wp\/v2\/posts\/6477","targetHints":{"allow":["GET"]}}],"collection":[{"href":"https:\/\/millitv.net\/index.php?rest_route=\/wp\/v2\/posts"}],"about":[{"href":"https:\/\/millitv.net\/index.php?rest_route=\/wp\/v2\/types\/post"}],"author":[{"embeddable":true,"href":"https:\/\/millitv.net\/index.php?rest_route=\/wp\/v2\/users\/1"}],"replies":[{"embeddable":true,"href":"https:\/\/millitv.net\/index.php?rest_route=%2Fwp%2Fv2%2Fcomments&post=6477"}],"version-history":[{"count":0,"href":"https:\/\/millitv.net\/index.php?rest_route=\/wp\/v2\/posts\/6477\/revisions"}],"wp:featuredmedia":[{"embeddable":true,"href":"https:\/\/millitv.net\/index.php?rest_route=\/wp\/v2\/media\/6478"}],"wp:attachment":[{"href":"https:\/\/millitv.net\/index.php?rest_route=%2Fwp%2Fv2%2Fmedia&parent=6477"}],"wp:term":[{"taxonomy":"category","embeddable":true,"href":"https:\/\/millitv.net\/index.php?rest_route=%2Fwp%2Fv2%2Fcategories&post=6477"},{"taxonomy":"post_tag","embeddable":true,"href":"https:\/\/millitv.net\/index.php?rest_route=%2Fwp%2Fv2%2Ftags&post=6477"}],"curies":[{"name":"wp","href":"https:\/\/api.w.org\/{rel}","templated":true}]}}