{"id":6473,"date":"2023-10-30T08:45:59","date_gmt":"2023-10-30T08:45:59","guid":{"rendered":"https:\/\/millinews.az\/xeber\/dedil%C9%99r-nahaq-yer%C9%99-vuqari-bagislamisan\/"},"modified":"2023-10-30T08:45:59","modified_gmt":"2023-10-30T08:45:59","slug":"dedil%C9%99r-nahaq-yer%C9%99-vuqari-bagislamisan","status":"publish","type":"post","link":"https:\/\/millitv.net\/?p=6473","title":{"rendered":"\u201cDedil\u0259r, nahaq yer\u0259 V\u00fcqar\u0131 ba\u011f\u0131\u015flam\u0131san\u201d"},"content":{"rendered":"<p><img decoding=\"async\" src=\"https:\/\/Millinews.az\/storage\/2023\/10\/30\/1698650099_1.jpg\" alt=\"\" title=\"\"><\/p>\n<div id=\"mvp-content-main\">\n<p><strong>\u018fm\u0259kdar artist Elza Seyidcahan meyxana\u00e7\u0131 V\u00fcqar \u018fbd\u00fclovdan polis\u0259 \u015fikay\u0259t edib. <\/strong><\/p>\n<p><strong><a target=\"_blank\" href=\"https:\/\/Millinews.az\" rel=\"noopener\">Millinews.az<\/a><\/strong> Bizim.media-ya istinadla x\u0259b\u0259r verir ki, bu bar\u0259d\u0259 o, qonaq oldu\u011fu &#8220;X\u0259b\u0259rin var?&#8221; verili\u015find\u0259 dan\u0131\u015f\u0131b. <\/p>\n<p>S\u0259n\u0259t\u00e7i bildirib ki, sonradan meyxana\u00e7\u0131n\u0131 ba\u011f\u0131\u015flay\u0131b: <\/p>\n<p>&#8220;M\u0259n V\u00fcqara meyxana\u00e7\u0131 yox, &#8220;keyxana\u00e7\u0131&#8221; deyir\u0259m. O, m\u0259nim \u00fc\u00e7\u00fcn &#8220;keyxana\u00e7\u0131&#8221;d\u0131r. O v\u0259 \u0259traf\u0131nda olanlar &#8220;Meyx\u0259b\u0259r&#8221; adl\u0131 verili\u015fl\u0259ri bax\u0131ls\u0131n dey\u0259n\u0259, m\u0259ni v\u0259 s\u0259n\u0259timi m\u0259sx\u0259r\u0259y\u0259 qoyurdular. M\u0259n V\u00fcqardan polis\u0259 \u015fikay\u0259t el\u0259dim. Amm m\u0259n \u00e7ox pe\u015fmanam, g\u0259r\u0259k t\u0259kc\u0259 V\u00fcqar\u0131 yox, onunla verili\u015f aparan dig\u0259r \u015f\u0259xsl\u0259ri d\u0259 ver\u0259rdim polis\u0259. \u018fg\u0259r onlar s\u0259n\u0259t\u0259 \u00e7\u0131lpaq kimi bax\u0131b g\u00f6r\u00fcrl\u0259rs\u0259, \u015f\u0259xsi i\u015fl\u0259ridir. M\u0259n yazm\u0131\u015fam ki, &#8220;Qazan\u0131m da\u015fd\u0131, k\u0259fini yedim&#8221;.<\/p>\n<p>V\u00fcqar is\u0259 deyir ki, &#8220;Qazan\u0131 a\u015fd\u0131m, k\u0259fini yedim&#8221;. Yek\u0259 ki\u015fis\u0259n, sa\u00e7\u0131n-saqqal\u0131n a\u011far\u0131b, s\u0259ninl\u0259 \u00e7\u00f6r\u0259k k\u0259smi\u015f\u0259m, evim\u0259 g\u0259lmis\u0259n, m\u0259n d\u0259 sizin eviniz\u0259 g\u0259lmi\u015f\u0259m, s\u0259n d\u0259 m\u0259n\u0259 qar\u015f\u0131 ki\u00e7ik d\u0259 olsa h\u00f6rm\u0259tin olsayd\u0131, haqq\u0131mda bel\u0259 s\u00f6zl\u0259r dan\u0131\u015f\u0131b m\u0259ni sosial \u015f\u0259b\u0259k\u0259l\u0259rd\u0259 t\u0259hqir etm\u0259zdin.<\/p>\n<p>Onlar m\u0259nim \u015feirl\u0259rimi \u00f6z verili\u015fl\u0259rd\u0259 \u0259l\u0259 sal\u0131rd\u0131lar. Onu m\u0259hk\u0259m\u0259y\u0259 ver\u0259rdim. Amma polisd\u0259 V\u00fcqar \u00f6z\u00fcn\u00fc el\u0259 apar\u0131rd\u0131 ki&#8230; M\u0259n\u0259 sonra yax\u0131nlar\u0131m s\u00f6yl\u0259dil\u0259r ki, nahaq yer\u0259 V\u00fcqar\u0131 ba\u011f\u0131\u015flam\u0131san.  \u00c7\u00fcnki o s\u0259hvini ba\u015fa d\u00fc\u015fm\u0259di. Kitab\u0131m\u0131 ona orada g\u00f6st\u0259rdim. Bir s\u0131ra v\u0259t\u0259np\u0259rv\u0259r \u015feirl\u0259rimi g\u00f6st\u0259rdim.<\/p>\n<p>Qurban olasan Hac\u0131 Nazim M\u0259mm\u0259dova ki, o s\u0259ni m\u00fc\u011f\u0259nni etdi. B\u00fct\u00fcn musiqimizi meyxala\u015fd\u0131rm\u0131san. M\u00fc\u011f\u0259nnil\u0259ri d\u0259 pula g\u00f6r\u0259 meyxanala\u015fd\u0131rm\u0131s\u0131z.<\/p>\n<p>He\u00e7 bunlara g\u00f6r\u0259 m\u0259n s\u0259n\u0259 bir s\u00f6z d\u0259 dem\u0259mi\u015f\u0259m. Amma \u015feir yazma\u011f\u0131ma \u015f\u00fcbh\u0259 edirs\u0259n. m\u0259ni t\u0259hqir el\u0259tdirm\u0259y\u0259 ixtiyar\u0131n yoxdur&#8221;. <\/p>\n<p>Qeyd ed\u0259k ki, bir m\u00fcdd\u0259t \u0259vv\u0259l V. \u018fbd\u00fclov E.Seyidcahan\u0131n \u00fcnvan\u0131na deyib: &#8220;Elza \u015feir yazmas\u0131n. O, \u015feir yaza bilmir. Bir d\u0259 g\u00f6r\u00fcrs\u0259n, girir \u015feirl\u0259rin i\u00e7in\u0259 &#8220;ana qaz, ananas&#8221;&#8230; Etm\u0259 bel\u0259, ba\u015f\u0131na d\u00f6n\u00fcm s\u0259nin, Elza&#8221;.<\/p>\n<p>Elza is\u0259 &#8220;Bir insan\u0131n ki, h\u0259yat\u0131 ey\u015f-i\u015fr\u0259td\u0259n, gec\u0259 klublar\u0131ndan ibar\u0259tdirs\u0259, m\u0259nim \u015feirl\u0259rimi ba\u015fqa istiqam\u0259t\u0259 yozacaq&#8221;, &#8211; dey\u0259 cavab\u0131n\u0131 vermi\u015fdi.<\/p>\n<\/p><\/div>\n<p><script>\n        (function (d, s, id) {\n            var js, fjs = d.getElementsByTagName(s)[0];\n            if (d.getElementById(id)) return;\n            js = d.createElement(s);\n            js.id = id;\n            js.src = \"\/\/connect.facebook.net\/az_AZ\/sdk.js#xfbml=1&version=v2.7&appId=\";\n            fjs.parentNode.insertBefore(js, fjs);\n        }(document, 'script', 'facebook-jssdk'));\n    <\/script><\/p>\n","protected":false},"excerpt":{"rendered":"<p>\u018fm\u0259kdar artist Elza Seyidcahan meyxana\u00e7\u0131 V\u00fcqar \u018fbd\u00fclovdan polis\u0259 \u015fikay\u0259t edib. Millinews.az Bizim.media-ya istinadla x\u0259b\u0259r verir ki, bu bar\u0259d\u0259 o, qonaq oldu\u011fu &#8220;X\u0259b\u0259rin var?&#8221; verili\u015find\u0259 dan\u0131\u015f\u0131b. S\u0259n\u0259t\u00e7i bildirib ki, sonradan meyxana\u00e7\u0131n\u0131 ba\u011f\u0131\u015flay\u0131b: &#8220;M\u0259n V\u00fcqara meyxana\u00e7\u0131 yox, &#8220;keyxana\u00e7\u0131&#8221; deyir\u0259m. O, m\u0259nim \u00fc\u00e7\u00fcn &#8220;keyxana\u00e7\u0131&#8221;d\u0131r. O v\u0259 \u0259traf\u0131nda olanlar &#8220;Meyx\u0259b\u0259r&#8221; adl\u0131 verili\u015fl\u0259ri bax\u0131ls\u0131n dey\u0259n\u0259, m\u0259ni v\u0259 s\u0259n\u0259timi m\u0259sx\u0259r\u0259y\u0259 qoyurdular. &hellip;<\/p>\n","protected":false},"author":1,"featured_media":6474,"comment_status":"open","ping_status":"closed","sticky":false,"template":"","format":"standard","meta":{"footnotes":""},"categories":[9],"tags":[],"class_list":["post-6473","post","type-post","status-publish","format-standard","has-post-thumbnail","hentry","category-xeber"],"_links":{"self":[{"href":"https:\/\/millitv.net\/index.php?rest_route=\/wp\/v2\/posts\/6473","targetHints":{"allow":["GET"]}}],"collection":[{"href":"https:\/\/millitv.net\/index.php?rest_route=\/wp\/v2\/posts"}],"about":[{"href":"https:\/\/millitv.net\/index.php?rest_route=\/wp\/v2\/types\/post"}],"author":[{"embeddable":true,"href":"https:\/\/millitv.net\/index.php?rest_route=\/wp\/v2\/users\/1"}],"replies":[{"embeddable":true,"href":"https:\/\/millitv.net\/index.php?rest_route=%2Fwp%2Fv2%2Fcomments&post=6473"}],"version-history":[{"count":0,"href":"https:\/\/millitv.net\/index.php?rest_route=\/wp\/v2\/posts\/6473\/revisions"}],"wp:featuredmedia":[{"embeddable":true,"href":"https:\/\/millitv.net\/index.php?rest_route=\/wp\/v2\/media\/6474"}],"wp:attachment":[{"href":"https:\/\/millitv.net\/index.php?rest_route=%2Fwp%2Fv2%2Fmedia&parent=6473"}],"wp:term":[{"taxonomy":"category","embeddable":true,"href":"https:\/\/millitv.net\/index.php?rest_route=%2Fwp%2Fv2%2Fcategories&post=6473"},{"taxonomy":"post_tag","embeddable":true,"href":"https:\/\/millitv.net\/index.php?rest_route=%2Fwp%2Fv2%2Ftags&post=6473"}],"curies":[{"name":"wp","href":"https:\/\/api.w.org\/{rel}","templated":true}]}}