{"id":647,"date":"2023-09-08T07:13:32","date_gmt":"2023-09-08T07:13:32","guid":{"rendered":"https:\/\/millinews.az\/?p=647"},"modified":"2023-09-08T07:13:34","modified_gmt":"2023-09-08T07:13:34","slug":"qarsidurma-olacaq-baki-mudaxil%c9%99-ed%c9%99c%c9%99k-bu-gun-xank%c9%99ndid%c9%99-n%c9%99l%c9%99r-gozl%c9%99nilir","status":"publish","type":"post","link":"https:\/\/millitv.net\/?p=647","title":{"rendered":"Qar\u015f\u0131durma olacaq Bak\u0131 m\u00fcdaxil\u0259 ed\u0259c\u0259k&#8230; &#8211;\u00a0Bu g\u00fcn Xank\u0259ndid\u0259 n\u0259l\u0259r g\u00f6zl\u0259nilir?"},"content":{"rendered":"\n<p><strong>Bu g\u00fcn Xank\u0259ndid\u0259ki separat\u00e7\u0131lar aras\u0131nda toqqu\u015fma g\u00f6zl\u0259nilir.<br><br><\/strong>Araik Arutyunyan\u0131n \u201cistefas\u0131\u201dndan sonra separat\u00e7\u0131lar \u00f6zl\u0259rin\u0259 yeni \u201cba\u015f\u00e7\u0131\u201d se\u00e7m\u0259lidir. Yeni \u201cba\u015f\u00e7\u0131n\u0131\u201d qondarma \u201cparlament\u201d se\u00e7\u0259c\u0259k. Sabah \u201cparlamentd\u0259\u201d ke\u00e7iril\u0259c\u0259k \u201cse\u00e7kil\u0259rd\u0259\u201d i\u015ftirak ed\u0259c\u0259k qondarma \u201cnamiz\u0259dl\u0259r\u201d bu g\u00fc m\u00fc\u0259yy\u0259n edilm\u0259lidir.<br><br>\u018fsas \u201cnamiz\u0259d\u201d kimi Araikin \u201cistefa\u201ddan \u00f6nc\u0259 separat\u00e7\u0131lar\u0131n qondarma \u201cd\u00f6vl\u0259t naziri\u201d t\u0259yin etdiyi Samvel \u015eahramanyan\u0131n olaca\u011f\u0131 g\u00f6zl\u0259nilir. Ke\u00e7mi\u015f \u201cQaraba\u011f klan\u0131\u201dn\u0131n adam\u0131 olan \u015eahramanyan\u0131n separat\u00e7\u0131lar\u0131n \u201cba\u015f\u0131na\u201d g\u0259tirilm\u0259si Az\u0259rbaycan \u0259razisind\u0259 separatizmin daha da k\u00f6r\u00fckl\u0259nm\u0259si v\u0259 silahl\u0131 t\u0259xribatlar\u0131n davam etdirilm\u0259si m\u0259qs\u0259di da\u015f\u0131y\u0131r. Lakin Xank\u0259ndid\u0259 \u015eahramanyan\u0131 q\u0259bul etm\u0259y\u0259nl\u0259r d\u0259 var. Onlar\u0131n ba\u015f\u0131nda Samvel Babayan dayan\u0131r. Babayan \u201cnamiz\u0259dliyini\u201d vermir, eyni zamanda, \u201cparlamentd\u0259ki\u201d qondarma se\u00e7kil\u0259r\u0259 d\u0259 qat\u0131lm\u0131r. Babayan ba\u015f\u0131n\u0131n d\u0259st\u0259si il\u0259 bu g\u00fcn mitinq ke\u00e7irm\u0259yi v\u0259 separat\u00e7\u0131 rejimin yeni \u201cba\u015f\u00e7\u0131 se\u00e7m\u0259k\u201d oyununu pozmaq niyy\u0259tind\u0259dir.<br><br>Babayan bildirib ki, bu qrupla\u015fma quldurdur v\u0259 erm\u0259ni \u0259halisin\u0259 z\u00fclm edir.<br><br>\u201cBu quldur qrupla\u015fman\u0131n t\u0259klif etdiyi \u201cnamiz\u0259d\u201d b\u00f6y\u00fck probleml\u0259r\u0259 s\u0259b\u0259b olacaq. Onlar sad\u0259c\u0259 agentdir v\u0259 yax\u015f\u0131 xidm\u0259t etm\u0259yi bacar\u0131rlar. Camaata kuponla \u00e7\u00f6r\u0259k verirl\u0259r, t\u0259l\u0259b edirl\u0259r ki, bu v\u0259ziyy\u0259tl\u0259 bar\u0131\u015f\u0131n\u201d, &#8211; o deyib.<br><br>\u0130ddia edib ki, separat\u00e7\u0131lar\u0131n \u201cba\u015f\u0131na\u201d ke\u00e7\u0259n bu qrupla\u015fma A\u011fdam-Xank\u0259ndi yolu il\u0259 y\u00fckl\u0259rin q\u0259bul edilm\u0259sin\u0259 raz\u0131la\u015f\u0131b.<br><br>Bu iddian\u0131n do\u011fru olmas\u0131 sual alt\u0131ndad\u0131r, \u00e7\u00fcnki erm\u0259ni \u0259halisini girov kimi saxlayan qondarma rejim A\u011fdam yoluna qar\u015f\u0131 \u00e7\u0131x\u0131r. M\u00fcmk\u00fcnd\u00fcr ki, Babayan\u0131n bu iddias\u0131 qondarma \u201cse\u00e7kil\u0259r\u0259\u201d hesablanm\u0131\u015f a\u00e7\u0131qlamad\u0131r.<br><br>Ba\u015f ver\u0259nl\u0259r Xank\u0259ndid\u0259 qar\u015f\u0131durman\u0131n k\u0259skin m\u0259rh\u0259l\u0259y\u0259 q\u0259d\u0259m qoydu\u011funu t\u0259sdiql\u0259yir.<br><br>\u201c\u0130ravunk\u201d n\u0259\u015fri m\u0259nb\u0259l\u0259rin\u0259 istinad\u0259n yaz\u0131r ki, \u201cse\u00e7ki\u201dnin ke\u00e7iril\u0259 bil\u0259c\u0259yi sual alt\u0131ndad\u0131r: \u201cBabayan v\u0259 d\u0259st\u0259si t\u0259xribatlar t\u00f6r\u0259d\u0259 bil\u0259r. M\u0259nb\u0259l\u0259rimiz bildirir ki, Xank\u0259ndid\u0259 qar\u015f\u0131durma g\u00fccl\u0259n\u0259rs\u0259, Bak\u0131 prosesl\u0259r\u0259 m\u00fcdaxil\u0259 ed\u0259 bil\u0259r\u201d.<br><br>Xank\u0259ndid\u0259ki separat\u00e7\u0131lardan biri Tiqran Petrosyan da d\u00fcn\u0259n bildirmi\u015fdi ki, Samvel \u015eahramanyan \u201cse\u00e7il\u0259rs\u0259\u201d, qan t\u00f6k\u00fcl\u0259c\u0259k. O, Babayan\u0131n sakit dayanmayaca\u011f\u0131n\u0131, qar\u015f\u0131durma yaradaca\u011f\u0131n\u0131 bildirib v\u0259 qeyd edib ki, erm\u0259ni \u0259halisi d\u0259 Babayan\u0131 d\u0259st\u0259kl\u0259y\u0259c\u0259k. \u00c7\u00fcnki erm\u0259ni \u0259halisi m\u00f6vcud separat\u00e7\u0131 rejimd\u0259n, x\u00fcsusil\u0259 onun arxas\u0131nda dayanan Bako Saakyandan bezib. \/ Publika.az<\/p>\n","protected":false},"excerpt":{"rendered":"<p>Bu g\u00fcn Xank\u0259ndid\u0259ki separat\u00e7\u0131lar aras\u0131nda toqqu\u015fma g\u00f6zl\u0259nilir.Araik Arutyunyan\u0131n \u201cistefas\u0131\u201dndan sonra separat\u00e7\u0131lar \u00f6zl\u0259rin\u0259 yeni \u201cba\u015f\u00e7\u0131\u201d se\u00e7m\u0259lidir. Yeni \u201cba\u015f\u00e7\u0131n\u0131\u201d qondarma \u201cparlament\u201d se\u00e7\u0259c\u0259k. Sabah \u201cparlamentd\u0259\u201d ke\u00e7iril\u0259c\u0259k \u201cse\u00e7kil\u0259rd\u0259\u201d i\u015ftirak ed\u0259c\u0259k qondarma \u201cnamiz\u0259dl\u0259r\u201d bu g\u00fc m\u00fc\u0259yy\u0259n edilm\u0259lidir.\u018fsas \u201cnamiz\u0259d\u201d kimi Araikin \u201cistefa\u201ddan \u00f6nc\u0259 separat\u00e7\u0131lar\u0131n qondarma \u201cd\u00f6vl\u0259t naziri\u201d t\u0259yin etdiyi Samvel \u015eahramanyan\u0131n olaca\u011f\u0131 g\u00f6zl\u0259nilir. Ke\u00e7mi\u015f \u201cQaraba\u011f klan\u0131\u201dn\u0131n adam\u0131 olan \u015eahramanyan\u0131n separat\u00e7\u0131lar\u0131n \u201cba\u015f\u0131na\u201d &hellip;<\/p>\n","protected":false},"author":1,"featured_media":648,"comment_status":"open","ping_status":"closed","sticky":false,"template":"","format":"standard","meta":{"footnotes":""},"categories":[3],"tags":[],"class_list":["post-647","post","type-post","status-publish","format-standard","has-post-thumbnail","hentry","category-olke"],"_links":{"self":[{"href":"https:\/\/millitv.net\/index.php?rest_route=\/wp\/v2\/posts\/647","targetHints":{"allow":["GET"]}}],"collection":[{"href":"https:\/\/millitv.net\/index.php?rest_route=\/wp\/v2\/posts"}],"about":[{"href":"https:\/\/millitv.net\/index.php?rest_route=\/wp\/v2\/types\/post"}],"author":[{"embeddable":true,"href":"https:\/\/millitv.net\/index.php?rest_route=\/wp\/v2\/users\/1"}],"replies":[{"embeddable":true,"href":"https:\/\/millitv.net\/index.php?rest_route=%2Fwp%2Fv2%2Fcomments&post=647"}],"version-history":[{"count":0,"href":"https:\/\/millitv.net\/index.php?rest_route=\/wp\/v2\/posts\/647\/revisions"}],"wp:featuredmedia":[{"embeddable":true,"href":"https:\/\/millitv.net\/index.php?rest_route=\/wp\/v2\/media\/648"}],"wp:attachment":[{"href":"https:\/\/millitv.net\/index.php?rest_route=%2Fwp%2Fv2%2Fmedia&parent=647"}],"wp:term":[{"taxonomy":"category","embeddable":true,"href":"https:\/\/millitv.net\/index.php?rest_route=%2Fwp%2Fv2%2Fcategories&post=647"},{"taxonomy":"post_tag","embeddable":true,"href":"https:\/\/millitv.net\/index.php?rest_route=%2Fwp%2Fv2%2Ftags&post=647"}],"curies":[{"name":"wp","href":"https:\/\/api.w.org\/{rel}","templated":true}]}}