{"id":6467,"date":"2023-10-30T08:35:05","date_gmt":"2023-10-30T08:35:05","guid":{"rendered":"https:\/\/millinews.az\/xeber\/almaniyadan-avropaya-muraci%C9%99t-muharib%C9%99y%C9%99-hazirlasin\/"},"modified":"2023-10-30T08:35:05","modified_gmt":"2023-10-30T08:35:05","slug":"almaniyadan-avropaya-muraci%C9%99t-muharib%C9%99y%C9%99-hazirlasin","status":"publish","type":"post","link":"https:\/\/millitv.net\/?p=6467","title":{"rendered":"Almaniyadan Avropaya m\u00fcraci\u0259t: M\u00fcharib\u0259y\u0259 haz\u0131rla\u015f\u0131n"},"content":{"rendered":"<p><img decoding=\"async\" src=\"https:\/\/Millinews.az\/storage\/2021\/08\/23\/almaniya.jpg\" alt=\"\" title=\"\"><\/p>\n<div id=\"mvp-content-main\">\n<p><strong>Almaniyan\u0131n m\u00fcdafi\u0259 naziri Boris Pistorus Avropan\u0131 m\u00fcmk\u00fcn m\u00fcharib\u0259y\u0259 haz\u0131rla\u015fma\u011fa \u00e7a\u011f\u0131r\u0131b. <\/strong><\/p>\n<p><strong><a target=\"_blank\" href=\"https:\/\/Millinews.az\" rel=\"noopener\">Millinews.az<\/a><\/strong> x\u0259b\u0259r verir ki, o, ZDF-y\u0259 m\u00fcsahib\u0259sind\u0259 m\u00fcharib\u0259 t\u0259hl\u00fck\u0259si fikrin\u0259 al\u0131\u015fma\u011f\u0131n z\u0259ruriliyind\u0259n dan\u0131\u015f\u0131b.<\/p>\n<p>Almaniyan\u0131n m\u00fcdafi\u0259 departamentinin r\u0259hb\u0259ri h\u0259m\u00e7inin almanlar\u0131 \u201czehniyy\u0259tl\u0259rini d\u0259yi\u015fdirm\u0259y\u0259\u201d v\u0259 daha \u00e7ox m\u00fcdafi\u0259 olunma\u011fa \u00e7a\u011f\u0131r\u0131b.<\/p>\n<p>\u201cBiz bir daha Avropada m\u00fcharib\u0259 t\u0259hl\u00fck\u0259sinin ola bil\u0259c\u0259yi fikrin\u0259 al\u0131\u015fmal\u0131y\u0131q. Bu is\u0259 o dem\u0259kdir ki, biz m\u00fcharib\u0259y\u0259 haz\u0131r olmal\u0131y\u0131q, \u0259zmkar olmal\u0131y\u0131q\u201d, &#8211; dey\u0259 nazir bildirib.<\/p>\n<p>Bundan \u0259vv\u0259l o, Almaniyan\u0131n Ukrayna il\u0259 ba\u011fl\u0131 Rusiya il\u0259 dan\u0131\u015f\u0131qlar aparma\u011fa haz\u0131rla\u015fmayaca\u011f\u0131n\u0131 bildirmi\u015fdi. Onun s\u00f6zl\u0259rin\u0259 g\u00f6r\u0259, Berlin \u201cm\u00fcharib\u0259nin uzun m\u00fcdd\u0259t davam ed\u0259c\u0259yin\u0259\u201d haz\u0131rla\u015f\u0131r. O qeyd edib ki, 2024-c\u00fc ild\u0259 ke\u00e7iril\u0259c\u0259k se\u00e7kil\u0259rd\u0259n sonra Amerika h\u00f6kum\u0259ti d\u0259yi\u015fs\u0259 bel\u0259, Q\u0259rb m\u00fctt\u0259fiql\u0259rinin Kiyevi d\u0259st\u0259kl\u0259m\u0259k niyy\u0259ti d\u0259yi\u015fm\u0259z qalacaq.<\/p>\n<p>Tural<\/p>\n<\/p><\/div>\n<p><script>\n        (function (d, s, id) {\n            var js, fjs = d.getElementsByTagName(s)[0];\n            if (d.getElementById(id)) return;\n            js = d.createElement(s);\n            js.id = id;\n            js.src = \"\/\/connect.facebook.net\/az_AZ\/sdk.js#xfbml=1&version=v2.7&appId=\";\n            fjs.parentNode.insertBefore(js, fjs);\n        }(document, 'script', 'facebook-jssdk'));\n    <\/script><\/p>\n","protected":false},"excerpt":{"rendered":"<p>Almaniyan\u0131n m\u00fcdafi\u0259 naziri Boris Pistorus Avropan\u0131 m\u00fcmk\u00fcn m\u00fcharib\u0259y\u0259 haz\u0131rla\u015fma\u011fa \u00e7a\u011f\u0131r\u0131b. Millinews.az x\u0259b\u0259r verir ki, o, ZDF-y\u0259 m\u00fcsahib\u0259sind\u0259 m\u00fcharib\u0259 t\u0259hl\u00fck\u0259si fikrin\u0259 al\u0131\u015fma\u011f\u0131n z\u0259ruriliyind\u0259n dan\u0131\u015f\u0131b. Almaniyan\u0131n m\u00fcdafi\u0259 departamentinin r\u0259hb\u0259ri h\u0259m\u00e7inin almanlar\u0131 \u201czehniyy\u0259tl\u0259rini d\u0259yi\u015fdirm\u0259y\u0259\u201d v\u0259 daha \u00e7ox m\u00fcdafi\u0259 olunma\u011fa \u00e7a\u011f\u0131r\u0131b. \u201cBiz bir daha Avropada m\u00fcharib\u0259 t\u0259hl\u00fck\u0259sinin ola bil\u0259c\u0259yi fikrin\u0259 al\u0131\u015fmal\u0131y\u0131q. Bu is\u0259 o dem\u0259kdir ki, biz m\u00fcharib\u0259y\u0259 haz\u0131r &hellip;<\/p>\n","protected":false},"author":1,"featured_media":6468,"comment_status":"open","ping_status":"closed","sticky":false,"template":"","format":"standard","meta":{"footnotes":""},"categories":[9],"tags":[],"class_list":["post-6467","post","type-post","status-publish","format-standard","has-post-thumbnail","hentry","category-xeber"],"_links":{"self":[{"href":"https:\/\/millitv.net\/index.php?rest_route=\/wp\/v2\/posts\/6467","targetHints":{"allow":["GET"]}}],"collection":[{"href":"https:\/\/millitv.net\/index.php?rest_route=\/wp\/v2\/posts"}],"about":[{"href":"https:\/\/millitv.net\/index.php?rest_route=\/wp\/v2\/types\/post"}],"author":[{"embeddable":true,"href":"https:\/\/millitv.net\/index.php?rest_route=\/wp\/v2\/users\/1"}],"replies":[{"embeddable":true,"href":"https:\/\/millitv.net\/index.php?rest_route=%2Fwp%2Fv2%2Fcomments&post=6467"}],"version-history":[{"count":0,"href":"https:\/\/millitv.net\/index.php?rest_route=\/wp\/v2\/posts\/6467\/revisions"}],"wp:featuredmedia":[{"embeddable":true,"href":"https:\/\/millitv.net\/index.php?rest_route=\/wp\/v2\/media\/6468"}],"wp:attachment":[{"href":"https:\/\/millitv.net\/index.php?rest_route=%2Fwp%2Fv2%2Fmedia&parent=6467"}],"wp:term":[{"taxonomy":"category","embeddable":true,"href":"https:\/\/millitv.net\/index.php?rest_route=%2Fwp%2Fv2%2Fcategories&post=6467"},{"taxonomy":"post_tag","embeddable":true,"href":"https:\/\/millitv.net\/index.php?rest_route=%2Fwp%2Fv2%2Ftags&post=6467"}],"curies":[{"name":"wp","href":"https:\/\/api.w.org\/{rel}","templated":true}]}}