{"id":6453,"date":"2023-10-30T08:02:25","date_gmt":"2023-10-30T08:02:25","guid":{"rendered":"https:\/\/millinews.az\/xeber\/vanda-nara-agir-x%C9%99st%C9%99liy%C9%99-tutuldugunu-t%C9%99sdiql%C9%99di-n%C9%99f%C9%99sim-k%C9%99silir\/"},"modified":"2023-10-30T08:02:25","modified_gmt":"2023-10-30T08:02:25","slug":"vanda-nara-agir-x%C9%99st%C9%99liy%C9%99-tutuldugunu-t%C9%99sdiql%C9%99di-n%C9%99f%C9%99sim-k%C9%99silir","status":"publish","type":"post","link":"https:\/\/millitv.net\/?p=6453","title":{"rendered":"Vanda Nara a\u011f\u0131r x\u0259st\u0259liy\u0259 tutuldu\u011funu t\u0259sdiql\u0259di: N\u0259f\u0259sim k\u0259silir"},"content":{"rendered":"<p><img decoding=\"async\" src=\"https:\/\/Millinews.az\/storage\/2023\/10\/30\/icardi-wanda-nara-losemi.jpg\" alt=\"\" title=\"\"><\/p>\n<div id=\"mvp-content-main\">\n<p><strong>&#8220;Qalatasaray&#8221;\u0131n futbol\u00e7usu Mauro \u0130kardinin h\u0259yat yolda\u015f\u0131 v\u0259 meneceri Vanda Naran\u0131n x\u0259st\u0259 oldu\u011fu bar\u0259d\u0259 uzun m\u00fcdd\u0259tdir yay\u0131lan informasiyalar t\u0259sdiqini tap\u0131b.<\/strong><\/p>\n<p><strong><a target=\"_blank\" href=\"https:\/\/Millinews.az\" rel=\"noopener\">Millinews.az<\/a> <\/strong>x\u0259b\u0259r verir ki, bu bar\u0259d\u0259 Vandan\u0131n \u00f6z\u00fc sosial \u015f\u0259b\u0259k\u0259 hesab\u0131nda payla\u015f\u0131m edib. O, leykoz x\u0259st\u0259si oldu\u011funu a\u00e7\u0131qlay\u0131b.<\/p>\n<p>&#8220;M\u0259n leykoz x\u0259st\u0259siy\u0259m. \u018fvv\u0259lc\u0259 &#8220;m\u0259nd\u0259 n\u0259s\u0259 var&#8221; deyirdim. Sonra bunu x\u0259st\u0259lik adland\u0131rma\u011f\u0131 bacard\u0131m. \u0130ndi ad\u0131n\u0131 qoydum. X\u0259st\u0259liyin gedi\u015find\u0259n as\u0131l\u0131 olaraq d\u0259yi\u015f\u0259n m\u00fcalic\u0259 al\u0131ram. H\u0259r h\u0259ft\u0259 n\u0259tic\u0259l\u0259ri g\u00f6t\u00fcrm\u0259y\u0259 ged\u0259nd\u0259 n\u0259f\u0259sim k\u0259silir&#8221;, &#8211; dey\u0259 payla\u015f\u0131m\u0131nda bildirib.<\/p>\n<p>Qeyd ed\u0259k ki, Vanda Nara Argentinada &#8220;Fundaleu&#8221; adl\u0131 ixtisasla\u015fd\u0131r\u0131lm\u0131\u015f hematoloji m\u0259rk\u0259zd\u0259 m\u00fcalic\u0259 al\u0131r.<\/p>\n<p><strong>Heyb\u0259t<\/strong><\/p>\n<\/p><\/div>\n<p><script>\n        (function (d, s, id) {\n            var js, fjs = d.getElementsByTagName(s)[0];\n            if (d.getElementById(id)) return;\n            js = d.createElement(s);\n            js.id = id;\n            js.src = \"\/\/connect.facebook.net\/az_AZ\/sdk.js#xfbml=1&version=v2.7&appId=\";\n            fjs.parentNode.insertBefore(js, fjs);\n        }(document, 'script', 'facebook-jssdk'));\n    <\/script><\/p>\n","protected":false},"excerpt":{"rendered":"<p>&#8220;Qalatasaray&#8221;\u0131n futbol\u00e7usu Mauro \u0130kardinin h\u0259yat yolda\u015f\u0131 v\u0259 meneceri Vanda Naran\u0131n x\u0259st\u0259 oldu\u011fu bar\u0259d\u0259 uzun m\u00fcdd\u0259tdir yay\u0131lan informasiyalar t\u0259sdiqini tap\u0131b. Millinews.az x\u0259b\u0259r verir ki, bu bar\u0259d\u0259 Vandan\u0131n \u00f6z\u00fc sosial \u015f\u0259b\u0259k\u0259 hesab\u0131nda payla\u015f\u0131m edib. O, leykoz x\u0259st\u0259si oldu\u011funu a\u00e7\u0131qlay\u0131b. &#8220;M\u0259n leykoz x\u0259st\u0259siy\u0259m. \u018fvv\u0259lc\u0259 &#8220;m\u0259nd\u0259 n\u0259s\u0259 var&#8221; deyirdim. Sonra bunu x\u0259st\u0259lik adland\u0131rma\u011f\u0131 bacard\u0131m. \u0130ndi ad\u0131n\u0131 qoydum. X\u0259st\u0259liyin gedi\u015find\u0259n &hellip;<\/p>\n","protected":false},"author":1,"featured_media":6454,"comment_status":"open","ping_status":"closed","sticky":false,"template":"","format":"standard","meta":{"footnotes":""},"categories":[9],"tags":[],"class_list":["post-6453","post","type-post","status-publish","format-standard","has-post-thumbnail","hentry","category-xeber"],"_links":{"self":[{"href":"https:\/\/millitv.net\/index.php?rest_route=\/wp\/v2\/posts\/6453","targetHints":{"allow":["GET"]}}],"collection":[{"href":"https:\/\/millitv.net\/index.php?rest_route=\/wp\/v2\/posts"}],"about":[{"href":"https:\/\/millitv.net\/index.php?rest_route=\/wp\/v2\/types\/post"}],"author":[{"embeddable":true,"href":"https:\/\/millitv.net\/index.php?rest_route=\/wp\/v2\/users\/1"}],"replies":[{"embeddable":true,"href":"https:\/\/millitv.net\/index.php?rest_route=%2Fwp%2Fv2%2Fcomments&post=6453"}],"version-history":[{"count":0,"href":"https:\/\/millitv.net\/index.php?rest_route=\/wp\/v2\/posts\/6453\/revisions"}],"wp:featuredmedia":[{"embeddable":true,"href":"https:\/\/millitv.net\/index.php?rest_route=\/wp\/v2\/media\/6454"}],"wp:attachment":[{"href":"https:\/\/millitv.net\/index.php?rest_route=%2Fwp%2Fv2%2Fmedia&parent=6453"}],"wp:term":[{"taxonomy":"category","embeddable":true,"href":"https:\/\/millitv.net\/index.php?rest_route=%2Fwp%2Fv2%2Fcategories&post=6453"},{"taxonomy":"post_tag","embeddable":true,"href":"https:\/\/millitv.net\/index.php?rest_route=%2Fwp%2Fv2%2Ftags&post=6453"}],"curies":[{"name":"wp","href":"https:\/\/api.w.org\/{rel}","templated":true}]}}