{"id":6443,"date":"2023-10-30T07:36:54","date_gmt":"2023-10-30T07:36:54","guid":{"rendered":"https:\/\/millinews.az\/xeber\/rusiya-isgal-etdiyi-ukrayna-%C9%99razil%C9%99rini-bu-respublikaya-verdi\/"},"modified":"2023-10-30T07:36:54","modified_gmt":"2023-10-30T07:36:54","slug":"rusiya-isgal-etdiyi-ukrayna-%C9%99razil%C9%99rini-bu-respublikaya-verdi","status":"publish","type":"post","link":"https:\/\/millitv.net\/?p=6443","title":{"rendered":"Rusiya i\u015f\u011fal etdiyi Ukrayna \u0259razil\u0259rini bu respublikaya verdi"},"content":{"rendered":"<div id=\"tw-target-text-container\" tabindex=\"0\">\n<p><strong>Kreml Luqansk vilay\u0259tind\u0259 i\u015f\u011fal olunmu\u015f torpaqlar\u0131 Tatar\u0131stan\u0131n n\u0259zar\u0259tin\u0259 verib.<\/strong><\/p>\n<p><strong><a target=\"_blank\" href=\"https:\/\/Millinews.az\" rel=\"noopener\">Millinews.az<\/a><\/strong> x\u0259b\u0259r verir ki, bu bar\u0259d\u0259 &#8220;Yevropeyskaya Pravda&#8221; m\u0259lumat yay\u0131b. Bildirilir ki, Tatar\u0131stan\u0131n ba\u015f naziri Aleksey Peso\u015f\u0131n\u0131n ba\u015f\u00e7\u0131l\u0131q etdiyi n\u00fcmay\u0259nd\u0259 hey\u0259ti Luqansk vilay\u0259tinin i\u015f\u011fal olunmu\u015f \u0259razisin\u0259 qanunsuz s\u0259f\u0259r edib.<\/p>\n<div class=\"tw-target-rmn tw-ta-container F0azHf tw-nfl\" id=\"tw-target-rmn-container\">\n<p>N\u00fcmay\u0259nd\u0259 hey\u0259ti b\u0259rpa layih\u0259l\u0259rinin icras\u0131n\u0131 elan edib. Eyni zamanda qeyd edilir ki, Tatar\u0131stan yerli g\u0259ncl\u0259rin yenid\u0259n t\u0259hsil almas\u0131 proqram\u0131na n\u0259zar\u0259t edir. M\u0259lumata g\u00f6r\u0259, oktyabr ay\u0131 \u0259rzind\u0259 iki y\u00fcz\u0259 yax\u0131n \u015fagird Kazandak\u0131 \u201cZarechye\u201d d\u00fc\u015f\u0259rg\u0259sin\u0259 apar\u0131l\u0131b.<\/p>\n<div class=\"tw-ta-container F0azHf tw-nfl\" id=\"tw-target-text-container\" tabindex=\"0\">\n<p>Orada yeniyetm\u0259l\u0259rin milli \u00f6z\u00fcn\u00fcidentifikasiyas\u0131n\u0131 d\u0259yi\u015fdirm\u0259y\u0259 y\u00f6n\u0259lmi\u015f t\u0259dbirl\u0259rl\u0259 yana\u015f\u0131, figital yar\u0131\u015flar da (virtual oyun m\u00fchiti v\u0259 real fiziki oyunlar\u0131n kombinasiyas\u0131) ke\u00e7irilir. Ola bilsin ki, g\u0259l\u0259c\u0259kd\u0259 onlar d\u00f6y\u00fc\u015f meydan\u0131nda pilotsuz u\u00e7u\u015f aparatlar\u0131n\u0131n idar\u0259 olunmas\u0131 b\u00f6lm\u0259l\u0259rin\u0259 c\u0259lb olunsunlar.<\/p>\n<div class=\"tw-target-rmn tw-ta-container F0azHf tw-nfl\" id=\"tw-target-rmn-container\">\n<div class=\"tw-ta-container F0azHf tw-nfl\" id=\"tw-target-text-container\" tabindex=\"0\">\n<p>Tatar\u0131stan h\u0259m\u00e7inin \u201c\u018fm\u0259k v\u0259 M\u00fcdafi\u0259y\u0259 Haz\u0131r (RLD)\u201d proqram\u0131 \u00e7\u0259r\u00e7iv\u0259sind\u0259 s\u0131naq m\u0259rk\u0259zl\u0259rinin a\u00e7\u0131lmas\u0131n\u0131 maliyy\u0259l\u0259\u015fdir\u0259c\u0259k.<\/p>\n<\/p><\/div>\n<\/p><\/div>\n<\/p><\/div>\n<p>                                <!--\n\n<div id=\"mvp-post-add-box\">\n                                    \n\n<div id=\"mvp-post-add-wrap\" class=\"left relative\">\n                                        \n\n<div class=\"mvp-post-add-story left relative\">\n                                            \n\n<div class=\"mvp-post-add-head left relative\">\n\n<h3 class=\"mvp-post-cat left relative\"><a class=\"mvp-post-cat-link\" href=\"https:\/\/Millinews.az\/news\/mdb\/dunya\" target=\"_blank\" rel=\"noopener\"><span class=\"mvp-post-cat left\">D&uuml;nya<\/span><\/a><\/h3>\n\n\n                                                \n\n<h1 class=\"mvp-post-title left\">Marmarisd&#601; v&#601;ziyy&#601;t g&#601;rginl&#601;&#351;di, &#399;rdo&#287;an &#601;raziy&#601; getdi - V&#304;DEO<\/h1>\n\n<\/div>\n\n\n                                            \n\n<div class=\"mvp-post-add-body left relative\">\n                                                \n\n<div class=\"mvp-post-add-img left relative\"><img decoding=\"async\" width=\"1000\" height=\"600\" src=\"https:\/\/Millinews.az\/files\/media\/2022\/06\/23\/e7f2060c4effc33f30598d858f69bbe2.png\" class=\"attachment- size- wp-post-image\" alt=\"\" loading=\"lazy\" title=\"\">\n                                                    \n\n<div class=\"mvp-vid-box-wrap mvp-vid-box-mid\"><i class=\"fa fa-2 fa-play\" aria-hidden=\"true\"><\/i><\/div>\n\n\n                                                <\/div>\n\n\n                                                \n\n<div class=\"mvp-post-add-cont left relative\">\n                                                    \n\n<div class=\"mvp-post-add-main right relative\">\n\n<p><strong>T&uuml;rkiy&#601;nin Mu&#287;la &#601;yal&#601;tinin Marmaris rayonunda d&uuml;n&#601;n yerli vaxtla saat 20:00-da ba&#351;lam&#305;&#351; me&#351;&#601; yan&#287;&#305;n&#305;n&#305;n &#601;hat&#601; dair&#601;si geni&#351;l&#601;nib, Prezident R&#601;c&#601;b Tayyib &#399;rdo&#287;an &#601;raziy&#601; gedib.<\/strong><\/p>\n\n\n                                                        \n\n<p><strong><a href=\"https:\/\/Millinews.az\/news\/mdb\/Millinews.az\" target=\"_blank\" rel=\"noopener\">Millinews.az<\/a>&nbsp;<\/strong>&ldquo;Haber Global&rdquo;a istinad&#601;n x&#601;b&#601;r verir ki, &ouml;lk&#601; lideri helikopterl&#601; yan&#287;&#305;n b&ouml;lg&#601;sin&#601; bax&#305;&#351; ke&ccedil;irib.<\/p>\n\n\n                                                        \n\n<div style=\"position:relative;padding-bottom:56.25%;height:0;overflow:hidden;\"><span class=\"fr-video fr-fic fr-dii fr-draggable\" contenteditable=\"false\" style=\"\"><iframe loading=\"lazy\" style=\"width:100%;height:100%;position:absolute;left:0px;top:0px;overflow:hidden;\" frameborder=\"0\" type=\"text\/html\" src=\"https:\/\/www.dailymotion.com\/embed\/video\/x8bwgw9\" width=\"100%\" height=\"100%\" allowfullscreen=\"\"> <\/iframe><\/span><\/div>\n\n\n                                                    <\/div>\n\n\n                                                    \n\n<div class=\"mvp-post-add-link\"><a href=\"https:\/\/Millinews.az\/az\/news\/dunya\/399976\" target=\"_blank\" rel=\"bookmark noopener\"><span class=\"mvp-post-add-link-but\">Oxuma&#287;a davam et<\/span><\/a><\/div>\n\n\n                                                <\/div>\n\n\n                                            <\/div>\n\n\n                                        <\/div>\n\n\n                                        \n\n<div class=\"mvp-post-add-story left relative\">\n                                            \n\n<div class=\"mvp-post-add-head left relative\">\n\n<h3 class=\"mvp-post-cat left relative\"><a class=\"mvp-post-cat-link\" href=\"https:\/\/Millinews.az\/news\/mdb\/dunya\" target=\"_blank\" rel=\"noopener\"><span class=\"mvp-post-cat left\">D&uuml;nya<\/span><\/a><\/h3>\n\n\n                                                \n\n<h1 class=\"mvp-post-title left\">&#350;olts Ukrayna &uuml;&ccedil;&uuml;n &quot;diqt&#601; edilmi&#351; s&uuml;lh&quot;&#601; qar&#351;&#305; &ccedil;&#305;xd&#305;<\/h1>\n\n<\/div>\n\n\n                                            \n\n<div class=\"mvp-post-add-body left relative\">\n                                                \n\n<div class=\"mvp-post-add-img left relative\"><img decoding=\"async\" width=\"1000\" height=\"600\" src=\"https:\/\/Millinews.az\/files\/media\/2022\/06\/22\/91454ab943ed959133c4e7c6cb903c17.jpg\" class=\"attachment- size- wp-post-image\" alt=\"\" loading=\"lazy\" title=\"\"><\/div>\n\n\n                                                \n\n<div class=\"mvp-post-add-cont left relative\">\n                                                    \n\n<div class=\"mvp-post-add-main right relative\">\n\n<p style=\"\"><strong>&quot;Yaln&#305;z Ukrayna &ouml;z g&#601;l&#601;c&#601;yi il&#601; ba&#287;l&#305; q&#601;rar verm&#601;k h&uuml;ququna malikdir&quot;<\/strong><\/p>\n\n\n                                                        \n\n<p style=\"\"><a href=\"https:\/\/Millinews.az\/news\/mdb\/Millinews.az\" target=\"_blank\" rel=\"noopener\"><strong>Millinews.az<\/strong><\/a> x&#601;b&#601;r verir ki, bunu Almaniya kansleri Olaf &#350;olts &quot;Twitter&quot; mikrobloqunda yaz&#305;b.<\/p>\n\n\n                                                        \n\n<p style=\"\">O, Kiyevin arxas&#305;nca raz&#305;la&#351;malara qar&#351;&#305; &ccedil;&#305;x&#305;&#351; edib:<\/p>\n\n\n                                                        \n\n<p style=\"\">&quot;Ukrayna - v&#601; yaln&#305;z Ukrayna - onlara n&#601;yin uy&#287;un oldu&#287;una q&#601;rar verir. Ukraynas&#305;z Ukrayna haqq&#305;nda he&ccedil; n&#601; yoxdur! Biz dan&#305;&#351;&#305;qlardan uza&#287;&#305;q, &ccedil;&uuml;nki Putin &quot;dikt&#601; edilmi&#351; s&uuml;lh&quot;&#601; inan&#305;r. Bizim kursumuzda qalma&#287;&#305;m&#305;z daha vacibdir&quot;.<\/p>\n\n\n                                                        \n\n<p style=\"\">O, h&#601;m&ccedil;inin vur&#287;ulay&#305;b ki, A&#304;, NATO v&#601; G7 qar&#351;&#305;dan g&#601;l&#601;n sammitl&#601;rd&#601; d&uuml;nya demokratik d&ouml;vl&#601;tl&#601;rinin Putin imperializmin&#601; qar&#351;&#305; m&uuml;bariz&#601;d&#601; bir yerd&#601; oldu&#287;unu n&uuml;mayi&#351; etdirm&#601;lidir.<\/p>\n\n\n                                                        \n\n<p style=\"\">Xat&#305;rladaq ki, &#350;olz daha &#601;vv&#601;l demi&#351;di ki , Rusiya Federasiyas&#305;na qar&#351;&#305; sanksiyalar Ukrayna il&#601; &ldquo;&#601;dal&#601;tli raz&#305;la&#351;ma&rdquo; &#601;ld&#601; olunana q&#601;d&#601;r davam ed&#601;c&#601;k.&nbsp;<\/p>\n\n\n                                                        \n\n<p style=\"\">Onun s&ouml;zl&#601;rin&#601; g&ouml;r&#601;, Almaniya Kr&#305;m&#305;n ilhaq&#305;n&#305; q&#601;bul etm&#601;y&#601;c&#601;k, &ccedil;&uuml;nki bu, beyn&#601;lxalq h&uuml;ququ pozacaq.<\/p>\n\n<\/div>\n\n\n                                                    \n\n<div class=\"mvp-post-add-link\"><a href=\"https:\/\/Millinews.az\/az\/news\/dunya\/399975\" target=\"_blank\" rel=\"bookmark noopener\"><span class=\"mvp-post-add-link-but\">Oxuma&#287;a davam et<\/span><\/a><\/div>\n\n\n                                                <\/div>\n\n\n                                            <\/div>\n\n\n                                        <\/div>\n\n\n                                        \n\n<div class=\"mvp-post-add-story left relative\">\n                                            \n\n<div class=\"mvp-post-add-head left relative\">\n\n<h3 class=\"mvp-post-cat left relative\"><a class=\"mvp-post-cat-link\" href=\"https:\/\/Millinews.az\/news\/mdb\/dunya\" target=\"_blank\" rel=\"noopener\"><span class=\"mvp-post-cat left\">D&uuml;nya<\/span><\/a><\/h3>\n\n\n                                                \n\n<h1 class=\"mvp-post-title left\">T&uuml;rkiy&#601;d&#601; me&#351;&#601; yan&#287;&#305;n&#305; yenid&#601;n ALOVLANDI &quot;T&#601;xribat &#351;&uuml;bh&#601;l&#601;ri var&quot; - FOTO - V&#304;DEO - YEN&#304;L&#399;ND&#304;<\/h1>\n\n<\/div>\n\n\n                                            \n\n<div class=\"mvp-post-add-body left relative\">\n                                                \n\n<div class=\"mvp-post-add-img left relative\"><img decoding=\"async\" width=\"1000\" height=\"600\" src=\"https:\/\/Millinews.az\/files\/media\/2022\/06\/22\/2592dce7f3e950caca48e7798fc3bc25.jpg\" class=\"attachment- size- wp-post-image\" alt=\"\" loading=\"lazy\" title=\"\">\n                                                    \n\n<div class=\"mvp-vid-box-wrap mvp-vid-box-mid\"><i class=\"fa fa-2 fa-photo-video\" aria-hidden=\"true\"><\/i><\/div>\n\n\n                                                <\/div>\n\n\n                                                \n\n<div class=\"mvp-post-add-cont left relative\">\n                                                    \n\n<div class=\"mvp-post-add-main right relative\">\n\n<p style=\"\"><strong>&quot;K&uuml;l&#601;k v&#601; temperaturun artmas&#305; yan&#287;&#305;n&#305; yenid&#601;n alovland&#305;rd&#305;&quot;.<\/strong><\/p>\n\n\n                                                        \n\n<p><strong><a href=\"https:\/\/Millinews.az\/news\/mdb\/Millinews.az\" target=\"_blank\" rel=\"noopener\">Millinews.az<\/a>&nbsp;<\/strong>&quot;TRT Haber&quot;&#601; istinadla x&#601;b&#601;r verir ki, bunu K&#601;nd T&#601;s&#601;rr&uuml;fat&#305; v&#601; Me&#351;&#601; Naziri Vahit Kiri&#351;&ccedil;i Marmarisd&#601; ba&#351; ver&#601;n me&#351;&#601; yan&#287;&#305;n&#305; il&#601; ba&#287;l&#305; dan&#305;&#351;ark&#601;n deyib.<\/p>\n\n\n                                                        \n\n<p>Nazir deyib ki, yan&#287;&#305;nla m&uuml;bariz&#601;nin &ccedil;&#601;tin &#351;&#601;rtl&#601;r alt&#305;nda davam edir.<\/p>\n\n\n                                                        \n\n<p>Kiri&#351;&ccedil;i haz&#305;rda sah&#601;d&#601; 2 600 &#351;&#601;xsi heyy&#601;tin &ccedil;al&#305;&#351;d&#305;&#287;&#305;n&#305; bildirib. O, h&#601;m&ccedil;inin deyib ki, havadan m&uuml;daxil&#601; &uuml;&ccedil;&uuml;n istifad&#601; edil&#601;n vasit&#601;l&#601;rin say&#305; 41-&#601; &ccedil;at&#305;b.<\/p>\n\n\n                                                        \n\n<p>&quot;Ehtiyat t&#601;dbiri olaraq 151 n&#601;f&#601;rin evl&#601;rind&#601;n t&#601;xliy&#601; edilib. Yan&#287;&#305;nla ba&#287;l&#305; t&#601;xribat &#351;&uuml;bh&#601;l&#601;ri d&#601; var&quot;, - nazir deyib.<\/p>\n\n\n                                                        \n\n<p>\n                                                            <iframe loading=\"lazy\" width=\"100%\" height=\"450\" src=\"https:\/\/ok.ru\/videoembed\/3396703947327\" frameborder=\"0\" allowfullscreen=\"\"><\/iframe>\n                                                        <\/p>\n\n\n                                                        \n\n<p><strong>xxx<\/strong><\/p>\n\n\n                                                        \n\n<p><strong>21:06<\/strong><\/p>\n\n\n                                                        \n\n<p><strong>T&uuml;rkiy&#601;nin Mu&#287;la &#601;yal&#601;tinin Marmaris rayonunda ba&#351; ver&#601;n me&#351;&#601; yan&#287;&#305;n&#305; b&ouml;y&uuml;k &ouml;l&ccedil;&uuml;d&#601; n&#601;zar&#601;t alt&#305;na al&#305;n&#305;b.<\/strong><\/p>\n\n\n                                                        \n\n<p><strong><a href=\"https:\/\/report.az\/region-xeberleri\/turkiyede-mese-yangini-nezaret-altina-alinib\/\" target=\"_blank\" rel=\"noopener\"><\/a><a href=\"https:\/\/Millinews.az\/news\/mdb\/Millinews.az\" target=\"_blank\" rel=\"noopener\">Millinews.az<\/a>&nbsp;<\/strong>&quot;TRT Haber&quot;&#601; istinadla x&#601;b&#601;r verir ki, bu bar&#601;d&#601; k&#601;nd t&#601;s&#601;rr&uuml;fat&#305; v&#601; me&#351;&#601;&ccedil;ilik naziri Vahit Kiri&#351;&ccedil;i bildirib.<\/p>\n\n\n                                                        \n\n<p>O, daxili i&#351;l&#601;r naziri S&uuml;leyman Soylu il&#601; birg&#601; yan&#287;&#305;nla m&uuml;bariz&#601;ni bilavasit&#601; b&ouml;lg&#601;d&#601;n izl&#601;m&#601;y&#601; davam edir.<\/p>\n\n\n                                                        \n\n<p>Nazirin s&ouml;zl&#601;rin&#601; g&ouml;r&#601;, yan&#287;&#305;nla m&uuml;bariz&#601;y&#601; 20 helikopter v&#601; 14 t&#601;yyar&#601; c&#601;lb edilib.<\/p>\n\n\n                                                        \n\n<p>Qeyd ed&#601;k ki, yan&#287;&#305;n iyunun 21-d&#601; saat 20.00 rad&#601;l&#601;rind&#601; ba&#351;lay&#305;b v&#601; k&uuml;l&#601;yin t&#601;siri il&#601; &#601;trafa yay&#305;l&#305;b.<\/p>\n\n\n                                                        \n\n<p><strong>xxx<\/strong><\/p>\n\n\n                                                        \n\n<p><strong>03:43<\/strong><\/p>\n\n\n                                                        \n\n<p><strong>T&uuml;rkiy&#601;nin Mu&#287;la vilay&#601;tind&#601; yerl&#601;&#351;&#601;n me&#351;&#601;lik &#601;razil&#601;rd&#601; &uuml;&ccedil; f&#601;rqli n&ouml;qt&#601;d&#601; eyni zamanda yan&#287;&#305;n ba&#351; verib.<\/strong><\/p>\n\n\n                                                        \n\n<p><strong><a href=\"https:\/\/Millinews.az\/news\/mdb\/Millinews.az\" target=\"_blank\" rel=\"noopener\">Millinews.az<\/a><\/strong> x&#601;b&#601;r verir ki, hadis&#601; il&#601; ba&#287;l&#305; m&#601;lumat ver&#601;n T&uuml;rkiy&#601;nin k&#601;nd t&#601;s&#601;rr&uuml;fat&#305; v&#601; me&#351;&#601;&ccedil;ilik naziri Vahid Kiri&#351;&ccedil;i haz&#305;rda yan&#287;&#305;n&#305;n s&ouml;nd&uuml;r&uuml;lm&#601;si istiqam&#601;tind&#601; i&#351;l&#601;rin davam etdiyini bildirib.<\/p>\n\n\n                                                        \n\n<p>Son m&#601;lumata &#601;sas&#601;n, g&uuml;cl&uuml; k&uuml;l&#601;k s&#601;b&#601;bind&#601;n yan&#287;&#305;n&#305; n&#601;zar&#601;t alt&#305;na almaq m&uuml;mk&uuml;n deyil. Havan&#305;n qaralmas&#305; il&#601; t&#601;yyar&#601; v&#601; helikopterl&#601;rin yan&#287;&#305;na m&uuml;daxil&#601;si d&#601; &ccedil;&#601;tinl&#601;&#351;ib. Yan&#287;&#305;n&#305;n ba&#351; verdiyi b&ouml;lg&#601;y&#601; ged&#601;n yollar n&#601;zar&#601;t alt&#305;na al&#305;n&#305;b, &#601;raziy&#601; giri&#351;l&#601;r qada&#287;an olunub.<\/p>\n\n\n                                                        \n\n<p>B&ouml;lg&#601;y&#601; &ccedil;ox sayda yan&#287;&#305;ns&ouml;nd&uuml;r&#601;n ma&#351;&#305;n v&#601; 600-&#601; yax&#305;n canl&#305; q&uuml;vv&#601; c&#601;lb olunub.<\/p>\n\n\n                                                        \n\n<p>Hidrometeoroloqlar iyunun 22-i g&uuml;norta saatlar&#305;ndan etibar&#601;n k&uuml;l&#601;yin t&#601;sirinin artaca&#287;&#305;n&#305; proqnozla&#351;d&#305;r&#305;rlar. Bu s&#601;b&#601;bd&#601;n &ccedil;ox sayda helikopter v&#601; t&#601;yyar&#601; il&#601; havadan s&ouml;nd&uuml;rm&#601; i&#351;l&#601;rinin apar&#305;lmas&#305; planla&#351;d&#305;r&#305;l&#305;r.<\/p>\n\n\n                                                        \n\n<p>Hadis&#601; il&#601; ba&#287;l&#305; T&uuml;rkiy&#601;nin T&#601;bii F&#601;lak&#601;t v&#601; F&ouml;vq&#601;lad&#601; Hallar Agentliyind&#601;n (AFAD) veril&#601;n son a&ccedil;&#305;qlamada &ouml;lk&#601;nin Burdur, Ayd&#305;n, D&#601;nizli v&#601; Antalya vilay&#601;tl&#601;rind&#601;n m&uuml;t&#601;x&#601;ssisl&#601;rin b&ouml;lg&#601;y&#601; c&#601;lb edildiyi, Afyonkarahisar, K&uuml;tahya, &#304;zmir v&#601; U&#351;akda yerl&#601;&#351;&#601;n qruplar&#305;n is&#601; h&#601;y&#601;can v&#601;ziyy&#601;tin&#601; g&#601;tirildiyi bildirilir.<\/p>\n\n\n                                                        \n\n<p>T&uuml;rkiy&#601;nin k&#601;nd t&#601;s&#601;rr&uuml;fat&#305; v&#601; me&#351;&#601;&ccedil;ilik naziri Vahid Kiri&#351;&ccedil;i il&#601; daxili i&#351;l&#601;r naziri S&uuml;leyman Soylu yan&#287;&#305;n il&#601; ba&#287;l&#305; i&#351;l&#601;ri ara&#351;d&#305;rmaq &uuml;&ccedil;&uuml;n b&ouml;lg&#601;y&#601; h&#601;r&#601;k&#601;t edibl&#601;r.<\/p>\n\n\n                                                        \n\n<p><strong>xxx<\/strong><\/p>\n\n\n                                                        \n\n<p><strong>23:49 - 21.06.22<\/strong><\/p>\n\n\n                                                        \n\n<p><strong>T&uuml;rkiy&#601;nin c&#601;nubunda yerl&#601;&#351;&#601;n Marmarisd&#601; b&ouml;y&uuml;k me&#351;&#601; yan&#287;&#305;n&#305; ba&#351; verib,&nbsp;<\/strong><\/p>\n\n\n                                                        \n\n<p><a href=\"https:\/\/Millinews.az\/news\/mdb\/Millinews.az\" target=\"_blank\" rel=\"noopener\"><strong>Millinews.az<\/strong><\/a> Mu&#287;la vilay&#601;tinin regional me&#351;&#601; t&#601;s&#601;rr&uuml;fat&#305; idar&#601;sin&#601; istinadla x&#601;b&#601;r verir.<\/p>\n\n\n                                                        \n\n<p>Yan&#287;&#305;n yerli vaxtla saat 19.58-d&#601; ba&#351; verib.&nbsp;Onun s&ouml;nd&uuml;r&uuml;lm&#601;sin&#601; iki helikopterin c&#601;lb olundu&#287;u, lakin g&uuml;cl&uuml; k&uuml;l&#601;yin &#601;sm&#601;si s&#601;b&#601;bind&#601;n yan&#287;&#305;n&#305;n geni&#351;l&#601;nm&#601;kd&#601; davam etdiyi qeyd edilir.<\/p>\n\n\n                                                        \n\n<p>Birinci m&#601;rh&#601;l&#601;d&#601; h&#601;m qurudan, h&#601;m d&#601; havadan yan&#287;&#305;ns&ouml;nd&uuml;rm&#601; briqadalar&#305; yan&#287;&#305;nla m&uuml;bariz&#601;y&#601; qo&#351;ulub.<\/p>\n\n\n                                                        \n\n<p>\n                                                            <iframe loading=\"lazy\" width=\"100%\" height=\"450\" src=\"https:\/\/ok.ru\/videoembed\/3392012290623\" frameborder=\"0\" allowfullscreen=\"\"><\/iframe>\n                                                        <\/p>\n\n\n                                                        \n\n<p>\n                                                            <iframe loading=\"lazy\" width=\"100%\" height=\"450\" frameborder=\"0\" src=\"https:\/\/www.trthaber.com\/dosyalar\/videolar\/fa539b418bb7ae7ca1ae8b856b092ba3.mp4\"><\/iframe>\n                                                        <\/p>\n\n\n                                                    <\/div>\n\n\n                                                    \n\n<div class=\"mvp-post-add-link\"><a href=\"https:\/\/Millinews.az\/az\/news\/dunya\/399802\" target=\"_blank\" rel=\"bookmark noopener\"><span class=\"mvp-post-add-link-but\">Oxuma&#287;a davam et<\/span><\/a><\/div>\n\n\n                                                <\/div>\n\n\n                                            <\/div>\n\n\n                                        <\/div>\n\n\n                                    <\/div>\n\n\n                                <\/div>\n\n-->\n                            <\/div>\n<\/p><\/div>\n<p><script>\n        (function (d, s, id) {\n            var js, fjs = d.getElementsByTagName(s)[0];\n            if (d.getElementById(id)) return;\n            js = d.createElement(s);\n            js.id = id;\n            js.src = \"\/\/connect.facebook.net\/az_AZ\/sdk.js#xfbml=1&version=v2.7&appId=\";\n            fjs.parentNode.insertBefore(js, fjs);\n        }(document, 'script', 'facebook-jssdk'));\n    <\/script><\/p>\n","protected":false},"excerpt":{"rendered":"<p>Kreml Luqansk vilay\u0259tind\u0259 i\u015f\u011fal olunmu\u015f torpaqlar\u0131 Tatar\u0131stan\u0131n n\u0259zar\u0259tin\u0259 verib. Millinews.az x\u0259b\u0259r verir ki, bu bar\u0259d\u0259 &#8220;Yevropeyskaya Pravda&#8221; m\u0259lumat yay\u0131b. Bildirilir ki, Tatar\u0131stan\u0131n ba\u015f naziri Aleksey Peso\u015f\u0131n\u0131n ba\u015f\u00e7\u0131l\u0131q etdiyi n\u00fcmay\u0259nd\u0259 hey\u0259ti Luqansk vilay\u0259tinin i\u015f\u011fal olunmu\u015f \u0259razisin\u0259 qanunsuz s\u0259f\u0259r edib. N\u00fcmay\u0259nd\u0259 hey\u0259ti b\u0259rpa layih\u0259l\u0259rinin icras\u0131n\u0131 elan edib. Eyni zamanda qeyd edilir ki, Tatar\u0131stan yerli g\u0259ncl\u0259rin yenid\u0259n t\u0259hsil &hellip;<\/p>\n","protected":false},"author":1,"featured_media":6444,"comment_status":"open","ping_status":"closed","sticky":false,"template":"","format":"standard","meta":{"footnotes":""},"categories":[9],"tags":[],"class_list":["post-6443","post","type-post","status-publish","format-standard","has-post-thumbnail","hentry","category-xeber"],"_links":{"self":[{"href":"https:\/\/millitv.net\/index.php?rest_route=\/wp\/v2\/posts\/6443","targetHints":{"allow":["GET"]}}],"collection":[{"href":"https:\/\/millitv.net\/index.php?rest_route=\/wp\/v2\/posts"}],"about":[{"href":"https:\/\/millitv.net\/index.php?rest_route=\/wp\/v2\/types\/post"}],"author":[{"embeddable":true,"href":"https:\/\/millitv.net\/index.php?rest_route=\/wp\/v2\/users\/1"}],"replies":[{"embeddable":true,"href":"https:\/\/millitv.net\/index.php?rest_route=%2Fwp%2Fv2%2Fcomments&post=6443"}],"version-history":[{"count":0,"href":"https:\/\/millitv.net\/index.php?rest_route=\/wp\/v2\/posts\/6443\/revisions"}],"wp:featuredmedia":[{"embeddable":true,"href":"https:\/\/millitv.net\/index.php?rest_route=\/wp\/v2\/media\/6444"}],"wp:attachment":[{"href":"https:\/\/millitv.net\/index.php?rest_route=%2Fwp%2Fv2%2Fmedia&parent=6443"}],"wp:term":[{"taxonomy":"category","embeddable":true,"href":"https:\/\/millitv.net\/index.php?rest_route=%2Fwp%2Fv2%2Fcategories&post=6443"},{"taxonomy":"post_tag","embeddable":true,"href":"https:\/\/millitv.net\/index.php?rest_route=%2Fwp%2Fv2%2Ftags&post=6443"}],"curies":[{"name":"wp","href":"https:\/\/api.w.org\/{rel}","templated":true}]}}