{"id":6427,"date":"2023-10-30T06:49:07","date_gmt":"2023-10-30T06:49:07","guid":{"rendered":"https:\/\/millinews.az\/xeber\/oradan-z%C9%99ng-g%C9%99l%C9%99c%C9%99k-zelenski-d%C9%99rhal-moskvaya-ucacaq\/"},"modified":"2023-10-30T06:49:07","modified_gmt":"2023-10-30T06:49:07","slug":"oradan-z%C9%99ng-g%C9%99l%C9%99c%C9%99k-zelenski-d%C9%99rhal-moskvaya-ucacaq","status":"publish","type":"post","link":"https:\/\/millitv.net\/?p=6427","title":{"rendered":"Oradan z\u0259ng g\u0259l\u0259c\u0259k, Zelenski d\u0259rhal Moskvaya u\u00e7acaq"},"content":{"rendered":"<p><img decoding=\"async\" src=\"https:\/\/Millinews.az\/storage\/2023\/04\/22\/zelenski.png\" alt=\"\" title=\"\"><\/p>\n<div id=\"mvp-content-main\">\n<p><strong>Ukrayna prezidenti Vladimir Zelenski d\u0259rhal Moskvaya s\u0259f\u0259r\u0259 g\u0259l\u0259c\u0259k, bir \u015f\u0259rtl\u0259 ki, bundan \u0259vv\u0259l AB\u015e-dan ox\u015far t\u0259l\u0259bl\u0259 ona z\u0259ng g\u0259lsin.<\/strong><\/p>\n<p><strong><a target=\"_blank\" href=\"https:\/\/Millinews.az\" rel=\"noopener\">Millinews.az<\/a><\/strong> x\u0259b\u0259r verir ki, bunu \u201c\u0130zvestiya\u201d q\u0259zetin\u0259 m\u00fcsahib\u0259sind\u0259 Ukrayna m\u00fcnaqi\u015f\u0259sinin s\u00fclh yolu il\u0259 h\u0259llinin m\u00fcmk\u00fcn olub-olmamas\u0131 sual\u0131na cavab ver\u0259n Ukraynan\u0131n ke\u00e7mi\u015f ba\u015f naziri Nikolay Azarov bildirib.<\/p>\n<p>Azarovun s\u00f6zl\u0259rin\u0259 g\u00f6r\u0259, Ukraynan\u0131n Q\u0259rb t\u0259r\u0259fda\u015flar\u0131 bel\u0259 bir q\u0259rar ver\u0259rs\u0259, Kiyev v\u0259 Moskva aras\u0131nda dan\u0131\u015f\u0131qlar\u0131 qada\u011fan ed\u0259n haz\u0131rk\u0131 f\u0259rman da l\u0259\u011fv edil\u0259c\u0259k.<\/p>\n<p>\u201cM\u0259s\u0259l\u0259n, AB\u015e-\u0131n d\u00f6vl\u0259t katibi Entoni Blinken ona z\u0259ng edib dey\u0259 bil\u0259r: \u201cQulaq as, davam et v\u0259 f\u0259rman\u0131 l\u0259\u011fv et, \u0259vv\u0259lc\u0259 Va\u015finqtona get ki, s\u0259n\u0259 n\u0259 etm\u0259k laz\u0131m oldu\u011funu dey\u0259k, sonra is\u0259 Moskvaya. V\u0259 bu tap\u015f\u0131r\u0131q d\u0259rhal icra olunacaq\u201d, &#8211; Azarov deyib.<\/p>\n<p>Tural<\/p>\n<\/p><\/div>\n<p><script>\n        (function (d, s, id) {\n            var js, fjs = d.getElementsByTagName(s)[0];\n            if (d.getElementById(id)) return;\n            js = d.createElement(s);\n            js.id = id;\n            js.src = \"\/\/connect.facebook.net\/az_AZ\/sdk.js#xfbml=1&version=v2.7&appId=\";\n            fjs.parentNode.insertBefore(js, fjs);\n        }(document, 'script', 'facebook-jssdk'));\n    <\/script><\/p>\n","protected":false},"excerpt":{"rendered":"<p>Ukrayna prezidenti Vladimir Zelenski d\u0259rhal Moskvaya s\u0259f\u0259r\u0259 g\u0259l\u0259c\u0259k, bir \u015f\u0259rtl\u0259 ki, bundan \u0259vv\u0259l AB\u015e-dan ox\u015far t\u0259l\u0259bl\u0259 ona z\u0259ng g\u0259lsin. Millinews.az x\u0259b\u0259r verir ki, bunu \u201c\u0130zvestiya\u201d q\u0259zetin\u0259 m\u00fcsahib\u0259sind\u0259 Ukrayna m\u00fcnaqi\u015f\u0259sinin s\u00fclh yolu il\u0259 h\u0259llinin m\u00fcmk\u00fcn olub-olmamas\u0131 sual\u0131na cavab ver\u0259n Ukraynan\u0131n ke\u00e7mi\u015f ba\u015f naziri Nikolay Azarov bildirib. Azarovun s\u00f6zl\u0259rin\u0259 g\u00f6r\u0259, Ukraynan\u0131n Q\u0259rb t\u0259r\u0259fda\u015flar\u0131 bel\u0259 bir q\u0259rar ver\u0259rs\u0259, &hellip;<\/p>\n","protected":false},"author":1,"featured_media":5116,"comment_status":"open","ping_status":"closed","sticky":false,"template":"","format":"standard","meta":{"footnotes":""},"categories":[9],"tags":[],"class_list":["post-6427","post","type-post","status-publish","format-standard","has-post-thumbnail","hentry","category-xeber"],"_links":{"self":[{"href":"https:\/\/millitv.net\/index.php?rest_route=\/wp\/v2\/posts\/6427","targetHints":{"allow":["GET"]}}],"collection":[{"href":"https:\/\/millitv.net\/index.php?rest_route=\/wp\/v2\/posts"}],"about":[{"href":"https:\/\/millitv.net\/index.php?rest_route=\/wp\/v2\/types\/post"}],"author":[{"embeddable":true,"href":"https:\/\/millitv.net\/index.php?rest_route=\/wp\/v2\/users\/1"}],"replies":[{"embeddable":true,"href":"https:\/\/millitv.net\/index.php?rest_route=%2Fwp%2Fv2%2Fcomments&post=6427"}],"version-history":[{"count":0,"href":"https:\/\/millitv.net\/index.php?rest_route=\/wp\/v2\/posts\/6427\/revisions"}],"wp:featuredmedia":[{"embeddable":true,"href":"https:\/\/millitv.net\/index.php?rest_route=\/wp\/v2\/media\/5116"}],"wp:attachment":[{"href":"https:\/\/millitv.net\/index.php?rest_route=%2Fwp%2Fv2%2Fmedia&parent=6427"}],"wp:term":[{"taxonomy":"category","embeddable":true,"href":"https:\/\/millitv.net\/index.php?rest_route=%2Fwp%2Fv2%2Fcategories&post=6427"},{"taxonomy":"post_tag","embeddable":true,"href":"https:\/\/millitv.net\/index.php?rest_route=%2Fwp%2Fv2%2Ftags&post=6427"}],"curies":[{"name":"wp","href":"https:\/\/api.w.org\/{rel}","templated":true}]}}