{"id":6415,"date":"2023-10-30T06:20:07","date_gmt":"2023-10-30T06:20:07","guid":{"rendered":"https:\/\/millinews.az\/xeber\/g%C9%99l%C9%99n-il-orta-ayliq-pensiya-bu-q%C9%99d%C9%99r-olacaq\/"},"modified":"2023-10-30T06:20:07","modified_gmt":"2023-10-30T06:20:07","slug":"g%C9%99l%C9%99n-il-orta-ayliq-pensiya-bu-q%C9%99d%C9%99r-olacaq","status":"publish","type":"post","link":"https:\/\/millitv.net\/?p=6415","title":{"rendered":"G\u0259l\u0259n il orta ayl\u0131q pensiya bu q\u0259d\u0259r olacaq"},"content":{"rendered":"<div id=\"maincontent\">&#13;<br \/>\n        &#13;<\/p>\n<p><strong>G\u0259l\u0259n il Az\u0259rbaycanda orta ayl\u0131q pensiya art\u0131r\u0131l\u0131r.<\/strong><\/p>\n<p><a href=\"https:\/\/Millinews.az\" target=\"_blank\" class=\"kw-link\" rel=\"noopener\">Millinews.az<\/a> \u201cReport\u201da istinad\u0259n x\u0259b\u0259r verir ki, bu, Hesablama Palatas\u0131n\u0131n \u201c2024-c\u00fc ilin d\u00f6vl\u0259t b\u00fcdc\u0259si haqq\u0131nda\u201d qanun layih\u0259sin\u0259 r\u0259yind\u0259 \u0259ksini tap\u0131b.<br \/>Qeyd edilib ki, Cari ilin birinci yar\u0131s\u0131nda orta ayl\u0131q pensiya m\u0259bl\u0259\u011finin 16,9% art\u0131ma sahib olmas\u0131, habel\u0259 ilin sonuna \u00f6lk\u0259 \u00fczr\u0259 orta ayl\u0131q \u0259m\u0259k haqq\u0131n\u0131n art\u0131m tempinin 10,7% h\u0259dind\u0259 proqnozla\u015fd\u0131r\u0131lmas\u0131 n\u00f6vb\u0259ti ilin \u0259vv\u0259lind\u0259 orta ayl\u0131q pensiya m\u0259bl\u0259\u011finin 435 manat h\u0259dd \u0259traf\u0131nda olaca\u011f\u0131n\u0131 g\u00f6st\u0259rir. &#13;\n<\/p>\n<p>Xat\u0131rladaq ki, 2023-c\u00fc ild\u0259 \u00f6lk\u0259 \u00fczr\u0259 orta ayl\u0131q pensiya 372,1 manatd\u0131r.&#13;<br \/>\n        &#13;<br \/>\n&#13;<br \/>\n        &#13;<br \/>\n&#13;\n        <\/p>\n<p><noscript><\/p>\n<p>You must enable Javascript on your browser for the site to work optimally and display sections completely.<\/p>\n<p><\/noscript>\t\t&#13;<br \/>\n\t\t&#13;\n    <\/div>\n<p><script type=\"text\/javascript\">jQuery(document).ready(function () {\n(function(d, s, id) {\n    var js, fjs = d.getElementsByTagName(s)[0];\n    if (d.getElementById(id))\n        return;\n    js = d.createElement(s);\n    js.id = id;\n    js.src = \"\/\/connect.facebook.net\/az_AZ\/all.js#xfbml=1&appId=1002485763137712\";\n    fjs.parentNode.insertBefore(js, fjs);\n}(document, 'script', 'facebook-jssdk'));                \n});<\/script><\/p>\n","protected":false},"excerpt":{"rendered":"<p>&#13; &#13; G\u0259l\u0259n il Az\u0259rbaycanda orta ayl\u0131q pensiya art\u0131r\u0131l\u0131r. Millinews.az \u201cReport\u201da istinad\u0259n x\u0259b\u0259r verir ki, bu, Hesablama Palatas\u0131n\u0131n \u201c2024-c\u00fc ilin d\u00f6vl\u0259t b\u00fcdc\u0259si haqq\u0131nda\u201d qanun layih\u0259sin\u0259 r\u0259yind\u0259 \u0259ksini tap\u0131b.Qeyd edilib ki, Cari ilin birinci yar\u0131s\u0131nda orta ayl\u0131q pensiya m\u0259bl\u0259\u011finin 16,9% art\u0131ma sahib olmas\u0131, habel\u0259 ilin sonuna \u00f6lk\u0259 \u00fczr\u0259 orta ayl\u0131q \u0259m\u0259k haqq\u0131n\u0131n art\u0131m tempinin 10,7% h\u0259dind\u0259 &hellip;<\/p>\n","protected":false},"author":1,"featured_media":6416,"comment_status":"open","ping_status":"closed","sticky":false,"template":"","format":"standard","meta":{"footnotes":""},"categories":[9],"tags":[],"class_list":["post-6415","post","type-post","status-publish","format-standard","has-post-thumbnail","hentry","category-xeber"],"_links":{"self":[{"href":"https:\/\/millitv.net\/index.php?rest_route=\/wp\/v2\/posts\/6415","targetHints":{"allow":["GET"]}}],"collection":[{"href":"https:\/\/millitv.net\/index.php?rest_route=\/wp\/v2\/posts"}],"about":[{"href":"https:\/\/millitv.net\/index.php?rest_route=\/wp\/v2\/types\/post"}],"author":[{"embeddable":true,"href":"https:\/\/millitv.net\/index.php?rest_route=\/wp\/v2\/users\/1"}],"replies":[{"embeddable":true,"href":"https:\/\/millitv.net\/index.php?rest_route=%2Fwp%2Fv2%2Fcomments&post=6415"}],"version-history":[{"count":0,"href":"https:\/\/millitv.net\/index.php?rest_route=\/wp\/v2\/posts\/6415\/revisions"}],"wp:featuredmedia":[{"embeddable":true,"href":"https:\/\/millitv.net\/index.php?rest_route=\/wp\/v2\/media\/6416"}],"wp:attachment":[{"href":"https:\/\/millitv.net\/index.php?rest_route=%2Fwp%2Fv2%2Fmedia&parent=6415"}],"wp:term":[{"taxonomy":"category","embeddable":true,"href":"https:\/\/millitv.net\/index.php?rest_route=%2Fwp%2Fv2%2Fcategories&post=6415"},{"taxonomy":"post_tag","embeddable":true,"href":"https:\/\/millitv.net\/index.php?rest_route=%2Fwp%2Fv2%2Ftags&post=6415"}],"curies":[{"name":"wp","href":"https:\/\/api.w.org\/{rel}","templated":true}]}}