{"id":6409,"date":"2023-10-30T06:07:41","date_gmt":"2023-10-30T06:07:41","guid":{"rendered":"https:\/\/millinews.az\/xeber\/agsuda-yuk-avtomobili-asib-surucu-olub\/"},"modified":"2023-10-30T06:07:41","modified_gmt":"2023-10-30T06:07:41","slug":"agsuda-yuk-avtomobili-asib-surucu-olub","status":"publish","type":"post","link":"https:\/\/millitv.net\/?p=6409","title":{"rendered":"A\u011fsuda y\u00fck avtomobili a\u015f\u0131b, s\u00fcr\u00fcc\u00fc \u00f6l\u00fcb"},"content":{"rendered":"<div id=\"maincontent\">&#13;<br \/>\n        &#13;<\/p>\n<p><strong>A\u011fsuda y\u00fck avtomobili a\u015fmas\u0131 n\u0259tic\u0259sind\u0259 s\u00fcr\u00fcc\u00fc \u00f6l\u00fcb.<\/strong><\/p>\n<p>D\u0130N-in m\u0259tbuat xidm\u0259tinin \u015e\u0259ki regional qrupundan <a href=\"https:\/\/Millinews.az\" target=\"_blank\" class=\"kw-link\" rel=\"noopener\">Millinews.az<\/a>-a veril\u0259n m\u0259lumata g\u00f6r\u0259, oktyabr\u0131n 30-u gec\u0259 saatlar\u0131nda Mu\u011fanl\u0131-\u0130smay\u0131ll\u0131 avtomobil yolunun A\u011fsu rayonunun Kalva k\u0259ndi \u0259razisind\u0259n ke\u00e7\u0259n hiss\u0259sind\u0259 \u201c\u201dForland\u201d markal\u0131 y\u00fck avtomobilinin s\u00fcr\u00fcc\u00fcs\u00fc, 1985-ci il t\u0259v\u0259ll\u00fcdl\u00fc M\u0259mm\u0259dov Anar B\u0259xtiyar o\u011flunun idar\u0259etm\u0259ni itirm\u0259si n\u0259tic\u0259sind\u0259 n\u0259qliyyat vasit\u0259si a\u015f\u0131b.<\/p>\n<p>S\u00fcr\u00fcc\u00fc A.M\u0259mm\u0259dov ald\u0131\u011f\u0131 x\u0259sar\u0259tl\u0259rd\u0259n hadis\u0259 yerind\u0259 \u00f6l\u00fcb.<\/p>\n<p><iframe loading=\"lazy\" frameborder=\"0\" src=\"https:\/\/c2c8258e3684f098220aa4adfcd07b06.safeframe.googlesyndication.com\/safeframe\/1-0-40\/html\/container.html\" id=\"google_ads_iframe_\/22785635315\/22888927960_0\" title=\"3rd party ad content\" name=\"\" scrolling=\"no\" marginwidth=\"0\" marginheight=\"0\" width=\"600\" height=\"338\" data-is-safeframe=\"true\" sandbox=\"allow-forms allow-popups allow-popups-to-escape-sandbox allow-same-origin allow-scripts allow-top-navigation-by-user-activation\" allow=\"attribution-reporting\" role=\"region\" aria-label=\"Advertisement\" tabindex=\"0\" data-google-container-id=\"6\" data-load-complete=\"true\" style=\"border-width: 0px; border-style: initial; vertical-align: bottom;\"><\/iframe><\/p>\n<p>Faktla ba\u011fl\u0131 ara\u015fd\u0131rma apar\u0131l\u0131r.<\/p>\n<p>&#13;<br \/>\n        &#13;<br \/>\n&#13;<br \/>\n        &#13;<br \/>\n&#13;<\/p>\n<p><noscript><\/p>\n<p>You must enable Javascript on your browser for the site to work optimally and display sections completely.<\/p>\n<p><\/noscript>\t\t&#13;<br \/>\n\t\t&#13;\n    <\/div>\n<p><script type=\"text\/javascript\">jQuery(document).ready(function () {\n(function(d, s, id) {\n    var js, fjs = d.getElementsByTagName(s)[0];\n    if (d.getElementById(id))\n        return;\n    js = d.createElement(s);\n    js.id = id;\n    js.src = \"\/\/connect.facebook.net\/az_AZ\/all.js#xfbml=1&appId=1002485763137712\";\n    fjs.parentNode.insertBefore(js, fjs);\n}(document, 'script', 'facebook-jssdk'));                \n});<\/script><\/p>\n","protected":false},"excerpt":{"rendered":"<p>&#13; &#13; A\u011fsuda y\u00fck avtomobili a\u015fmas\u0131 n\u0259tic\u0259sind\u0259 s\u00fcr\u00fcc\u00fc \u00f6l\u00fcb. D\u0130N-in m\u0259tbuat xidm\u0259tinin \u015e\u0259ki regional qrupundan Millinews.az-a veril\u0259n m\u0259lumata g\u00f6r\u0259, oktyabr\u0131n 30-u gec\u0259 saatlar\u0131nda Mu\u011fanl\u0131-\u0130smay\u0131ll\u0131 avtomobil yolunun A\u011fsu rayonunun Kalva k\u0259ndi \u0259razisind\u0259n ke\u00e7\u0259n hiss\u0259sind\u0259 \u201c\u201dForland\u201d markal\u0131 y\u00fck avtomobilinin s\u00fcr\u00fcc\u00fcs\u00fc, 1985-ci il t\u0259v\u0259ll\u00fcdl\u00fc M\u0259mm\u0259dov Anar B\u0259xtiyar o\u011flunun idar\u0259etm\u0259ni itirm\u0259si n\u0259tic\u0259sind\u0259 n\u0259qliyyat vasit\u0259si a\u015f\u0131b. S\u00fcr\u00fcc\u00fc A.M\u0259mm\u0259dov ald\u0131\u011f\u0131 x\u0259sar\u0259tl\u0259rd\u0259n &hellip;<\/p>\n","protected":false},"author":1,"featured_media":6410,"comment_status":"open","ping_status":"closed","sticky":false,"template":"","format":"standard","meta":{"footnotes":""},"categories":[9],"tags":[],"class_list":["post-6409","post","type-post","status-publish","format-standard","has-post-thumbnail","hentry","category-xeber"],"_links":{"self":[{"href":"https:\/\/millitv.net\/index.php?rest_route=\/wp\/v2\/posts\/6409","targetHints":{"allow":["GET"]}}],"collection":[{"href":"https:\/\/millitv.net\/index.php?rest_route=\/wp\/v2\/posts"}],"about":[{"href":"https:\/\/millitv.net\/index.php?rest_route=\/wp\/v2\/types\/post"}],"author":[{"embeddable":true,"href":"https:\/\/millitv.net\/index.php?rest_route=\/wp\/v2\/users\/1"}],"replies":[{"embeddable":true,"href":"https:\/\/millitv.net\/index.php?rest_route=%2Fwp%2Fv2%2Fcomments&post=6409"}],"version-history":[{"count":0,"href":"https:\/\/millitv.net\/index.php?rest_route=\/wp\/v2\/posts\/6409\/revisions"}],"wp:featuredmedia":[{"embeddable":true,"href":"https:\/\/millitv.net\/index.php?rest_route=\/wp\/v2\/media\/6410"}],"wp:attachment":[{"href":"https:\/\/millitv.net\/index.php?rest_route=%2Fwp%2Fv2%2Fmedia&parent=6409"}],"wp:term":[{"taxonomy":"category","embeddable":true,"href":"https:\/\/millitv.net\/index.php?rest_route=%2Fwp%2Fv2%2Fcategories&post=6409"},{"taxonomy":"post_tag","embeddable":true,"href":"https:\/\/millitv.net\/index.php?rest_route=%2Fwp%2Fv2%2Ftags&post=6409"}],"curies":[{"name":"wp","href":"https:\/\/api.w.org\/{rel}","templated":true}]}}