{"id":6399,"date":"2023-10-30T05:41:14","date_gmt":"2023-10-30T05:41:14","guid":{"rendered":"https:\/\/millinews.az\/xeber\/din-v%C9%99t%C9%99ndaslara-cagiris-etdi\/"},"modified":"2023-10-30T05:41:14","modified_gmt":"2023-10-30T05:41:14","slug":"din-v%C9%99t%C9%99ndaslara-cagiris-etdi","status":"publish","type":"post","link":"https:\/\/millitv.net\/?p=6399","title":{"rendered":"D\u0130N v\u0259t\u0259nda\u015flara \u00e7a\u011f\u0131r\u0131\u015f etdi"},"content":{"rendered":"<p><img decoding=\"async\" src=\"https:\/\/Millinews.az\/storage\/2023\/05\/11\/din.jpg\" alt=\"\" title=\"\"><\/p>\n<div id=\"mvp-content-main\">\n<p><strong>&#8220;\u018fg\u0259r v\u0259t\u0259nda\u015fda d\u00f6y\u00fc\u015f silah\u0131 varsa, o silah hans\u0131sa cinay\u0259td\u0259 istifad\u0259 olunacaqd\u0131r&#8221;.<\/strong><\/p>\n<p><strong><a target=\"_blank\" href=\"https:\/\/Millinews.az\" rel=\"noopener\">Millinews.az<\/a><\/strong> x\u0259b\u0259r verir ki, bunu Daxili \u0130\u015fl\u0259r Nazirliyinin M\u0259tbuat xidm\u0259ti idar\u0259sinin r\u0259isi El\u015fad Hac\u0131yev bildirib.<\/p>\n<p>&#8220;\u018fg\u0259r istifad\u0259 olunma ehtimal\u0131 yoxdursa, o silah onun n\u0259yin\u0259 laz\u0131md\u0131r? Ona g\u00f6r\u0259 d\u0259 qanunsuz saxlan\u0131lan odlu silah kimd\u0259 varsa t\u0259hvil verilm\u0259lidir. K\u00f6n\u00fcll\u00fc veril\u0259c\u0259yi t\u0259qdird\u0259 c\u0259za t\u0259hdidi yaranm\u0131r. Ba\u015fqa s\u00f6zl\u0259, k\u00f6n\u00fcll\u00fc t\u0259hvil verils\u0259 D\u0130N h\u0259min \u015f\u0259xs\u0259 t\u0259\u015f\u0259kk\u00fcr ed\u0259c\u0259kdir&#8221;, &#8211; o qeyd edib.<\/p>\n<\/p><\/div>\n<p><script>\n        (function (d, s, id) {\n            var js, fjs = d.getElementsByTagName(s)[0];\n            if (d.getElementById(id)) return;\n            js = d.createElement(s);\n            js.id = id;\n            js.src = \"\/\/connect.facebook.net\/az_AZ\/sdk.js#xfbml=1&version=v2.7&appId=\";\n            fjs.parentNode.insertBefore(js, fjs);\n        }(document, 'script', 'facebook-jssdk'));\n    <\/script><\/p>\n","protected":false},"excerpt":{"rendered":"<p>&#8220;\u018fg\u0259r v\u0259t\u0259nda\u015fda d\u00f6y\u00fc\u015f silah\u0131 varsa, o silah hans\u0131sa cinay\u0259td\u0259 istifad\u0259 olunacaqd\u0131r&#8221;. Millinews.az x\u0259b\u0259r verir ki, bunu Daxili \u0130\u015fl\u0259r Nazirliyinin M\u0259tbuat xidm\u0259ti idar\u0259sinin r\u0259isi El\u015fad Hac\u0131yev bildirib. &#8220;\u018fg\u0259r istifad\u0259 olunma ehtimal\u0131 yoxdursa, o silah onun n\u0259yin\u0259 laz\u0131md\u0131r? Ona g\u00f6r\u0259 d\u0259 qanunsuz saxlan\u0131lan odlu silah kimd\u0259 varsa t\u0259hvil verilm\u0259lidir. K\u00f6n\u00fcll\u00fc veril\u0259c\u0259yi t\u0259qdird\u0259 c\u0259za t\u0259hdidi yaranm\u0131r. Ba\u015fqa s\u00f6zl\u0259, &hellip;<\/p>\n","protected":false},"author":1,"featured_media":6400,"comment_status":"open","ping_status":"closed","sticky":false,"template":"","format":"standard","meta":{"footnotes":""},"categories":[9],"tags":[],"class_list":["post-6399","post","type-post","status-publish","format-standard","has-post-thumbnail","hentry","category-xeber"],"_links":{"self":[{"href":"https:\/\/millitv.net\/index.php?rest_route=\/wp\/v2\/posts\/6399","targetHints":{"allow":["GET"]}}],"collection":[{"href":"https:\/\/millitv.net\/index.php?rest_route=\/wp\/v2\/posts"}],"about":[{"href":"https:\/\/millitv.net\/index.php?rest_route=\/wp\/v2\/types\/post"}],"author":[{"embeddable":true,"href":"https:\/\/millitv.net\/index.php?rest_route=\/wp\/v2\/users\/1"}],"replies":[{"embeddable":true,"href":"https:\/\/millitv.net\/index.php?rest_route=%2Fwp%2Fv2%2Fcomments&post=6399"}],"version-history":[{"count":0,"href":"https:\/\/millitv.net\/index.php?rest_route=\/wp\/v2\/posts\/6399\/revisions"}],"wp:featuredmedia":[{"embeddable":true,"href":"https:\/\/millitv.net\/index.php?rest_route=\/wp\/v2\/media\/6400"}],"wp:attachment":[{"href":"https:\/\/millitv.net\/index.php?rest_route=%2Fwp%2Fv2%2Fmedia&parent=6399"}],"wp:term":[{"taxonomy":"category","embeddable":true,"href":"https:\/\/millitv.net\/index.php?rest_route=%2Fwp%2Fv2%2Fcategories&post=6399"},{"taxonomy":"post_tag","embeddable":true,"href":"https:\/\/millitv.net\/index.php?rest_route=%2Fwp%2Fv2%2Ftags&post=6399"}],"curies":[{"name":"wp","href":"https:\/\/api.w.org\/{rel}","templated":true}]}}