{"id":6395,"date":"2023-10-30T05:14:21","date_gmt":"2023-10-30T05:14:21","guid":{"rendered":"https:\/\/millinews.az\/xeber\/soyqu-q%C9%99rb%C9%99-mesaj-gond%C9%99rdi-biz-haziriq\/"},"modified":"2023-10-30T05:14:21","modified_gmt":"2023-10-30T05:14:21","slug":"soyqu-q%C9%99rb%C9%99-mesaj-gond%C9%99rdi-biz-haziriq","status":"publish","type":"post","link":"https:\/\/millitv.net\/?p=6395","title":{"rendered":"\u015eoyqu Q\u0259rb\u0259 mesaj g\u00f6nd\u0259rdi: Biz haz\u0131r\u0131q"},"content":{"rendered":"<p><img decoding=\"async\" src=\"https:\/\/Millinews.az\/storage\/2017\/09\/24\/soyqu.jpg\" alt=\"\" title=\"\"><\/p>\n<div id=\"mvp-content-main\">\n<p><strong>Ukrayna b\u00f6hran\u0131n\u0131n m\u00fcnaqi\u015f\u0259d\u0259n sonrak\u0131 h\u0259lli v\u0259 Q\u0259rbl\u0259 g\u0259l\u0259c\u0259k birg\u0259ya\u015fay\u0131\u015f \u00fczr\u0259 dialoqa haz\u0131rd\u0131r. <\/strong><\/p>\n<p><strong><a target=\"_blank\" href=\"https:\/\/Millinews.az\" rel=\"noopener\">Millinews.az<\/a><\/strong> x\u0259b\u0259r verir ki, bu bar\u0259d\u0259 Rusiya M\u00fcdafi\u0259 Nazirliyinin r\u0259hb\u0259ri Sergey \u015eoyqu Pekind\u0259 ke\u00e7iril\u0259n 10-cu Syan\u015fan T\u0259hl\u00fck\u0259sizlik Forumunda dan\u0131\u015f\u0131b.<\/p>\n<p>&#8220;\u018fg\u0259r laz\u0131mi \u015f\u0259rait yarad\u0131larsa, biz real \u0259sasda siyasi m\u00fczakir\u0259l\u0259r\u0259 haz\u0131r\u0131q&#8221;, &#8211; o qeyd edib.<\/p>\n<p>Eyni zamanda, \u015eoyqu \u201cb\u00fct\u00fcn n\u00fcv\u0259 g\u00fccl\u0259ri &#8211; BMT T\u0259hl\u00fck\u0259sizlik \u015euras\u0131n\u0131n daimi \u00fczvl\u0259ri aras\u0131nda b\u0259rab\u0259r m\u00fcnasib\u0259tl\u0259rin t\u0259min edilm\u0259sinin\u201d z\u0259ruriliyini qeyd edib. Nazirin s\u00f6zl\u0259rin\u0259 g\u00f6r\u0259, bu d\u00f6vl\u0259tl\u0259r s\u00fclh\u00fcn v\u0259 qlobal sabitliyin qorunmas\u0131nda x\u00fcsusi m\u0259suliyy\u0259t da\u015f\u0131y\u0131rlar.<\/p>\n<p>M\u00fcdafi\u0259 Nazirliyi r\u0259hb\u0259rinin s\u00f6zl\u0259rin\u0259 g\u00f6r\u0259, \u0259dal\u0259tli \u00e7oxq\u00fctbl\u00fc d\u00fcnya nizam\u0131n\u0131n formala\u015fd\u0131r\u0131lmas\u0131 \u00fc\u00e7\u00fcn \u201cbeyn\u0259lxalq t\u0259hl\u00fck\u0259sizliyin arxitekturas\u0131n\u0131 yenil\u0259m\u0259k v\u0259 ona daha b\u00f6y\u00fck sabitlik verm\u0259k laz\u0131md\u0131r\u201d.<\/p>\n<p>Ekspertl\u0259rin fikrinc\u0259, Moskva v\u0259 Kiyev \u00f6t\u0259n ilin yaz\u0131nda s\u00fclh dan\u0131\u015f\u0131qlar\u0131na haz\u0131r olub. Lakin s\u0131rf Q\u0259rb \u00f6lk\u0259l\u0259rinin dan\u0131\u015f\u0131qlar aparmaq ist\u0259m\u0259m\u0259si buna mane olub.<\/p>\n<p>Tural<\/p>\n<\/p><\/div>\n<p><script>\n        (function (d, s, id) {\n            var js, fjs = d.getElementsByTagName(s)[0];\n            if (d.getElementById(id)) return;\n            js = d.createElement(s);\n            js.id = id;\n            js.src = \"\/\/connect.facebook.net\/az_AZ\/sdk.js#xfbml=1&version=v2.7&appId=\";\n            fjs.parentNode.insertBefore(js, fjs);\n        }(document, 'script', 'facebook-jssdk'));\n    <\/script><\/p>\n","protected":false},"excerpt":{"rendered":"<p>Ukrayna b\u00f6hran\u0131n\u0131n m\u00fcnaqi\u015f\u0259d\u0259n sonrak\u0131 h\u0259lli v\u0259 Q\u0259rbl\u0259 g\u0259l\u0259c\u0259k birg\u0259ya\u015fay\u0131\u015f \u00fczr\u0259 dialoqa haz\u0131rd\u0131r. Millinews.az x\u0259b\u0259r verir ki, bu bar\u0259d\u0259 Rusiya M\u00fcdafi\u0259 Nazirliyinin r\u0259hb\u0259ri Sergey \u015eoyqu Pekind\u0259 ke\u00e7iril\u0259n 10-cu Syan\u015fan T\u0259hl\u00fck\u0259sizlik Forumunda dan\u0131\u015f\u0131b. &#8220;\u018fg\u0259r laz\u0131mi \u015f\u0259rait yarad\u0131larsa, biz real \u0259sasda siyasi m\u00fczakir\u0259l\u0259r\u0259 haz\u0131r\u0131q&#8221;, &#8211; o qeyd edib. Eyni zamanda, \u015eoyqu \u201cb\u00fct\u00fcn n\u00fcv\u0259 g\u00fccl\u0259ri &#8211; BMT T\u0259hl\u00fck\u0259sizlik \u015euras\u0131n\u0131n &hellip;<\/p>\n","protected":false},"author":1,"featured_media":6396,"comment_status":"open","ping_status":"closed","sticky":false,"template":"","format":"standard","meta":{"footnotes":""},"categories":[9],"tags":[],"class_list":["post-6395","post","type-post","status-publish","format-standard","has-post-thumbnail","hentry","category-xeber"],"_links":{"self":[{"href":"https:\/\/millitv.net\/index.php?rest_route=\/wp\/v2\/posts\/6395","targetHints":{"allow":["GET"]}}],"collection":[{"href":"https:\/\/millitv.net\/index.php?rest_route=\/wp\/v2\/posts"}],"about":[{"href":"https:\/\/millitv.net\/index.php?rest_route=\/wp\/v2\/types\/post"}],"author":[{"embeddable":true,"href":"https:\/\/millitv.net\/index.php?rest_route=\/wp\/v2\/users\/1"}],"replies":[{"embeddable":true,"href":"https:\/\/millitv.net\/index.php?rest_route=%2Fwp%2Fv2%2Fcomments&post=6395"}],"version-history":[{"count":0,"href":"https:\/\/millitv.net\/index.php?rest_route=\/wp\/v2\/posts\/6395\/revisions"}],"wp:featuredmedia":[{"embeddable":true,"href":"https:\/\/millitv.net\/index.php?rest_route=\/wp\/v2\/media\/6396"}],"wp:attachment":[{"href":"https:\/\/millitv.net\/index.php?rest_route=%2Fwp%2Fv2%2Fmedia&parent=6395"}],"wp:term":[{"taxonomy":"category","embeddable":true,"href":"https:\/\/millitv.net\/index.php?rest_route=%2Fwp%2Fv2%2Fcategories&post=6395"},{"taxonomy":"post_tag","embeddable":true,"href":"https:\/\/millitv.net\/index.php?rest_route=%2Fwp%2Fv2%2Ftags&post=6395"}],"curies":[{"name":"wp","href":"https:\/\/api.w.org\/{rel}","templated":true}]}}