{"id":6387,"date":"2023-10-30T04:50:41","date_gmt":"2023-10-30T04:50:41","guid":{"rendered":"https:\/\/millinews.az\/xeber\/agsuda-yuk-avtomobili-asdi-ol%C9%99n-var\/"},"modified":"2023-10-30T04:50:41","modified_gmt":"2023-10-30T04:50:41","slug":"agsuda-yuk-avtomobili-asdi-ol%C9%99n-var","status":"publish","type":"post","link":"https:\/\/millitv.net\/?p=6387","title":{"rendered":"A\u011fsuda y\u00fck avtomobili a\u015fd\u0131, \u00f6l\u0259n var"},"content":{"rendered":"<p><img decoding=\"async\" src=\"https:\/\/Millinews.az\/storage\/2023\/10\/30\/53b0a5b5-323a-358e-a83e-531aaf3febe4_850.jpg\" alt=\"\" title=\"\"><\/p>\n<div id=\"mvp-content-main\">\n<p><strong>A\u011fsuda y\u00fck avtomobili a\u015f\u0131b, \u00f6l\u0259n var.<\/strong><\/p>\n<p>Bu bar\u0259d\u0259<strong> <a target=\"_blank\" href=\"https:\/\/Millinews.az\" rel=\"noopener\">Millinews.az<\/a><\/strong>-a F\u00f6vq\u0259lad\u0259 Hallar Nazirliyind\u0259n (FHN) bildirilib.<\/p>\n<p>112 qaynar x\u0259ttin\u0259 A\u011fsu rayonunun Kalva k\u0259ndind\u0259 y\u00fck avtomobilinin a\u015fmas\u0131 il\u0259 \u0259laq\u0259dar xilasedici k\u00f6m\u0259yin\u0259 ehtiyac yaranmas\u0131 bar\u0259d\u0259 m\u0259lumat daxil olub.<\/p>\n<p>M\u0259lumat q\u0259bul edil\u0259nd\u0259n d\u0259rhal sonra FHN-nin D\u00f6vl\u0259t Yan\u011f\u0131ndan M\u00fchafiz\u0259 Xidm\u0259tinin m\u00fcvafiq xilasetm\u0259 q\u00fcvv\u0259l\u0259ri \u00e7a\u011f\u0131r\u0131\u015f \u00fczr\u0259 c\u0259lb olunub.<\/p>\n<p>H\u0259yata ke\u00e7iril\u0259n t\u0259dbirl\u0259r n\u0259tic\u0259sind\u0259 1 n\u0259f\u0259rin meyiti n\u0259qliyyat vasit\u0259sind\u0259n \u00e7\u0131xar\u0131laraq aidiyy\u0259ti \u00fczr\u0259 t\u0259hvil verilib.<\/p>\n<\/p><\/div>\n<p><script>\n        (function (d, s, id) {\n            var js, fjs = d.getElementsByTagName(s)[0];\n            if (d.getElementById(id)) return;\n            js = d.createElement(s);\n            js.id = id;\n            js.src = \"\/\/connect.facebook.net\/az_AZ\/sdk.js#xfbml=1&version=v2.7&appId=\";\n            fjs.parentNode.insertBefore(js, fjs);\n        }(document, 'script', 'facebook-jssdk'));\n    <\/script><\/p>\n","protected":false},"excerpt":{"rendered":"<p>A\u011fsuda y\u00fck avtomobili a\u015f\u0131b, \u00f6l\u0259n var. Bu bar\u0259d\u0259 Millinews.az-a F\u00f6vq\u0259lad\u0259 Hallar Nazirliyind\u0259n (FHN) bildirilib. 112 qaynar x\u0259ttin\u0259 A\u011fsu rayonunun Kalva k\u0259ndind\u0259 y\u00fck avtomobilinin a\u015fmas\u0131 il\u0259 \u0259laq\u0259dar xilasedici k\u00f6m\u0259yin\u0259 ehtiyac yaranmas\u0131 bar\u0259d\u0259 m\u0259lumat daxil olub. M\u0259lumat q\u0259bul edil\u0259nd\u0259n d\u0259rhal sonra FHN-nin D\u00f6vl\u0259t Yan\u011f\u0131ndan M\u00fchafiz\u0259 Xidm\u0259tinin m\u00fcvafiq xilasetm\u0259 q\u00fcvv\u0259l\u0259ri \u00e7a\u011f\u0131r\u0131\u015f \u00fczr\u0259 c\u0259lb olunub. H\u0259yata ke\u00e7iril\u0259n t\u0259dbirl\u0259r n\u0259tic\u0259sind\u0259 &hellip;<\/p>\n","protected":false},"author":1,"featured_media":6388,"comment_status":"open","ping_status":"closed","sticky":false,"template":"","format":"standard","meta":{"footnotes":""},"categories":[9],"tags":[],"class_list":["post-6387","post","type-post","status-publish","format-standard","has-post-thumbnail","hentry","category-xeber"],"_links":{"self":[{"href":"https:\/\/millitv.net\/index.php?rest_route=\/wp\/v2\/posts\/6387","targetHints":{"allow":["GET"]}}],"collection":[{"href":"https:\/\/millitv.net\/index.php?rest_route=\/wp\/v2\/posts"}],"about":[{"href":"https:\/\/millitv.net\/index.php?rest_route=\/wp\/v2\/types\/post"}],"author":[{"embeddable":true,"href":"https:\/\/millitv.net\/index.php?rest_route=\/wp\/v2\/users\/1"}],"replies":[{"embeddable":true,"href":"https:\/\/millitv.net\/index.php?rest_route=%2Fwp%2Fv2%2Fcomments&post=6387"}],"version-history":[{"count":0,"href":"https:\/\/millitv.net\/index.php?rest_route=\/wp\/v2\/posts\/6387\/revisions"}],"wp:featuredmedia":[{"embeddable":true,"href":"https:\/\/millitv.net\/index.php?rest_route=\/wp\/v2\/media\/6388"}],"wp:attachment":[{"href":"https:\/\/millitv.net\/index.php?rest_route=%2Fwp%2Fv2%2Fmedia&parent=6387"}],"wp:term":[{"taxonomy":"category","embeddable":true,"href":"https:\/\/millitv.net\/index.php?rest_route=%2Fwp%2Fv2%2Fcategories&post=6387"},{"taxonomy":"post_tag","embeddable":true,"href":"https:\/\/millitv.net\/index.php?rest_route=%2Fwp%2Fv2%2Ftags&post=6387"}],"curies":[{"name":"wp","href":"https:\/\/api.w.org\/{rel}","templated":true}]}}