{"id":6337,"date":"2023-10-29T20:28:00","date_gmt":"2023-10-29T20:28:00","guid":{"rendered":"https:\/\/millinews.az\/xeber\/dagistan-hava-limaninda-igtisas-xususi-t%C9%99yinatlilar-c%C9%99lb-edildi\/"},"modified":"2023-10-29T20:28:00","modified_gmt":"2023-10-29T20:28:00","slug":"dagistan-hava-limaninda-igtisas-xususi-t%C9%99yinatlilar-c%C9%99lb-edildi","status":"publish","type":"post","link":"https:\/\/millitv.net\/?p=6337","title":{"rendered":"Da\u011f\u0131stan hava liman\u0131nda i\u011fti\u015fa\u015f: X\u00fcsusi t\u0259yinatl\u0131lar c\u0259lb edildi"},"content":{"rendered":"<div id=\"maincontent\">&#13;<br \/>\n        &#13;<\/p>\n<p><strong>Da\u011f\u0131stan \u00fczr\u0259 \u0130stintaq Komit\u0259si Maha\u00e7qala hava liman\u0131nda yaranm\u0131\u015f v\u0259ziyy\u0259tl\u0259 ba\u011fl\u0131 cinay\u0259t i\u015fi a\u00e7\u0131b.<\/strong><\/p>\n<p><a href=\"https:\/\/Millinews.az\" target=\"_blank\" class=\"kw-link\" rel=\"noopener\">Millinews.az<\/a> x\u0259b\u0259r verir ki, bu bar\u0259d\u0259 Rusiya Daxili \u0130\u015fl\u0259r Nazirliyinin \u015eimali Qafqaz Federal Dair\u0259si \u00fczr\u0259 Ba\u015f \u0130dar\u0259si m\u0259lumat yay\u0131b. &#13;\n<\/p>\n<p>\u201cMaha\u00e7qala hava liman\u0131ndak\u0131 i\u011fti\u015fa\u015flar\u0131n b\u00fct\u00fcn i\u015ftirak\u00e7\u0131lar\u0131 milli \u0259dav\u0259t, qar\u015f\u0131durma yaratmaq madd\u0259si il\u0259 m\u0259suliyy\u0259t\u0259 c\u0259lb olunacaqlar\u201d, &#8211; dey\u0259 bildirilib.<\/p>\n<p>***<\/p>\n<p><strong>Maha\u00e7qala hakimiyy\u0259ti yerli hava liman\u0131 \u0259razisind\u0259 k\u00fctl\u0259vi i\u011fti\u015fa\u015flar\u0131n t\u0259\u015fkili il\u0259 ba\u011fl\u0131 ciddi probleml\u0259 \u00fczl\u0259\u015fib. \u0130caz\u0259siz aksiyalar\u0131n ke\u00e7irilm\u0259sin\u0259 dair \u00e7a\u011f\u0131r\u0131\u015flar edildikd\u0259n sonra h\u00fcquq-m\u00fchafiz\u0259 orqanlar\u0131 bununla ba\u011fl\u0131 cinay\u0259t i\u015fi a\u00e7maq q\u0259rar\u0131na g\u0259libl\u0259r.<\/strong><\/p>\n<p>Rusiya Federasiyas\u0131 Daxili \u0130\u015fl\u0259r Nazirliyinin (D\u0130N) \u015eimali Qafqaz Federal Dair\u0259si \u00fczr\u0259 Ba\u015f \u0130dar\u0259sinin M\u0259tbuat Xidm\u0259tind\u0259n veril\u0259n m\u0259lumata g\u00f6r\u0259, hakimiyy\u0259t bu add\u0131m\u0131 Maha\u00e7qala aeroportunun \u0259razisind\u0259 icaz\u0259siz aksiyalar\u0131n ke\u00e7irilm\u0259si il\u0259 \u0259laq\u0259dar \u00e7a\u011f\u0131r\u0131\u015flar\u0131n sosial \u015f\u0259b\u0259k\u0259l\u0259rd\u0259 yay\u0131lmas\u0131ndan sonra at\u0131b.<\/p>\n<p>***<\/p>\n<p><strong>Hadis\u0259 il\u0259 ba\u011fl\u0131 hava liman\u0131 ba\u011flan\u0131b.<\/strong><\/p>\n<p>Lakin izdiham h\u0259l\u0259 d\u0259 davam edir. Haz\u0131rda Da\u011f\u0131stan\u0131n g\u0259ncl\u0259rl\u0259 i\u015f \u00fczr\u0259 naziri Kamil Saidov v\u0259 milli siyas\u0259t naziri Enrik M\u00fcsl\u00fcmov \u0259razid\u0259dir.<\/p>\n<p>H\u0259m\u00e7inin rus \u0259sg\u0259rl\u0259ri v\u0259 polis x\u00fcsusi t\u0259yinatl\u0131lar\u0131 da hava liman\u0131na daxil olub.<\/p>\n<p>***<\/p>\n<p>Da\u011f\u0131stan\u0131n paytaxt\u0131 Maha\u00e7qalada hava liman\u0131 blokadaya al\u0131n\u0131b.<\/p>\n<p>\u201cQafqazinfo\u201d xarici m\u0259tbuata istinad\u0259n x\u0259b\u0259r verir ki, buna s\u0259b\u0259b \u0130sraild\u0259n enm\u0259si planla\u015fd\u0131r\u0131lan t\u0259yyar\u0259 olub.<\/p>\n<p>Bel\u0259 ki, yerli sakinl\u0259r y\u0259hudil\u0259rin \u0259razid\u0259n \u00e7\u0131xar\u0131lmas\u0131n\u0131 t\u0259l\u0259b edibl\u0259r.<\/p>\n<p><iframe loading=\"lazy\" title=\"\u041e\u0431\u0441\u0442\u0430\u043d\u043e\u0432\u043a\u0430 \u0432 \u0430\u044d\u0440\u043e\u043f\u043e\u0440\u0442\u0443 \u0432 \u0414\u0430\u0433\u0435\u0441\u0442\u0430\u043d\u0435\" width=\"500\" height=\"281\" src=\"https:\/\/www.youtube.com\/embed\/8UIHJhzjG6U?feature=oembed\" frameborder=\"0\" allow=\"accelerometer; autoplay; clipboard-write; encrypted-media; gyroscope; picture-in-picture; web-share\" referrerpolicy=\"strict-origin-when-cross-origin\" allowfullscreen><\/iframe><\/p>\n<p><iframe loading=\"lazy\" title=\"\u0412 \u041c\u0430\u0445\u0430\u0447\u043a\u0430\u043b\u0435 \u0440\u0430\u0437\u044a\u044f\u0440\u0435\u043d\u043d\u0430\u044f \u0442\u043e\u043b\u043f\u0430 \u0432\u043e\u0440\u0432\u0430\u043b\u0430\u0441\u044c \u043d\u0430 \u0442\u0435\u0440\u0440\u0438\u0442\u043e\u0440\u0438\u044e \u0430\u044d\u0440\u043e\u043f\u043e\u0440\u0442\u0430 \u0432 \u043f\u043e\u0438\u0441\u043a\u0430\u0445 \u0435\u0432\u0440\u0435\u0435\u0432. \u0428\u0442\u0443\u0440\u043c \u0430\u044d\u0440\u043e\u043f\u043e\u0440\u0442\u0430\" width=\"500\" height=\"281\" src=\"https:\/\/www.youtube.com\/embed\/RpcYDCo5VTI?feature=oembed\" frameborder=\"0\" allow=\"accelerometer; autoplay; clipboard-write; encrypted-media; gyroscope; picture-in-picture; web-share\" referrerpolicy=\"strict-origin-when-cross-origin\" allowfullscreen><\/iframe><span class=\"redactor-invisible-space\"\/><br \/>&#13;<br \/>\n        &#13;<br \/>\n&#13;<br \/>\n        &#13;<br \/>\n&#13;\n        <\/p>\n<p><noscript><\/p>\n<p>You must enable Javascript on your browser for the site to work optimally and display sections completely.<\/p>\n<p><\/noscript>\t\t&#13;<br \/>\n\t\t&#13;\n    <\/div>\n<p><script type=\"text\/javascript\">jQuery(document).ready(function () {\n(function(d, s, id) {\n    var js, fjs = d.getElementsByTagName(s)[0];\n    if (d.getElementById(id))\n        return;\n    js = d.createElement(s);\n    js.id = id;\n    js.src = \"\/\/connect.facebook.net\/az_AZ\/all.js#xfbml=1&appId=1002485763137712\";\n    fjs.parentNode.insertBefore(js, fjs);\n}(document, 'script', 'facebook-jssdk'));                \n});<\/script><\/p>\n","protected":false},"excerpt":{"rendered":"<p>&#13; &#13; Da\u011f\u0131stan \u00fczr\u0259 \u0130stintaq Komit\u0259si Maha\u00e7qala hava liman\u0131nda yaranm\u0131\u015f v\u0259ziyy\u0259tl\u0259 ba\u011fl\u0131 cinay\u0259t i\u015fi a\u00e7\u0131b. Millinews.az x\u0259b\u0259r verir ki, bu bar\u0259d\u0259 Rusiya Daxili \u0130\u015fl\u0259r Nazirliyinin \u015eimali Qafqaz Federal Dair\u0259si \u00fczr\u0259 Ba\u015f \u0130dar\u0259si m\u0259lumat yay\u0131b. &#13; \u201cMaha\u00e7qala hava liman\u0131ndak\u0131 i\u011fti\u015fa\u015flar\u0131n b\u00fct\u00fcn i\u015ftirak\u00e7\u0131lar\u0131 milli \u0259dav\u0259t, qar\u015f\u0131durma yaratmaq madd\u0259si il\u0259 m\u0259suliyy\u0259t\u0259 c\u0259lb olunacaqlar\u201d, &#8211; dey\u0259 bildirilib. *** Maha\u00e7qala &hellip;<\/p>\n","protected":false},"author":1,"featured_media":6338,"comment_status":"open","ping_status":"closed","sticky":false,"template":"","format":"standard","meta":{"footnotes":""},"categories":[9],"tags":[],"class_list":["post-6337","post","type-post","status-publish","format-standard","has-post-thumbnail","hentry","category-xeber"],"_links":{"self":[{"href":"https:\/\/millitv.net\/index.php?rest_route=\/wp\/v2\/posts\/6337","targetHints":{"allow":["GET"]}}],"collection":[{"href":"https:\/\/millitv.net\/index.php?rest_route=\/wp\/v2\/posts"}],"about":[{"href":"https:\/\/millitv.net\/index.php?rest_route=\/wp\/v2\/types\/post"}],"author":[{"embeddable":true,"href":"https:\/\/millitv.net\/index.php?rest_route=\/wp\/v2\/users\/1"}],"replies":[{"embeddable":true,"href":"https:\/\/millitv.net\/index.php?rest_route=%2Fwp%2Fv2%2Fcomments&post=6337"}],"version-history":[{"count":0,"href":"https:\/\/millitv.net\/index.php?rest_route=\/wp\/v2\/posts\/6337\/revisions"}],"wp:featuredmedia":[{"embeddable":true,"href":"https:\/\/millitv.net\/index.php?rest_route=\/wp\/v2\/media\/6338"}],"wp:attachment":[{"href":"https:\/\/millitv.net\/index.php?rest_route=%2Fwp%2Fv2%2Fmedia&parent=6337"}],"wp:term":[{"taxonomy":"category","embeddable":true,"href":"https:\/\/millitv.net\/index.php?rest_route=%2Fwp%2Fv2%2Fcategories&post=6337"},{"taxonomy":"post_tag","embeddable":true,"href":"https:\/\/millitv.net\/index.php?rest_route=%2Fwp%2Fv2%2Ftags&post=6337"}],"curies":[{"name":"wp","href":"https:\/\/api.w.org\/{rel}","templated":true}]}}