{"id":6331,"date":"2023-10-29T19:56:11","date_gmt":"2023-10-29T19:56:11","guid":{"rendered":"https:\/\/millinews.az\/xeber\/bayden-netanyahu-il%C9%99-danisdi-q%C9%99zzada-%C9%99m%C9%99liyyat-dayandirilib\/"},"modified":"2023-10-29T19:56:11","modified_gmt":"2023-10-29T19:56:11","slug":"bayden-netanyahu-il%C9%99-danisdi-q%C9%99zzada-%C9%99m%C9%99liyyat-dayandirilib","status":"publish","type":"post","link":"https:\/\/millitv.net\/?p=6331","title":{"rendered":"Bayden Netanyahu il\u0259 dan\u0131\u015fd\u0131 &#8211; Q\u0259zzada \u0259m\u0259liyyat dayand\u0131r\u0131l\u0131b?"},"content":{"rendered":"<p><img decoding=\"async\" src=\"https:\/\/Millinews.az\/storage\/2023\/10\/29\/bayden_netanyahu.jpg\" alt=\"\" title=\"\"><\/p>\n<div id=\"mvp-content-main\">\n<p><strong>AB\u015e prezidenti Co Bayden v\u0259 \u0130srailin ba\u015f naziri Benyamin Netanyahu Q\u0259zzadak\u0131 v\u0259ziyy\u0259ti m\u00fczakir\u0259 edibl\u0259r.<\/strong><\/p>\n<p><strong><a target=\"_blank\" href=\"https:\/\/Millinews.az\" rel=\"noopener\">Millinews.az<\/a> <\/strong>x\u0259b\u0259r verir ki, bu bar\u0259d\u0259 A\u011f Ev m\u0259lumat yay\u0131b.<\/p>\n<p>Siyas\u0259t\u00e7il\u0259r m\u00fclki \u015f\u0259xsl\u0259rin m\u00fcdafi\u0259sinin prioritet oldu\u011funu vur\u011fulay\u0131blar. Bayden v\u0259 Netanyahu h\u0259m\u00e7inin F\u0259l\u0259stinin H\u018fMAS h\u0259r\u0259kat\u0131n\u0131n saxlad\u0131\u011f\u0131 girovlar\u0131n azad edilm\u0259si s\u0259yl\u0259rini m\u00fczakir\u0259 edibl\u0259r .<\/p>\n<p>Amerika lideri bildirib ki, Q\u0259zzada m\u00fclki \u0259halinin ehtiyaclar\u0131n\u0131 \u00f6d\u0259m\u0259k \u00fc\u00e7\u00fcn humanitar yard\u0131m ax\u0131n\u0131nda d\u0259rhal v\u0259 \u0259h\u0259miyy\u0259tli art\u0131m var.<\/p>\n<p>Bundan \u0259vv\u0259l \u201cThe New York Times\u201d (NYT) Amerika r\u0259smil\u0259rin\u0259 istinad\u0259n iddia edib ki, \u0130srail Q\u0259zzada geni\u015fmiqyasl\u0131 quru \u0259m\u0259liyyat\u0131 planlar\u0131n\u0131 dayand\u0131r\u0131b v\u0259 onlar\u0131 bir ne\u00e7\u0259 m\u0259hdud \u0259m\u0259liyyatla \u0259v\u0259z edib. Bel\u0259 bir q\u0259rar AB\u015e-la raz\u0131la\u015fd\u0131r\u0131laraq q\u0259bul edilib.<\/p>\n<p><strong>H\u00fcseyn \u0130badl\u0131<\/strong><\/p>\n<\/p><\/div>\n<p><script>\n        (function (d, s, id) {\n            var js, fjs = d.getElementsByTagName(s)[0];\n            if (d.getElementById(id)) return;\n            js = d.createElement(s);\n            js.id = id;\n            js.src = \"\/\/connect.facebook.net\/az_AZ\/sdk.js#xfbml=1&version=v2.7&appId=\";\n            fjs.parentNode.insertBefore(js, fjs);\n        }(document, 'script', 'facebook-jssdk'));\n    <\/script><\/p>\n","protected":false},"excerpt":{"rendered":"<p>AB\u015e prezidenti Co Bayden v\u0259 \u0130srailin ba\u015f naziri Benyamin Netanyahu Q\u0259zzadak\u0131 v\u0259ziyy\u0259ti m\u00fczakir\u0259 edibl\u0259r. Millinews.az x\u0259b\u0259r verir ki, bu bar\u0259d\u0259 A\u011f Ev m\u0259lumat yay\u0131b. Siyas\u0259t\u00e7il\u0259r m\u00fclki \u015f\u0259xsl\u0259rin m\u00fcdafi\u0259sinin prioritet oldu\u011funu vur\u011fulay\u0131blar. Bayden v\u0259 Netanyahu h\u0259m\u00e7inin F\u0259l\u0259stinin H\u018fMAS h\u0259r\u0259kat\u0131n\u0131n saxlad\u0131\u011f\u0131 girovlar\u0131n azad edilm\u0259si s\u0259yl\u0259rini m\u00fczakir\u0259 edibl\u0259r . Amerika lideri bildirib ki, Q\u0259zzada m\u00fclki \u0259halinin ehtiyaclar\u0131n\u0131 \u00f6d\u0259m\u0259k &hellip;<\/p>\n","protected":false},"author":1,"featured_media":6332,"comment_status":"open","ping_status":"closed","sticky":false,"template":"","format":"standard","meta":{"footnotes":""},"categories":[9],"tags":[],"class_list":["post-6331","post","type-post","status-publish","format-standard","has-post-thumbnail","hentry","category-xeber"],"_links":{"self":[{"href":"https:\/\/millitv.net\/index.php?rest_route=\/wp\/v2\/posts\/6331","targetHints":{"allow":["GET"]}}],"collection":[{"href":"https:\/\/millitv.net\/index.php?rest_route=\/wp\/v2\/posts"}],"about":[{"href":"https:\/\/millitv.net\/index.php?rest_route=\/wp\/v2\/types\/post"}],"author":[{"embeddable":true,"href":"https:\/\/millitv.net\/index.php?rest_route=\/wp\/v2\/users\/1"}],"replies":[{"embeddable":true,"href":"https:\/\/millitv.net\/index.php?rest_route=%2Fwp%2Fv2%2Fcomments&post=6331"}],"version-history":[{"count":0,"href":"https:\/\/millitv.net\/index.php?rest_route=\/wp\/v2\/posts\/6331\/revisions"}],"wp:featuredmedia":[{"embeddable":true,"href":"https:\/\/millitv.net\/index.php?rest_route=\/wp\/v2\/media\/6332"}],"wp:attachment":[{"href":"https:\/\/millitv.net\/index.php?rest_route=%2Fwp%2Fv2%2Fmedia&parent=6331"}],"wp:term":[{"taxonomy":"category","embeddable":true,"href":"https:\/\/millitv.net\/index.php?rest_route=%2Fwp%2Fv2%2Fcategories&post=6331"},{"taxonomy":"post_tag","embeddable":true,"href":"https:\/\/millitv.net\/index.php?rest_route=%2Fwp%2Fv2%2Ftags&post=6331"}],"curies":[{"name":"wp","href":"https:\/\/api.w.org\/{rel}","templated":true}]}}