{"id":6327,"date":"2023-10-29T19:35:37","date_gmt":"2023-10-29T19:35:37","guid":{"rendered":"https:\/\/millinews.az\/xeber\/s%C9%99rh%C9%99dl%C9%99r-acilsa-dollar-bahalasacaq\/"},"modified":"2023-10-29T19:35:37","modified_gmt":"2023-10-29T19:35:37","slug":"s%C9%99rh%C9%99dl%C9%99r-acilsa-dollar-bahalasacaq","status":"publish","type":"post","link":"https:\/\/millitv.net\/?p=6327","title":{"rendered":"\u200bS\u0259rh\u0259dl\u0259r a\u00e7\u0131lsa, dollar bahala\u015facaq?"},"content":{"rendered":"<div id=\"maincontent\">&#13;<br \/>\n        &#13;<\/p>\n<p><strong>M\u0259rk\u0259zi Bank\u0131n h\u0259yata ke\u00e7irdiyi siyas\u0259t onu dem\u0259y\u0259 \u0259sas verir ki, yax\u0131n zamanlarda dollar\u0131n kursunda h\u0259r hans\u0131 d\u0259yi\u015fiklik olmayacaq.<br \/><\/strong><\/p>\n<p><a href=\"https:\/\/Millinews.az\" target=\"_blank\" class=\"kw-link\" rel=\"noopener\">Millinews.az<\/a> axar.az-a istinad\u0259n x\u0259b\u0259r verir ki, bunu iqtisad \u00fczr\u0259 f\u0259ls\u0259f\u0259 doktoru El\u015f\u0259n Ba\u011f\u0131rzad\u0259 quru s\u0259rh\u0259dl\u0259r a\u00e7\u0131ld\u0131qdan sonra Az\u0259rbaycanda dollar\u0131n bahala\u015faca\u011f\u0131 il\u0259 ba\u011fl\u0131 yay\u0131lan x\u0259b\u0259rl\u0259ri \u015f\u0259rh ed\u0259rk\u0259n deyib. &#13;\n<\/p>\n<p>Ekspert bildirib ki, M\u0259rk\u0259zi Bank manat\u0131 sabit saxlama\u011fa \u00e7al\u0131\u015f\u0131r:<\/p>\n<p>&#8220;M\u0259rk\u0259zi Bank dollar\u0131n kursunu sabit saxlamaq y\u00f6n\u00fcnd\u0259ki siyas\u0259tind\u0259n imtina etm\u0259y\u0259c\u0259yini b\u0259yan edib. \u00c7\u00fcnki Az\u0259rbaycan\u0131n idxalat\u0131n\u0131n \u00f6n\u0259mli hiss\u0259si dollarlad\u0131r. Dollar\u0131n Az\u0259rbaycan manat\u0131 qar\u015f\u0131s\u0131nda d\u0259y\u0259r qazanmas\u0131 idxal\u0131 bahala\u015fd\u0131rar. H\u0259m d\u0259 bu, \u00f6lk\u0259d\u0259 istehsal olunan m\u0259hsullar\u0131n maya d\u0259y\u0259rinin artmas\u0131na g\u0259tirib \u00e7\u0131xarar. Odur ki, AMB dollar\u0131n kursunu sabit saxlamaqda maraql\u0131d\u0131r\u201d.<\/p>\n<p>O, yay\u0131lan \u015fayi\u0259l\u0259rin he\u00e7 bir iqtisadi v\u0259 siyasi \u0259sas\u0131 olmad\u0131\u011f\u0131n\u0131 vur\u011fulay\u0131b:<\/p>\n<p>&#8220;Az\u0259rbaycan\u0131n kifay\u0259t q\u0259d\u0259r valyuta ehtiyat\u0131 var ki, AMB bu siyas\u0259tini uzun m\u00fcdd\u0259t davam etdir\u0259 bilsin. Y\u0259ni Az\u0259rbaycan\u0131n dollar ehtiyat\u0131 problemi yoxdur. M\u0259rk\u0259zi Bank\u0131n valyuta rezervl\u0259ri, t\u0259xmin\u0259n, 10 milyard dollara yax\u0131nd\u0131r. D\u00fczd\u00fcr, onun bir hiss\u0259si ba\u015fqa valyutalard\u0131r. Amma b\u00f6y\u00fck \u0259ks\u0259riyy\u0259ti dollard\u0131r. Dig\u0259r valyuta ehtiyatlar\u0131m\u0131z is\u0259 Neft Fondundad\u0131r. Neft Fondunun aktivl\u0259ri bu ilin r\u0259q\u0259ml\u0259rin\u0259 g\u00f6r\u0259, t\u0259xmin\u0259n, 55 milyard\u0131 ke\u00e7ib. Birlikd\u0259 Az\u0259rbaycan\u0131n valyuta ehtiyatlar\u0131 65 milyarda do\u011fru gedir, pul bazas\u0131 is\u0259 t\u0259xmin\u0259n, 18 milyard manata yax\u0131nd\u0131r. Ona g\u00f6r\u0259, dollar\u0131n kursunun y\u00fcks\u0259lm\u0259sin\u0259 n\u0259 iqdisadi, n\u0259 d\u0259 siyasi \u0259sas var\u201d.&#13;<br \/>\n        &#13;<br \/>\n&#13;<br \/>\n        &#13;<br \/>\n&#13;\n        <\/p>\n<p><noscript><\/p>\n<p>You must enable Javascript on your browser for the site to work optimally and display sections completely.<\/p>\n<p><\/noscript>\t\t&#13;<br \/>\n\t\t&#13;\n    <\/div>\n<p><script type=\"text\/javascript\">jQuery(document).ready(function () {\n(function(d, s, id) {\n    var js, fjs = d.getElementsByTagName(s)[0];\n    if (d.getElementById(id))\n        return;\n    js = d.createElement(s);\n    js.id = id;\n    js.src = \"\/\/connect.facebook.net\/az_AZ\/all.js#xfbml=1&appId=1002485763137712\";\n    fjs.parentNode.insertBefore(js, fjs);\n}(document, 'script', 'facebook-jssdk'));                \n});<\/script><\/p>\n","protected":false},"excerpt":{"rendered":"<p>&#13; &#13; M\u0259rk\u0259zi Bank\u0131n h\u0259yata ke\u00e7irdiyi siyas\u0259t onu dem\u0259y\u0259 \u0259sas verir ki, yax\u0131n zamanlarda dollar\u0131n kursunda h\u0259r hans\u0131 d\u0259yi\u015fiklik olmayacaq. Millinews.az axar.az-a istinad\u0259n x\u0259b\u0259r verir ki, bunu iqtisad \u00fczr\u0259 f\u0259ls\u0259f\u0259 doktoru El\u015f\u0259n Ba\u011f\u0131rzad\u0259 quru s\u0259rh\u0259dl\u0259r a\u00e7\u0131ld\u0131qdan sonra Az\u0259rbaycanda dollar\u0131n bahala\u015faca\u011f\u0131 il\u0259 ba\u011fl\u0131 yay\u0131lan x\u0259b\u0259rl\u0259ri \u015f\u0259rh ed\u0259rk\u0259n deyib. &#13; Ekspert bildirib ki, M\u0259rk\u0259zi Bank manat\u0131 sabit &hellip;<\/p>\n","protected":false},"author":1,"featured_media":6328,"comment_status":"open","ping_status":"closed","sticky":false,"template":"","format":"standard","meta":{"footnotes":""},"categories":[9],"tags":[],"class_list":["post-6327","post","type-post","status-publish","format-standard","has-post-thumbnail","hentry","category-xeber"],"_links":{"self":[{"href":"https:\/\/millitv.net\/index.php?rest_route=\/wp\/v2\/posts\/6327","targetHints":{"allow":["GET"]}}],"collection":[{"href":"https:\/\/millitv.net\/index.php?rest_route=\/wp\/v2\/posts"}],"about":[{"href":"https:\/\/millitv.net\/index.php?rest_route=\/wp\/v2\/types\/post"}],"author":[{"embeddable":true,"href":"https:\/\/millitv.net\/index.php?rest_route=\/wp\/v2\/users\/1"}],"replies":[{"embeddable":true,"href":"https:\/\/millitv.net\/index.php?rest_route=%2Fwp%2Fv2%2Fcomments&post=6327"}],"version-history":[{"count":0,"href":"https:\/\/millitv.net\/index.php?rest_route=\/wp\/v2\/posts\/6327\/revisions"}],"wp:featuredmedia":[{"embeddable":true,"href":"https:\/\/millitv.net\/index.php?rest_route=\/wp\/v2\/media\/6328"}],"wp:attachment":[{"href":"https:\/\/millitv.net\/index.php?rest_route=%2Fwp%2Fv2%2Fmedia&parent=6327"}],"wp:term":[{"taxonomy":"category","embeddable":true,"href":"https:\/\/millitv.net\/index.php?rest_route=%2Fwp%2Fv2%2Fcategories&post=6327"},{"taxonomy":"post_tag","embeddable":true,"href":"https:\/\/millitv.net\/index.php?rest_route=%2Fwp%2Fv2%2Ftags&post=6327"}],"curies":[{"name":"wp","href":"https:\/\/api.w.org\/{rel}","templated":true}]}}