{"id":6321,"date":"2023-10-29T19:12:49","date_gmt":"2023-10-29T19:12:49","guid":{"rendered":"https:\/\/millinews.az\/xeber\/cexiya-prezidenti-h%C9%99rbcinin-basina-agir-zerbe-endiridi\/"},"modified":"2023-10-29T19:12:49","modified_gmt":"2023-10-29T19:12:49","slug":"cexiya-prezidenti-h%C9%99rbcinin-basina-agir-zerbe-endiridi","status":"publish","type":"post","link":"https:\/\/millitv.net\/?p=6321","title":{"rendered":"\u00c7exiya prezidenti h\u0259rb\u00e7inin ba\u015f\u0131na a\u011f\u0131r Z\u018fRB\u018f END\u0130R\u0130D\u0130"},"content":{"rendered":"<p><img decoding=\"async\" src=\"https:\/\/Millinews.az\/storage\/2023\/10\/29\/55-pic_32ratio_900x600-900x600-79506.jpg\" alt=\"\" title=\"\"><\/p>\n<div id=\"mvp-content-main\">\n<p><strong>\u00c7exiya Prezidenti Petr Pavel \u00c7exoslovakiyan\u0131n yaranmas\u0131n\u0131n ild\u00f6n\u00fcm\u00fc il\u0259 ba\u011fl\u0131 ke\u00e7iril\u0259n m\u0259rasimd\u0259 d\u00f6y\u00fc\u015f bayra\u011f\u0131n\u0131 dik tuta bilm\u0259yib v\u0259 onu yer\u0259 endirib. <\/strong><\/p>\n<p><strong><a target=\"_blank\" href=\"https:\/\/Millinews.az\" rel=\"noopener\">Millinews.az<\/a><\/strong> x\u0259b\u0259r verir ki, bu bar\u0259d\u0259 &#8220;\u010cT24&#8221; m\u0259lumat yay\u0131b .<\/p>\n<p>D\u00fc\u015f\u0259n bayraq prezidentin solunda dayanan \u0259sg\u0259rin ba\u015f\u0131ndak\u0131 papa\u011f\u0131 d\u00fc\u015f\u00fcr\u00fcb, bundan sonra o, ba\u015f geyimi olmadan y\u00fcr\u00fc\u015f\u00fcn\u00fc davam etdirib.<\/p>\n<p>G\u00fclm\u0259li hadis\u0259 oktyabr\u0131n 28-d\u0259 Vitkovda ba\u015f verib.<\/p>\n<p>Pavel daha sonra &#8220;X&#8221; sosial \u015f\u0259b\u0259k\u0259sind\u0259ki payla\u015f\u0131m\u0131nda ba\u015f ver\u0259n hadis\u0259y\u0259 g\u00f6r\u0259 \u00fczr ist\u0259yib v\u0259 bayra\u011f\u0131n bu q\u0259d\u0259r a\u011f\u0131r olaca\u011f\u0131n\u0131 g\u00f6zl\u0259m\u0259diyini qeyd edib.<\/p>\n<p>&#8220;M\u0259n he\u00e7 olmasa bu \u015f\u0259kild\u0259 Vitkovda ke\u00e7iril\u0259n m\u0259rasim zaman\u0131 d\u00f6y\u00fc\u015f bayra\u011f\u0131 il\u0259 vurulan Qala M\u00fchafiz\u0259sinin \u00fczv\u00fcn\u0259 fiziki v\u0259 ya psixoloji ziyan vurdu\u011funa g\u00f6r\u0259 \u00fczr ist\u0259m\u0259y\u0259 ehtiyac duyuram. Bu, \u015f\u00fcbh\u0259siz ki, qurulmu\u015f h\u0259rbi m\u0259rasimi yeni elementl\u0259 \u015fax\u0259l\u0259ndirm\u0259k c\u0259hdi deyildi. M\u0259n sad\u0259c\u0259 \u00e7\u0259kisini az qiym\u0259tl\u0259ndirdim&#8221;, &#8211; \u00c7exiya lideri bildirib.<\/p>\n<p><strong>H\u00fcseyn \u0130badl\u0131<\/strong><\/p>\n<\/p><\/div>\n<p><script>\n        (function (d, s, id) {\n            var js, fjs = d.getElementsByTagName(s)[0];\n            if (d.getElementById(id)) return;\n            js = d.createElement(s);\n            js.id = id;\n            js.src = \"\/\/connect.facebook.net\/az_AZ\/sdk.js#xfbml=1&version=v2.7&appId=\";\n            fjs.parentNode.insertBefore(js, fjs);\n        }(document, 'script', 'facebook-jssdk'));\n    <\/script><\/p>\n","protected":false},"excerpt":{"rendered":"<p>\u00c7exiya Prezidenti Petr Pavel \u00c7exoslovakiyan\u0131n yaranmas\u0131n\u0131n ild\u00f6n\u00fcm\u00fc il\u0259 ba\u011fl\u0131 ke\u00e7iril\u0259n m\u0259rasimd\u0259 d\u00f6y\u00fc\u015f bayra\u011f\u0131n\u0131 dik tuta bilm\u0259yib v\u0259 onu yer\u0259 endirib. Millinews.az x\u0259b\u0259r verir ki, bu bar\u0259d\u0259 &#8220;\u010cT24&#8221; m\u0259lumat yay\u0131b . D\u00fc\u015f\u0259n bayraq prezidentin solunda dayanan \u0259sg\u0259rin ba\u015f\u0131ndak\u0131 papa\u011f\u0131 d\u00fc\u015f\u00fcr\u00fcb, bundan sonra o, ba\u015f geyimi olmadan y\u00fcr\u00fc\u015f\u00fcn\u00fc davam etdirib. G\u00fclm\u0259li hadis\u0259 oktyabr\u0131n 28-d\u0259 Vitkovda ba\u015f verib. &hellip;<\/p>\n","protected":false},"author":1,"featured_media":6322,"comment_status":"open","ping_status":"closed","sticky":false,"template":"","format":"standard","meta":{"footnotes":""},"categories":[9],"tags":[],"class_list":["post-6321","post","type-post","status-publish","format-standard","has-post-thumbnail","hentry","category-xeber"],"_links":{"self":[{"href":"https:\/\/millitv.net\/index.php?rest_route=\/wp\/v2\/posts\/6321","targetHints":{"allow":["GET"]}}],"collection":[{"href":"https:\/\/millitv.net\/index.php?rest_route=\/wp\/v2\/posts"}],"about":[{"href":"https:\/\/millitv.net\/index.php?rest_route=\/wp\/v2\/types\/post"}],"author":[{"embeddable":true,"href":"https:\/\/millitv.net\/index.php?rest_route=\/wp\/v2\/users\/1"}],"replies":[{"embeddable":true,"href":"https:\/\/millitv.net\/index.php?rest_route=%2Fwp%2Fv2%2Fcomments&post=6321"}],"version-history":[{"count":0,"href":"https:\/\/millitv.net\/index.php?rest_route=\/wp\/v2\/posts\/6321\/revisions"}],"wp:featuredmedia":[{"embeddable":true,"href":"https:\/\/millitv.net\/index.php?rest_route=\/wp\/v2\/media\/6322"}],"wp:attachment":[{"href":"https:\/\/millitv.net\/index.php?rest_route=%2Fwp%2Fv2%2Fmedia&parent=6321"}],"wp:term":[{"taxonomy":"category","embeddable":true,"href":"https:\/\/millitv.net\/index.php?rest_route=%2Fwp%2Fv2%2Fcategories&post=6321"},{"taxonomy":"post_tag","embeddable":true,"href":"https:\/\/millitv.net\/index.php?rest_route=%2Fwp%2Fv2%2Ftags&post=6321"}],"curies":[{"name":"wp","href":"https:\/\/api.w.org\/{rel}","templated":true}]}}