{"id":632,"date":"2023-09-01T07:37:25","date_gmt":"2023-09-01T07:37:25","guid":{"rendered":"https:\/\/millinews.az\/?p=632"},"modified":"2023-09-01T07:37:27","modified_gmt":"2023-09-01T07:37:27","slug":"afaq-aslana-765-minlik-lamborghini-h%c9%99diyy%c9%99-ed%c9%99n-bu-s%c9%99xs-imis-foto","status":"publish","type":"post","link":"https:\/\/millitv.net\/?p=632","title":{"rendered":"Afaq Aslana 765 minlik \u201cLAMBORGHINI\u201d h\u0259diyy\u0259 ed\u0259n bu \u015f\u0259xs imi\u015f &#8211; FOTO"},"content":{"rendered":"\n<p><strong>Az\u0259rbaycanl\u0131 m\u00fc\u011f\u0259nni, model Afaq Aslana bahal\u0131 avtomobil h\u0259diyy\u0259 edilib.&nbsp;<\/strong><br>Afaq\u0131n&nbsp; ail\u0259 quraca\u011f\u0131 deyil\u0259n sevgilisi ona \u201cLamborghini Urus\u201d ma\u015f\u0131n\u0131 ba\u011f\u0131\u015flay\u0131b. Avtomobilin qiym\u0259tinin 450 min dollar (t\u0259xmin\u0259n 765 min AZN) oldu\u011fu bildirilib.&nbsp;<\/p>\n\n\n\n<p>Model q\u0131sa m\u00fcdd\u0259t \u0259rzind\u0259 h\u0259m serbiyal\u0131, h\u0259m d\u0259 hollandiyal\u0131 olan i\u015f adam\u0131 il\u0259 ail\u0259 h\u0259yat\u0131 quracaq.&nbsp;<\/p>\n\n\n\n<p>Xat\u0131rladaq ki, Afaq Aslan uzun m\u00fcdd\u0259tdir Az\u0259rbaycandan k\u00f6\u00e7\u0259r\u0259k xaricd\u0259 ya\u015fay\u0131r.<\/p>\n\n\n\n<figure class=\"wp-block-image\"><img decoding=\"async\" src=\"https:\/\/millishow.az\/uploads\/image\/min\/2023-09\/64f17fc4dd340202309230804.jpg\" alt=\"64f17fc4dd340202309230804\" title=\"\"><\/figure>\n","protected":false},"excerpt":{"rendered":"<p>Az\u0259rbaycanl\u0131 m\u00fc\u011f\u0259nni, model Afaq Aslana bahal\u0131 avtomobil h\u0259diyy\u0259 edilib.&nbsp;Afaq\u0131n&nbsp; ail\u0259 quraca\u011f\u0131 deyil\u0259n sevgilisi ona \u201cLamborghini Urus\u201d ma\u015f\u0131n\u0131 ba\u011f\u0131\u015flay\u0131b. Avtomobilin qiym\u0259tinin 450 min dollar (t\u0259xmin\u0259n 765 min AZN) oldu\u011fu bildirilib.&nbsp; Model q\u0131sa m\u00fcdd\u0259t \u0259rzind\u0259 h\u0259m serbiyal\u0131, h\u0259m d\u0259 hollandiyal\u0131 olan i\u015f adam\u0131 il\u0259 ail\u0259 h\u0259yat\u0131 quracaq.&nbsp; Xat\u0131rladaq ki, Afaq Aslan uzun m\u00fcdd\u0259tdir Az\u0259rbaycandan k\u00f6\u00e7\u0259r\u0259k xaricd\u0259 ya\u015fay\u0131r.<\/p>\n","protected":false},"author":1,"featured_media":633,"comment_status":"open","ping_status":"closed","sticky":false,"template":"","format":"standard","meta":{"footnotes":""},"categories":[6],"tags":[],"class_list":["post-632","post","type-post","status-publish","format-standard","has-post-thumbnail","hentry","category-maqazin"],"_links":{"self":[{"href":"https:\/\/millitv.net\/index.php?rest_route=\/wp\/v2\/posts\/632","targetHints":{"allow":["GET"]}}],"collection":[{"href":"https:\/\/millitv.net\/index.php?rest_route=\/wp\/v2\/posts"}],"about":[{"href":"https:\/\/millitv.net\/index.php?rest_route=\/wp\/v2\/types\/post"}],"author":[{"embeddable":true,"href":"https:\/\/millitv.net\/index.php?rest_route=\/wp\/v2\/users\/1"}],"replies":[{"embeddable":true,"href":"https:\/\/millitv.net\/index.php?rest_route=%2Fwp%2Fv2%2Fcomments&post=632"}],"version-history":[{"count":0,"href":"https:\/\/millitv.net\/index.php?rest_route=\/wp\/v2\/posts\/632\/revisions"}],"wp:featuredmedia":[{"embeddable":true,"href":"https:\/\/millitv.net\/index.php?rest_route=\/wp\/v2\/media\/633"}],"wp:attachment":[{"href":"https:\/\/millitv.net\/index.php?rest_route=%2Fwp%2Fv2%2Fmedia&parent=632"}],"wp:term":[{"taxonomy":"category","embeddable":true,"href":"https:\/\/millitv.net\/index.php?rest_route=%2Fwp%2Fv2%2Fcategories&post=632"},{"taxonomy":"post_tag","embeddable":true,"href":"https:\/\/millitv.net\/index.php?rest_route=%2Fwp%2Fv2%2Ftags&post=632"}],"curies":[{"name":"wp","href":"https:\/\/api.w.org\/{rel}","templated":true}]}}