{"id":6308,"date":"2023-10-29T18:01:33","date_gmt":"2023-10-29T18:01:33","guid":{"rendered":"https:\/\/millinews.az\/xeber\/israil-ordusu-livandan-israil%C9%99-raket-atanlara-z%C9%99rb%C9%99l%C9%99r-endiri\/"},"modified":"2023-10-29T18:01:33","modified_gmt":"2023-10-29T18:01:33","slug":"israil-ordusu-livandan-israil%C9%99-raket-atanlara-z%C9%99rb%C9%99l%C9%99r-endiri","status":"publish","type":"post","link":"https:\/\/millitv.net\/?p=6308","title":{"rendered":"\u0130srail ordusu Livandan \u0130srail\u0259 raket atanlara z\u0259rb\u0259l\u0259r endiri"},"content":{"rendered":"<p><img decoding=\"async\" src=\"https:\/\/Millinews.az\/storage\/2023\/10\/17\/raket_israil.jpg\" alt=\"\" title=\"\"><\/p>\n<div id=\"mvp-content-main\">\n<p><strong>\u0130srail M\u00fcdafi\u0259 Q\u00fcvv\u0259l\u0259ri (IDF) Livan \u0259razisind\u0259n raket h\u00fccumunun qar\u015f\u0131s\u0131n\u0131 ald\u0131\u011f\u0131n\u0131 bildirib.<\/strong><\/p>\n<p><strong><a target=\"_blank\" href=\"https:\/\/Millinews.az\" rel=\"noopener\">Millinews.az<\/a><\/strong> x\u0259b\u0259r verir ki, bu bar\u0259d\u0259 IDF-nin &#8220;Telegram&#8221; kanal\u0131 m\u0259lumat yay\u0131b.<\/p>\n<p>&#8220;Terror\u00e7u qrup Livandan Avivim b\u00f6lg\u0259sind\u0259 \u0130srail \u0259razisin\u0259 tank \u0259leyhin\u0259 raketl\u0259r atma\u011fa c\u0259hd edib. \u0130DF d\u00f6y\u00fc\u015f\u00e7\u00fcl\u0259ri terror\u00e7ular\u0131n h\u00fccr\u0259sini vurublar&#8221;, &#8211; dey\u0259 \u0130srail M\u00fcdafi\u0259 Nazirliyi bildirib.<\/p>\n<p>Bundan \u0259vv\u0259l \u0130DF Q\u0259zzan\u0131n \u015fimal\u0131nda H\u018fMAS h\u0259d\u0259fl\u0259rin\u0259 z\u0259rb\u0259l\u0259r endirdiyini v\u0259 at\u0131\u015fmalar\u0131n ba\u015f verdiyini bildirmi\u015fdi .<\/p>\n<p>Oktyabr\u0131n 7-d\u0259 Q\u0259zza zola\u011f\u0131ndan minl\u0259rl\u0259 H\u018fMAS yaraql\u0131s\u0131n\u0131n \u0130srail \u0259razisin\u0259 s\u0131zmas\u0131ndan sonra Yax\u0131n \u015e\u0259rqd\u0259 v\u0259ziyy\u0259t pisl\u0259\u015fib. \u0130ki y\u00fczd\u0259n \u00e7ox girov v\u0259 \u0259sir g\u00f6t\u00fcr\u00fcl\u00fcb.<\/p>\n<p>H\u0259min g\u00fcn H\u018fMAS \u0130srail\u0259 bir ne\u00e7\u0259 min raket at\u0131b v\u0259 &#8220;\u018fl-\u018fqsa Tufan\u0131&#8221; \u0259m\u0259liyyat\u0131n\u0131n ba\u015flad\u0131\u011f\u0131n\u0131 elan etdi. Buna cavab olaraq \u0130srailin ba\u015f naziri Benyamin Netanyahu \u00f6lk\u0259nin m\u00fcharib\u0259 v\u0259ziyy\u0259tind\u0259 oldu\u011funu a\u00e7\u0131qlay\u0131b.<\/p>\n<p><strong>H\u00fcseyn \u0130badl\u0131<\/strong><\/p>\n<\/p><\/div>\n<p><script>\n        (function (d, s, id) {\n            var js, fjs = d.getElementsByTagName(s)[0];\n            if (d.getElementById(id)) return;\n            js = d.createElement(s);\n            js.id = id;\n            js.src = \"\/\/connect.facebook.net\/az_AZ\/sdk.js#xfbml=1&version=v2.7&appId=\";\n            fjs.parentNode.insertBefore(js, fjs);\n        }(document, 'script', 'facebook-jssdk'));\n    <\/script><\/p>\n","protected":false},"excerpt":{"rendered":"<p>\u0130srail M\u00fcdafi\u0259 Q\u00fcvv\u0259l\u0259ri (IDF) Livan \u0259razisind\u0259n raket h\u00fccumunun qar\u015f\u0131s\u0131n\u0131 ald\u0131\u011f\u0131n\u0131 bildirib. Millinews.az x\u0259b\u0259r verir ki, bu bar\u0259d\u0259 IDF-nin &#8220;Telegram&#8221; kanal\u0131 m\u0259lumat yay\u0131b. &#8220;Terror\u00e7u qrup Livandan Avivim b\u00f6lg\u0259sind\u0259 \u0130srail \u0259razisin\u0259 tank \u0259leyhin\u0259 raketl\u0259r atma\u011fa c\u0259hd edib. \u0130DF d\u00f6y\u00fc\u015f\u00e7\u00fcl\u0259ri terror\u00e7ular\u0131n h\u00fccr\u0259sini vurublar&#8221;, &#8211; dey\u0259 \u0130srail M\u00fcdafi\u0259 Nazirliyi bildirib. Bundan \u0259vv\u0259l \u0130DF Q\u0259zzan\u0131n \u015fimal\u0131nda H\u018fMAS h\u0259d\u0259fl\u0259rin\u0259 z\u0259rb\u0259l\u0259r endirdiyini &hellip;<\/p>\n","protected":false},"author":1,"featured_media":2731,"comment_status":"open","ping_status":"closed","sticky":false,"template":"","format":"standard","meta":{"footnotes":""},"categories":[9],"tags":[],"class_list":["post-6308","post","type-post","status-publish","format-standard","has-post-thumbnail","hentry","category-xeber"],"_links":{"self":[{"href":"https:\/\/millitv.net\/index.php?rest_route=\/wp\/v2\/posts\/6308","targetHints":{"allow":["GET"]}}],"collection":[{"href":"https:\/\/millitv.net\/index.php?rest_route=\/wp\/v2\/posts"}],"about":[{"href":"https:\/\/millitv.net\/index.php?rest_route=\/wp\/v2\/types\/post"}],"author":[{"embeddable":true,"href":"https:\/\/millitv.net\/index.php?rest_route=\/wp\/v2\/users\/1"}],"replies":[{"embeddable":true,"href":"https:\/\/millitv.net\/index.php?rest_route=%2Fwp%2Fv2%2Fcomments&post=6308"}],"version-history":[{"count":0,"href":"https:\/\/millitv.net\/index.php?rest_route=\/wp\/v2\/posts\/6308\/revisions"}],"wp:featuredmedia":[{"embeddable":true,"href":"https:\/\/millitv.net\/index.php?rest_route=\/wp\/v2\/media\/2731"}],"wp:attachment":[{"href":"https:\/\/millitv.net\/index.php?rest_route=%2Fwp%2Fv2%2Fmedia&parent=6308"}],"wp:term":[{"taxonomy":"category","embeddable":true,"href":"https:\/\/millitv.net\/index.php?rest_route=%2Fwp%2Fv2%2Fcategories&post=6308"},{"taxonomy":"post_tag","embeddable":true,"href":"https:\/\/millitv.net\/index.php?rest_route=%2Fwp%2Fv2%2Ftags&post=6308"}],"curies":[{"name":"wp","href":"https:\/\/api.w.org\/{rel}","templated":true}]}}