{"id":6297,"date":"2023-10-29T17:03:30","date_gmt":"2023-10-29T17:03:30","guid":{"rendered":"https:\/\/millinews.az\/xeber\/turkiy%C9%99-sulh-t%C9%99s%C9%99bbusl%C9%99rinin-ir%C9%99li-aparilmasinda-soz-sahibidir\/"},"modified":"2023-10-29T17:03:30","modified_gmt":"2023-10-29T17:03:30","slug":"turkiy%C9%99-sulh-t%C9%99s%C9%99bbusl%C9%99rinin-ir%C9%99li-aparilmasinda-soz-sahibidir","status":"publish","type":"post","link":"https:\/\/millitv.net\/?p=6297","title":{"rendered":"&#8220;T\u00fcrkiy\u0259 s\u00fclh t\u0259\u015f\u0259bb\u00fcsl\u0259rinin ir\u0259li apar\u0131lmas\u0131nda s\u00f6z sahibidir&#8221;"},"content":{"rendered":"<p><img decoding=\"async\" src=\"https:\/\/Millinews.az\/storage\/2022\/08\/30\/sahibe.jpg\" alt=\"\" title=\"\"><\/p>\n<div id=\"mvp-content-main\">\n<p><strong>\u201cHaqq-\u0259dal\u0259t v\u0259 d\u00fcr\u00fcstl\u00fck meyarlar\u0131 \u00fcz\u0259rind\u0259 qurulan T\u00fcrkiy\u0259 diplomatiyas\u0131 ixtilaflar\u0131n yoluna qoyulmas\u0131nda, dialoqun inki\u015faf\u0131nda v\u0259 s\u00fclh t\u0259\u015f\u0259bb\u00fcsl\u0259rinin ir\u0259li apar\u0131lmas\u0131nda s\u00f6z sahibidir\u201d.<\/strong><\/p>\n<p><strong><a target=\"_blank\" href=\"https:\/\/Millinews.az\" rel=\"noopener\">Millinews.az<\/a> <\/strong>x\u0259b\u0259r verir ki, bu fikirl\u0259ri Milli M\u0259clisin s\u0259dri Sahib\u0259 Qafarova T\u00fcrkiy\u0259 Respublikas\u0131n\u0131n yaranmas\u0131n\u0131n 100 illiyi m\u00fcnasib\u0259til\u0259 ke\u00e7iril\u0259n t\u0259dbird\u0259 s\u0259sl\u0259ndirib.<\/p>\n<p>Milli M\u0259clisin s\u0259dri bildirib ki, T\u00fcrkiy\u0259nin Birl\u0259\u015fmi\u015f Mill\u0259tl\u0259r T\u0259\u015fkilat\u0131, NATO, \u201cB\u00f6y\u00fck iyirmilik\u201d, \u0130slam \u018fm\u0259kda\u015fl\u0131\u011f\u0131 T\u0259\u015fkilat\u0131, T\u00fcrk D\u00f6vl\u0259tl\u0259ri T\u0259\u015fkilat\u0131 kimi beyn\u0259lxalq t\u0259sisatlarda yax\u0131ndan i\u015ftirak\u0131 onu s\u00fclh v\u0259 sabitlik u\u011frunda \u00e7\u0131x\u0131\u015f ed\u0259n qlobal oyun\u00e7uya \u00e7evirib.<\/p>\n<p>&#8220;Siyas\u0259tini d\u00fcny\u0259vilik, demokratiya v\u0259 mill\u0259t\u00e7ilik kimi t\u0259m\u0259l prinsipl\u0259r \u0259sas\u0131nda quran T\u00fcrkiy\u0259 son iyirmi ild\u0259 b\u00f6y\u00fck siyasi v\u0259 d\u00f6vl\u0259t xadimi, Prezident R\u0259c\u0259b Tayyib \u018frdo\u011fan\u0131n r\u0259hb\u0259rliyi il\u0259 m\u00f6ht\u0259\u015f\u0259m u\u011furlara imza at\u0131b&#8221; &#8211; S.Qafarova vur\u011fulay\u0131b.<\/p>\n<p>Bu g\u00fcn T\u00fcrkiy\u0259 Ordusu, h\u0259rbi hava v\u0259 h\u0259rbi d\u0259niz q\u00fcvv\u0259l\u0259rinin d\u00fcnyan\u0131n \u0259n g\u00fccl\u00fc silahl\u0131 q\u00fcvv\u0259l\u0259ri s\u0131ras\u0131nda oldu\u011funu diqq\u0259t\u0259 \u00e7atd\u0131ran Milli M\u0259clisin s\u0259dri \u201cT\u00fcrkiy\u0259 y\u00fcz ili\u201d konsepsiyas\u0131n\u0131n yeni \u0259srd\u0259 T\u00fcrkiy\u0259y\u0259 daha b\u00f6y\u00fck nailiyy\u0259tl\u0259r qazand\u0131raca\u011f\u0131ndan \u0259minliyini ifad\u0259 edib.<\/p>\n<\/p><\/div>\n<p><script>\n        (function (d, s, id) {\n            var js, fjs = d.getElementsByTagName(s)[0];\n            if (d.getElementById(id)) return;\n            js = d.createElement(s);\n            js.id = id;\n            js.src = \"\/\/connect.facebook.net\/az_AZ\/sdk.js#xfbml=1&version=v2.7&appId=\";\n            fjs.parentNode.insertBefore(js, fjs);\n        }(document, 'script', 'facebook-jssdk'));\n    <\/script><\/p>\n","protected":false},"excerpt":{"rendered":"<p>\u201cHaqq-\u0259dal\u0259t v\u0259 d\u00fcr\u00fcstl\u00fck meyarlar\u0131 \u00fcz\u0259rind\u0259 qurulan T\u00fcrkiy\u0259 diplomatiyas\u0131 ixtilaflar\u0131n yoluna qoyulmas\u0131nda, dialoqun inki\u015faf\u0131nda v\u0259 s\u00fclh t\u0259\u015f\u0259bb\u00fcsl\u0259rinin ir\u0259li apar\u0131lmas\u0131nda s\u00f6z sahibidir\u201d. Millinews.az x\u0259b\u0259r verir ki, bu fikirl\u0259ri Milli M\u0259clisin s\u0259dri Sahib\u0259 Qafarova T\u00fcrkiy\u0259 Respublikas\u0131n\u0131n yaranmas\u0131n\u0131n 100 illiyi m\u00fcnasib\u0259til\u0259 ke\u00e7iril\u0259n t\u0259dbird\u0259 s\u0259sl\u0259ndirib. Milli M\u0259clisin s\u0259dri bildirib ki, T\u00fcrkiy\u0259nin Birl\u0259\u015fmi\u015f Mill\u0259tl\u0259r T\u0259\u015fkilat\u0131, NATO, \u201cB\u00f6y\u00fck iyirmilik\u201d, \u0130slam \u018fm\u0259kda\u015fl\u0131\u011f\u0131 T\u0259\u015fkilat\u0131, &hellip;<\/p>\n","protected":false},"author":1,"featured_media":6298,"comment_status":"open","ping_status":"closed","sticky":false,"template":"","format":"standard","meta":{"footnotes":""},"categories":[9],"tags":[],"class_list":["post-6297","post","type-post","status-publish","format-standard","has-post-thumbnail","hentry","category-xeber"],"_links":{"self":[{"href":"https:\/\/millitv.net\/index.php?rest_route=\/wp\/v2\/posts\/6297","targetHints":{"allow":["GET"]}}],"collection":[{"href":"https:\/\/millitv.net\/index.php?rest_route=\/wp\/v2\/posts"}],"about":[{"href":"https:\/\/millitv.net\/index.php?rest_route=\/wp\/v2\/types\/post"}],"author":[{"embeddable":true,"href":"https:\/\/millitv.net\/index.php?rest_route=\/wp\/v2\/users\/1"}],"replies":[{"embeddable":true,"href":"https:\/\/millitv.net\/index.php?rest_route=%2Fwp%2Fv2%2Fcomments&post=6297"}],"version-history":[{"count":0,"href":"https:\/\/millitv.net\/index.php?rest_route=\/wp\/v2\/posts\/6297\/revisions"}],"wp:featuredmedia":[{"embeddable":true,"href":"https:\/\/millitv.net\/index.php?rest_route=\/wp\/v2\/media\/6298"}],"wp:attachment":[{"href":"https:\/\/millitv.net\/index.php?rest_route=%2Fwp%2Fv2%2Fmedia&parent=6297"}],"wp:term":[{"taxonomy":"category","embeddable":true,"href":"https:\/\/millitv.net\/index.php?rest_route=%2Fwp%2Fv2%2Fcategories&post=6297"},{"taxonomy":"post_tag","embeddable":true,"href":"https:\/\/millitv.net\/index.php?rest_route=%2Fwp%2Fv2%2Ftags&post=6297"}],"curies":[{"name":"wp","href":"https:\/\/api.w.org\/{rel}","templated":true}]}}