{"id":6272,"date":"2023-10-29T15:26:48","date_gmt":"2023-10-29T15:26:48","guid":{"rendered":"https:\/\/millinews.az\/xeber\/iraq-parlamentinin-deputatlari-susada-foto\/"},"modified":"2023-10-29T15:26:48","modified_gmt":"2023-10-29T15:26:48","slug":"iraq-parlamentinin-deputatlari-susada-foto","status":"publish","type":"post","link":"https:\/\/millitv.net\/?p=6272","title":{"rendered":"\u0130raq parlamentinin deputatlar\u0131 \u015eu\u015fada &#8211; FOTO"},"content":{"rendered":"<p><img decoding=\"async\" src=\"https:\/\/Millinews.az\/storage\/2023\/10\/29\/10af3bbf-0efc-3513-bc79-27954f2b5a0f_850.jpg\" alt=\"\" title=\"\"><\/p>\n<div id=\"mvp-content-main\">\n<p><strong>\u00d6lk\u0259mizd\u0259 s\u0259f\u0259rd\u0259 olan \u0130raq Respublikas\u0131 N\u00fcmay\u0259nd\u0259l\u0259r \u015euras\u0131n\u0131n \u0130nsan haqlar\u0131 komit\u0259sinin s\u0259dri \u018fr\u015fad R\u0259\u015fad \u018fl-Salihinin r\u0259hb\u0259rlik etdiyi \u0130raq parlamentinin n\u00fcmay\u0259nd\u0259 hey\u0259ti oktyabr\u0131n 29-da \u015eu\u015fa \u015f\u0259h\u0259rin\u0259 s\u0259f\u0259r edib.<\/strong><\/p>\n<p><strong><a target=\"_blank\" href=\"https:\/\/Millinews.az\" rel=\"noopener\">Millinews.az<\/a> <\/strong>x\u0259b\u0259r verir ki, bu bar\u0259d\u0259 Milli M\u0259clisin M\u0259tbuat v\u0259 ictimaiyy\u0259tl\u0259 \u0259laq\u0259l\u0259r \u015f\u00f6b\u0259si m\u0259lumat yay\u0131b.<\/p>\n<p>\u018fvv\u0259lc\u0259 qonaqlar F\u00fczuli rayonuna g\u0259libl\u0259r. F\u00fczuli rayonunda qonaqlar F\u00fczuli Beyn\u0259lxalq Hava Liman\u0131 il\u0259 tan\u0131\u015f olublar, i\u015f\u011fal d\u00f6vr\u00fcnd\u0259 erm\u0259nil\u0259r t\u0259r\u0259find\u0259n t\u00f6r\u0259dilmi\u015f da\u011f\u0131nt\u0131lara bax\u0131\u015f ke\u00e7iribl\u0259r. N\u00fcmay\u0259nd\u0259 hey\u0259tin\u0259 i\u015f\u011faldan azad edildikd\u0259n sonra rayonda Az\u0259rbaycan d\u00f6vl\u0259ti t\u0259r\u0259find\u0259n apar\u0131lan yenid\u0259nqurma i\u015fl\u0259ri, h\u0259yata ke\u00e7iril\u0259n layih\u0259l\u0259r bar\u0259d\u0259 m\u0259lumat verilib.<\/p>\n<p>Sonra \u015eu\u015faya g\u0259l\u0259n qonaqlara \u015f\u0259h\u0259rin tarixi, i\u015f\u011fal d\u00f6vr\u00fcnd\u0259ki v\u0259ziyy\u0259ti v\u0259 \u015eu\u015fada c\u0259nab Prezident \u0130lham \u018fliyevin v\u0259 Birinci vitse-prezident Mehriban xan\u0131m \u018fliyevan\u0131n birba\u015fa n\u0259zar\u0259ti alt\u0131nda apar\u0131lan b\u0259rpa v\u0259 quruculuq i\u015fl\u0259ri bar\u0259d\u0259 m\u0259lumat verilib.<\/p>\n<p>S\u0259f\u0259r \u00e7\u0259r\u00e7iv\u0259sind\u0259 n\u00fcmay\u0259nd\u0259 hey\u0259ti Yuxar\u0131 G\u00f6vh\u0259ra\u011fa m\u0259scidi v\u0259 dig\u0259r abid\u0259l\u0259rl\u0259 tan\u0131\u015f olublar, C\u0131d\u0131r d\u00fcz\u00fcn\u0259 qalx\u0131blar. Qeyd edilib ki, 44 g\u00fcnl\u00fck V\u0259t\u0259n m\u00fcharib\u0259sind\u0259 q\u0259hr\u0259man \u0259sg\u0259rl\u0259rimiz b\u00f6y\u00fck \u015f\u00fcca\u0259t g\u00f6st\u0259r\u0259r\u0259k s\u0131ld\u0131r\u0131m qayalarla C\u0131d\u0131r d\u00fcz\u00fcn\u0259 qalxm\u0131\u015f, canlar\u0131 v\u0259 qanlar\u0131 bahas\u0131na \u015eu\u015fan\u0131 i\u015f\u011faldan azad edibl\u0259r.<\/p>\n<p>Sonra qonaqlar \u015eu\u015fan\u0131n Qala divarlar\u0131n\u0131 seyr edibl\u0259r, \u015e\u0259h\u0259r meydan\u0131na ba\u015f \u00e7\u0259kibl\u0259r. Onlara \u015e\u0259h\u0259r Meydan\u0131, orada qoyulmu\u015f Az\u0259rbaycan\u0131n g\u00f6rk\u0259mli m\u0259d\u0259niyy\u0259t xadiml\u0259ri Xur\u015fidbanu Nat\u0259van\u0131n, B\u00fclb\u00fcl\u00fcn, \u00dczeyir Hac\u0131b\u0259ylinin heyk\u0259ll\u0259rinin i\u015f\u011fal d\u00f6vr\u00fcnd\u0259 erm\u0259nil\u0259r t\u0259r\u0259find\u0259n g\u00fcll\u0259l\u0259nm\u0259si bar\u0259d\u0259 m\u0259lumat verilib.<\/p>\n<p>Bununla da \u0130raq parlamentinin N\u00fcmay\u0259nd\u0259l\u0259r \u015euras\u0131n\u0131n \u00fczvl\u0259rinin \u015eu\u015faya s\u0259f\u0259ri ba\u015fa \u00e7at\u0131b.<\/p>\n<\/p><\/div>\n<p><script>\n        (function (d, s, id) {\n            var js, fjs = d.getElementsByTagName(s)[0];\n            if (d.getElementById(id)) return;\n            js = d.createElement(s);\n            js.id = id;\n            js.src = \"\/\/connect.facebook.net\/az_AZ\/sdk.js#xfbml=1&version=v2.7&appId=\";\n            fjs.parentNode.insertBefore(js, fjs);\n        }(document, 'script', 'facebook-jssdk'));\n    <\/script><\/p>\n","protected":false},"excerpt":{"rendered":"<p>\u00d6lk\u0259mizd\u0259 s\u0259f\u0259rd\u0259 olan \u0130raq Respublikas\u0131 N\u00fcmay\u0259nd\u0259l\u0259r \u015euras\u0131n\u0131n \u0130nsan haqlar\u0131 komit\u0259sinin s\u0259dri \u018fr\u015fad R\u0259\u015fad \u018fl-Salihinin r\u0259hb\u0259rlik etdiyi \u0130raq parlamentinin n\u00fcmay\u0259nd\u0259 hey\u0259ti oktyabr\u0131n 29-da \u015eu\u015fa \u015f\u0259h\u0259rin\u0259 s\u0259f\u0259r edib. Millinews.az x\u0259b\u0259r verir ki, bu bar\u0259d\u0259 Milli M\u0259clisin M\u0259tbuat v\u0259 ictimaiyy\u0259tl\u0259 \u0259laq\u0259l\u0259r \u015f\u00f6b\u0259si m\u0259lumat yay\u0131b. \u018fvv\u0259lc\u0259 qonaqlar F\u00fczuli rayonuna g\u0259libl\u0259r. F\u00fczuli rayonunda qonaqlar F\u00fczuli Beyn\u0259lxalq Hava Liman\u0131 il\u0259 tan\u0131\u015f &hellip;<\/p>\n","protected":false},"author":1,"featured_media":6273,"comment_status":"open","ping_status":"closed","sticky":false,"template":"","format":"standard","meta":{"footnotes":""},"categories":[9],"tags":[],"class_list":["post-6272","post","type-post","status-publish","format-standard","has-post-thumbnail","hentry","category-xeber"],"_links":{"self":[{"href":"https:\/\/millitv.net\/index.php?rest_route=\/wp\/v2\/posts\/6272","targetHints":{"allow":["GET"]}}],"collection":[{"href":"https:\/\/millitv.net\/index.php?rest_route=\/wp\/v2\/posts"}],"about":[{"href":"https:\/\/millitv.net\/index.php?rest_route=\/wp\/v2\/types\/post"}],"author":[{"embeddable":true,"href":"https:\/\/millitv.net\/index.php?rest_route=\/wp\/v2\/users\/1"}],"replies":[{"embeddable":true,"href":"https:\/\/millitv.net\/index.php?rest_route=%2Fwp%2Fv2%2Fcomments&post=6272"}],"version-history":[{"count":0,"href":"https:\/\/millitv.net\/index.php?rest_route=\/wp\/v2\/posts\/6272\/revisions"}],"wp:featuredmedia":[{"embeddable":true,"href":"https:\/\/millitv.net\/index.php?rest_route=\/wp\/v2\/media\/6273"}],"wp:attachment":[{"href":"https:\/\/millitv.net\/index.php?rest_route=%2Fwp%2Fv2%2Fmedia&parent=6272"}],"wp:term":[{"taxonomy":"category","embeddable":true,"href":"https:\/\/millitv.net\/index.php?rest_route=%2Fwp%2Fv2%2Fcategories&post=6272"},{"taxonomy":"post_tag","embeddable":true,"href":"https:\/\/millitv.net\/index.php?rest_route=%2Fwp%2Fv2%2Ftags&post=6272"}],"curies":[{"name":"wp","href":"https:\/\/api.w.org\/{rel}","templated":true}]}}