{"id":6203,"date":"2023-10-29T09:46:33","date_gmt":"2023-10-29T09:46:33","guid":{"rendered":"https:\/\/millinews.az\/xeber\/bakida-musiqi-forumu-kecirilir\/"},"modified":"2023-10-29T09:46:33","modified_gmt":"2023-10-29T09:46:33","slug":"bakida-musiqi-forumu-kecirilir","status":"publish","type":"post","link":"https:\/\/millitv.net\/?p=6203","title":{"rendered":"Bak\u0131da &#8220;Musiqi forumu&#8221; ke\u00e7irilir"},"content":{"rendered":"<p><img decoding=\"async\" src=\"https:\/\/Millinews.az\/storage\/2023\/10\/29\/a25e4616-d0b4-324c-934c-fb20b2130f0a_850.jpg\" alt=\"\" title=\"\"><\/p>\n<div id=\"mvp-content-main\">\n<p><strong>\u00dcmummilli lider Heyd\u0259r \u018fliyevin 100 illik yubiley t\u0259dbirl\u0259ri \u00e7\u0259r\u00e7iv\u0259sind\u0259 &#8220;Musiqi forumu&#8221; ke\u00e7irilir.<\/strong><\/p>\n<p><strong><a target=\"_blank\" href=\"https:\/\/Millinews.az\" rel=\"noopener\">Millinews.az<\/a><\/strong> x\u0259b\u0259r verir ki, t\u0259dbir Heyd\u0259r \u018fliyev Fondu v\u0259 M\u0259d\u0259niyy\u0259t Nazirliyinin birg\u0259 t\u0259\u015fkilat\u00e7\u0131l\u0131\u011f\u0131 il\u0259 ba\u015f tutub.<\/p>\n<p>&#8220;G\u00fcl\u00fcstan&#8221; saray\u0131nda ke\u00e7iril\u0259n festivalda, m\u0259d\u0259niyy\u0259t nazir Adil K\u0259rimli, m\u0259d\u0259niyy\u0259t v\u0259 ictimaiyy\u0259t n\u00fcmay\u0259nd\u0259l\u0259ri i\u015ftirak edirl\u0259r.<\/p>\n<\/p><\/div>\n<p><script>\n        (function (d, s, id) {\n            var js, fjs = d.getElementsByTagName(s)[0];\n            if (d.getElementById(id)) return;\n            js = d.createElement(s);\n            js.id = id;\n            js.src = \"\/\/connect.facebook.net\/az_AZ\/sdk.js#xfbml=1&version=v2.7&appId=\";\n            fjs.parentNode.insertBefore(js, fjs);\n        }(document, 'script', 'facebook-jssdk'));\n    <\/script><\/p>\n","protected":false},"excerpt":{"rendered":"<p>\u00dcmummilli lider Heyd\u0259r \u018fliyevin 100 illik yubiley t\u0259dbirl\u0259ri \u00e7\u0259r\u00e7iv\u0259sind\u0259 &#8220;Musiqi forumu&#8221; ke\u00e7irilir. Millinews.az x\u0259b\u0259r verir ki, t\u0259dbir Heyd\u0259r \u018fliyev Fondu v\u0259 M\u0259d\u0259niyy\u0259t Nazirliyinin birg\u0259 t\u0259\u015fkilat\u00e7\u0131l\u0131\u011f\u0131 il\u0259 ba\u015f tutub. &#8220;G\u00fcl\u00fcstan&#8221; saray\u0131nda ke\u00e7iril\u0259n festivalda, m\u0259d\u0259niyy\u0259t nazir Adil K\u0259rimli, m\u0259d\u0259niyy\u0259t v\u0259 ictimaiyy\u0259t n\u00fcmay\u0259nd\u0259l\u0259ri i\u015ftirak edirl\u0259r.<\/p>\n","protected":false},"author":1,"featured_media":6204,"comment_status":"open","ping_status":"closed","sticky":false,"template":"","format":"standard","meta":{"footnotes":""},"categories":[9],"tags":[],"class_list":["post-6203","post","type-post","status-publish","format-standard","has-post-thumbnail","hentry","category-xeber"],"_links":{"self":[{"href":"https:\/\/millitv.net\/index.php?rest_route=\/wp\/v2\/posts\/6203","targetHints":{"allow":["GET"]}}],"collection":[{"href":"https:\/\/millitv.net\/index.php?rest_route=\/wp\/v2\/posts"}],"about":[{"href":"https:\/\/millitv.net\/index.php?rest_route=\/wp\/v2\/types\/post"}],"author":[{"embeddable":true,"href":"https:\/\/millitv.net\/index.php?rest_route=\/wp\/v2\/users\/1"}],"replies":[{"embeddable":true,"href":"https:\/\/millitv.net\/index.php?rest_route=%2Fwp%2Fv2%2Fcomments&post=6203"}],"version-history":[{"count":0,"href":"https:\/\/millitv.net\/index.php?rest_route=\/wp\/v2\/posts\/6203\/revisions"}],"wp:featuredmedia":[{"embeddable":true,"href":"https:\/\/millitv.net\/index.php?rest_route=\/wp\/v2\/media\/6204"}],"wp:attachment":[{"href":"https:\/\/millitv.net\/index.php?rest_route=%2Fwp%2Fv2%2Fmedia&parent=6203"}],"wp:term":[{"taxonomy":"category","embeddable":true,"href":"https:\/\/millitv.net\/index.php?rest_route=%2Fwp%2Fv2%2Fcategories&post=6203"},{"taxonomy":"post_tag","embeddable":true,"href":"https:\/\/millitv.net\/index.php?rest_route=%2Fwp%2Fv2%2Ftags&post=6203"}],"curies":[{"name":"wp","href":"https:\/\/api.w.org\/{rel}","templated":true}]}}