{"id":6174,"date":"2023-10-29T07:49:45","date_gmt":"2023-10-29T07:49:45","guid":{"rendered":"https:\/\/millinews.az\/xeber\/vinisius-el-klassikoda-irqcilikl%C9%99-uzl%C9%99sdi\/"},"modified":"2023-10-29T07:49:45","modified_gmt":"2023-10-29T07:49:45","slug":"vinisius-el-klassikoda-irqcilikl%C9%99-uzl%C9%99sdi","status":"publish","type":"post","link":"https:\/\/millitv.net\/?p=6174","title":{"rendered":"Vinisius &#8220;El Klassiko&#8221;da irq\u00e7ilikl\u0259 \u00fczl\u0259\u015fdi"},"content":{"rendered":"<p><img decoding=\"async\" src=\"https:\/\/Millinews.az\/storage\/2023\/10\/29\/afb26e3a-1c0f-34d6-8aea-b47ea561d270_850.jpg\" alt=\"\" title=\"\"><\/p>\n<div id=\"mvp-content-main\">\n<p><strong>\u0130spaniyan\u0131n &#8220;Real&#8221; klubunun futbol\u00e7usu Vinisius Junior n\u00f6vb\u0259ti d\u0259f\u0259 irq\u00e7iliy\u0259 m\u0259ruz qal\u0131b.<\/strong><\/p>\n<p><strong><a target=\"_blank\" href=\"https:\/\/Millinews.az\" rel=\"noopener\">Millinews.az<\/a><\/strong> <a href=\"https:\/\/www.marca.com\/futbol\/primera-division\/2023\/10\/28\/653d4197ca474199548b45a1.html\" target=\"_blank\" rel=\"noopener\">&#8220;Marca&#8221;<\/a>ya istinad\u0259n x\u0259b\u0259r verir ki, &#8220;Barselona&#8221; azarke\u015fl\u0259ri komandalar\u0131n\u0131n 1:2 hesab\u0131 il\u0259 uduzdu\u011fu &#8220;El Klassiko&#8221;da 23 ya\u015fl\u0131 h\u00fccum\u00e7unu t\u0259hqir edibl\u0259r.<\/p>\n<p>Braziliyal\u0131 oyun\u00e7u mat\u00e7\u0131n sonuna \u0259lav\u0259 edilmi\u015f 6-c\u0131 d\u0259qiq\u0259d\u0259 \u0259v\u0259zl\u0259n\u0259rk\u0259n irq\u00e7ilikl\u0259 \u00fczl\u0259\u015fib. O, meydan\u0131 t\u0259rk ed\u0259rk\u0259n Kataloniya t\u0259msil\u00e7isinin fanatlar\u0131n\u0131 istehza il\u0259 alq\u0131\u015flay\u0131b. Yerli t\u0259r\u0259fdarlar Vinisius Junioru &#8220;meymun&#8221; adland\u0131r\u0131blar. H\u0259tta onlardan biri banana b\u0259nz\u0259y\u0259n \u0259\u015fyan\u0131 futbol\u00e7uya t\u0259r\u0259f at\u0131b.<\/p>\n<p>&#8220;Barselona&#8221; klubu m\u0259s\u0259l\u0259ni ara\u015fd\u0131raca\u011f\u0131n\u0131 a\u00e7\u0131qlay\u0131b.<\/p>\n<p>Qeyd ed\u0259k ki, Vinisius Junior &#8220;Sevilya&#8221; il\u0259 1:1 hesabl\u0131 he\u00e7-he\u00e7\u0259 etdikl\u0259ri La Liqan\u0131n 10-cu turunun oyununda da t\u0259hqir olunmu\u015fdu.<\/p>\n<\/p><\/div>\n<p><script>\n        (function (d, s, id) {\n            var js, fjs = d.getElementsByTagName(s)[0];\n            if (d.getElementById(id)) return;\n            js = d.createElement(s);\n            js.id = id;\n            js.src = \"\/\/connect.facebook.net\/az_AZ\/sdk.js#xfbml=1&version=v2.7&appId=\";\n            fjs.parentNode.insertBefore(js, fjs);\n        }(document, 'script', 'facebook-jssdk'));\n    <\/script><\/p>\n","protected":false},"excerpt":{"rendered":"<p>\u0130spaniyan\u0131n &#8220;Real&#8221; klubunun futbol\u00e7usu Vinisius Junior n\u00f6vb\u0259ti d\u0259f\u0259 irq\u00e7iliy\u0259 m\u0259ruz qal\u0131b. Millinews.az &#8220;Marca&#8221;ya istinad\u0259n x\u0259b\u0259r verir ki, &#8220;Barselona&#8221; azarke\u015fl\u0259ri komandalar\u0131n\u0131n 1:2 hesab\u0131 il\u0259 uduzdu\u011fu &#8220;El Klassiko&#8221;da 23 ya\u015fl\u0131 h\u00fccum\u00e7unu t\u0259hqir edibl\u0259r. Braziliyal\u0131 oyun\u00e7u mat\u00e7\u0131n sonuna \u0259lav\u0259 edilmi\u015f 6-c\u0131 d\u0259qiq\u0259d\u0259 \u0259v\u0259zl\u0259n\u0259rk\u0259n irq\u00e7ilikl\u0259 \u00fczl\u0259\u015fib. O, meydan\u0131 t\u0259rk ed\u0259rk\u0259n Kataloniya t\u0259msil\u00e7isinin fanatlar\u0131n\u0131 istehza il\u0259 alq\u0131\u015flay\u0131b. Yerli t\u0259r\u0259fdarlar Vinisius &hellip;<\/p>\n","protected":false},"author":1,"featured_media":6175,"comment_status":"open","ping_status":"closed","sticky":false,"template":"","format":"standard","meta":{"footnotes":""},"categories":[9],"tags":[],"class_list":["post-6174","post","type-post","status-publish","format-standard","has-post-thumbnail","hentry","category-xeber"],"_links":{"self":[{"href":"https:\/\/millitv.net\/index.php?rest_route=\/wp\/v2\/posts\/6174","targetHints":{"allow":["GET"]}}],"collection":[{"href":"https:\/\/millitv.net\/index.php?rest_route=\/wp\/v2\/posts"}],"about":[{"href":"https:\/\/millitv.net\/index.php?rest_route=\/wp\/v2\/types\/post"}],"author":[{"embeddable":true,"href":"https:\/\/millitv.net\/index.php?rest_route=\/wp\/v2\/users\/1"}],"replies":[{"embeddable":true,"href":"https:\/\/millitv.net\/index.php?rest_route=%2Fwp%2Fv2%2Fcomments&post=6174"}],"version-history":[{"count":0,"href":"https:\/\/millitv.net\/index.php?rest_route=\/wp\/v2\/posts\/6174\/revisions"}],"wp:featuredmedia":[{"embeddable":true,"href":"https:\/\/millitv.net\/index.php?rest_route=\/wp\/v2\/media\/6175"}],"wp:attachment":[{"href":"https:\/\/millitv.net\/index.php?rest_route=%2Fwp%2Fv2%2Fmedia&parent=6174"}],"wp:term":[{"taxonomy":"category","embeddable":true,"href":"https:\/\/millitv.net\/index.php?rest_route=%2Fwp%2Fv2%2Fcategories&post=6174"},{"taxonomy":"post_tag","embeddable":true,"href":"https:\/\/millitv.net\/index.php?rest_route=%2Fwp%2Fv2%2Ftags&post=6174"}],"curies":[{"name":"wp","href":"https:\/\/api.w.org\/{rel}","templated":true}]}}