{"id":6162,"date":"2023-10-29T06:22:00","date_gmt":"2023-10-29T06:22:00","guid":{"rendered":"https:\/\/millinews.az\/xeber\/vanuatuda-guclu-zelzele\/"},"modified":"2023-10-29T06:22:00","modified_gmt":"2023-10-29T06:22:00","slug":"vanuatuda-guclu-zelzele","status":"publish","type":"post","link":"https:\/\/millitv.net\/?p=6162","title":{"rendered":"Vanuatuda g\u00fccl\u00fc Z\u018fLZ\u018fL\u018f"},"content":{"rendered":"<p><img decoding=\"async\" src=\"https:\/\/Millinews.az\/storage\/2023\/10\/29\/zlzl.jpg\" alt=\"\" title=\"\"><\/p>\n<div id=\"mvp-content-main\">\n<p><strong>Okeaniya b\u00f6lg\u0259sind\u0259 yerl\u0259\u015f\u0259n Vanuatunun sahilind\u0259 6 maqnitudada z\u0259lz\u0259l\u0259 olub.<\/strong><\/p>\n<p><strong><a target=\"_blank\" href=\"https:\/\/Millinews.az\" rel=\"noopener\">Millinews.az<\/a> <\/strong>x\u0259b\u0259r verir ki, bu bar\u0259d\u0259 Avropa \u2013 Aral\u0131z d\u0259nizi Seysmoloji M\u0259rk\u0259zin veril\u0259nl\u0259rind\u0259n <a href=\"https:\/\/m.emsc.eu\/#page2\" target=\"_blank\" rel=\"noopener\">m\u0259lum<\/a> olub.<\/p>\n<p>Qeyd olunub ki, yeralt\u0131 t\u0259kanlar\u0131n episentri Vanuatunun paytaxt\u0131 Port-Viladan 193 km \u015fimal-\u015f\u0259rqd\u0259 yerl\u0259\u015fib. Z\u0259lz\u0259l\u0259nin oca\u011f\u0131 80 km d\u0259rinlikd\u0259 olub. Seysmohadis\u0259 yerli vaxtla 15:32-d\u0259 (Bak\u0131 vaxt\u0131 il\u0259 08:32-d\u0259) qeyd\u0259 al\u0131n\u0131b.<\/p>\n<p>Regionada sunami t\u0259hl\u00fck\u0259si bar\u0259d\u0259 x\u0259b\u0259rdarl\u0131q edilm\u0259yib.<\/p>\n<\/p><\/div>\n<p><script>\n        (function (d, s, id) {\n            var js, fjs = d.getElementsByTagName(s)[0];\n            if (d.getElementById(id)) return;\n            js = d.createElement(s);\n            js.id = id;\n            js.src = \"\/\/connect.facebook.net\/az_AZ\/sdk.js#xfbml=1&version=v2.7&appId=\";\n            fjs.parentNode.insertBefore(js, fjs);\n        }(document, 'script', 'facebook-jssdk'));\n    <\/script><\/p>\n","protected":false},"excerpt":{"rendered":"<p>Okeaniya b\u00f6lg\u0259sind\u0259 yerl\u0259\u015f\u0259n Vanuatunun sahilind\u0259 6 maqnitudada z\u0259lz\u0259l\u0259 olub. Millinews.az x\u0259b\u0259r verir ki, bu bar\u0259d\u0259 Avropa \u2013 Aral\u0131z d\u0259nizi Seysmoloji M\u0259rk\u0259zin veril\u0259nl\u0259rind\u0259n m\u0259lum olub. Qeyd olunub ki, yeralt\u0131 t\u0259kanlar\u0131n episentri Vanuatunun paytaxt\u0131 Port-Viladan 193 km \u015fimal-\u015f\u0259rqd\u0259 yerl\u0259\u015fib. Z\u0259lz\u0259l\u0259nin oca\u011f\u0131 80 km d\u0259rinlikd\u0259 olub. Seysmohadis\u0259 yerli vaxtla 15:32-d\u0259 (Bak\u0131 vaxt\u0131 il\u0259 08:32-d\u0259) qeyd\u0259 al\u0131n\u0131b. Regionada sunami &hellip;<\/p>\n","protected":false},"author":1,"featured_media":5025,"comment_status":"open","ping_status":"closed","sticky":false,"template":"","format":"standard","meta":{"footnotes":""},"categories":[9],"tags":[],"class_list":["post-6162","post","type-post","status-publish","format-standard","has-post-thumbnail","hentry","category-xeber"],"_links":{"self":[{"href":"https:\/\/millitv.net\/index.php?rest_route=\/wp\/v2\/posts\/6162","targetHints":{"allow":["GET"]}}],"collection":[{"href":"https:\/\/millitv.net\/index.php?rest_route=\/wp\/v2\/posts"}],"about":[{"href":"https:\/\/millitv.net\/index.php?rest_route=\/wp\/v2\/types\/post"}],"author":[{"embeddable":true,"href":"https:\/\/millitv.net\/index.php?rest_route=\/wp\/v2\/users\/1"}],"replies":[{"embeddable":true,"href":"https:\/\/millitv.net\/index.php?rest_route=%2Fwp%2Fv2%2Fcomments&post=6162"}],"version-history":[{"count":0,"href":"https:\/\/millitv.net\/index.php?rest_route=\/wp\/v2\/posts\/6162\/revisions"}],"wp:featuredmedia":[{"embeddable":true,"href":"https:\/\/millitv.net\/index.php?rest_route=\/wp\/v2\/media\/5025"}],"wp:attachment":[{"href":"https:\/\/millitv.net\/index.php?rest_route=%2Fwp%2Fv2%2Fmedia&parent=6162"}],"wp:term":[{"taxonomy":"category","embeddable":true,"href":"https:\/\/millitv.net\/index.php?rest_route=%2Fwp%2Fv2%2Fcategories&post=6162"},{"taxonomy":"post_tag","embeddable":true,"href":"https:\/\/millitv.net\/index.php?rest_route=%2Fwp%2Fv2%2Ftags&post=6162"}],"curies":[{"name":"wp","href":"https:\/\/api.w.org\/{rel}","templated":true}]}}