{"id":6132,"date":"2023-10-29T01:51:55","date_gmt":"2023-10-29T01:51:55","guid":{"rendered":"https:\/\/millinews.az\/xeber\/turkiy%C9%99d%C9%99-guclu-z%C9%99lz%C9%99l%C9%99-oldu\/"},"modified":"2023-10-29T01:51:55","modified_gmt":"2023-10-29T01:51:55","slug":"turkiy%C9%99d%C9%99-guclu-z%C9%99lz%C9%99l%C9%99-oldu","status":"publish","type":"post","link":"https:\/\/millitv.net\/?p=6132","title":{"rendered":"T\u00fcrkiy\u0259d\u0259 g\u00fccl\u00fc z\u0259lz\u0259l\u0259 oldu"},"content":{"rendered":"<p><img decoding=\"async\" src=\"https:\/\/Millinews.az\/storage\/2023\/05\/22\/zelzele.jpg\" alt=\"\" title=\"\"><\/p>\n<div id=\"mvp-content-main\">\n<p><strong>T\u00fcrkiy\u0259nin Konya vilay\u0259tind\u0259 4 bal g\u00fcc\u00fcnd\u0259 z\u0259lz\u0259l\u0259 ba\u015f verib.<\/strong><\/p>\n<p><strong><a target=\"_blank\" href=\"https:\/\/Millinews.az\" rel=\"noopener\">Millinews.az<\/a> <\/strong>x\u0259b\u0259r verir ki, bu bar\u0259d\u0259 AFAD m\u0259lumat yay\u0131b.<\/p>\n<p>M\u0259lumata \u0259sas\u0259n, yeralt\u0131 t\u0259kanlar\u0131n episentri Kulu rayonunda yerl\u0259\u015fib. Z\u0259lz\u0259l\u0259nin oca\u011f\u0131 7,02 km d\u0259rinlikd\u0259 olub.<\/p>\n<p>Da\u011f\u0131nt\u0131lar v\u0259 t\u0259l\u0259fat bar\u0259d\u0259 m\u0259lumat verilm\u0259yib.<\/p>\n<\/p><\/div>\n<p><script>\n        (function (d, s, id) {\n            var js, fjs = d.getElementsByTagName(s)[0];\n            if (d.getElementById(id)) return;\n            js = d.createElement(s);\n            js.id = id;\n            js.src = \"\/\/connect.facebook.net\/az_AZ\/sdk.js#xfbml=1&version=v2.7&appId=\";\n            fjs.parentNode.insertBefore(js, fjs);\n        }(document, 'script', 'facebook-jssdk'));\n    <\/script><\/p>\n","protected":false},"excerpt":{"rendered":"<p>T\u00fcrkiy\u0259nin Konya vilay\u0259tind\u0259 4 bal g\u00fcc\u00fcnd\u0259 z\u0259lz\u0259l\u0259 ba\u015f verib. Millinews.az x\u0259b\u0259r verir ki, bu bar\u0259d\u0259 AFAD m\u0259lumat yay\u0131b. M\u0259lumata \u0259sas\u0259n, yeralt\u0131 t\u0259kanlar\u0131n episentri Kulu rayonunda yerl\u0259\u015fib. Z\u0259lz\u0259l\u0259nin oca\u011f\u0131 7,02 km d\u0259rinlikd\u0259 olub. Da\u011f\u0131nt\u0131lar v\u0259 t\u0259l\u0259fat bar\u0259d\u0259 m\u0259lumat verilm\u0259yib.<\/p>\n","protected":false},"author":1,"featured_media":3408,"comment_status":"open","ping_status":"closed","sticky":false,"template":"","format":"standard","meta":{"footnotes":""},"categories":[9],"tags":[],"class_list":["post-6132","post","type-post","status-publish","format-standard","has-post-thumbnail","hentry","category-xeber"],"_links":{"self":[{"href":"https:\/\/millitv.net\/index.php?rest_route=\/wp\/v2\/posts\/6132","targetHints":{"allow":["GET"]}}],"collection":[{"href":"https:\/\/millitv.net\/index.php?rest_route=\/wp\/v2\/posts"}],"about":[{"href":"https:\/\/millitv.net\/index.php?rest_route=\/wp\/v2\/types\/post"}],"author":[{"embeddable":true,"href":"https:\/\/millitv.net\/index.php?rest_route=\/wp\/v2\/users\/1"}],"replies":[{"embeddable":true,"href":"https:\/\/millitv.net\/index.php?rest_route=%2Fwp%2Fv2%2Fcomments&post=6132"}],"version-history":[{"count":0,"href":"https:\/\/millitv.net\/index.php?rest_route=\/wp\/v2\/posts\/6132\/revisions"}],"wp:featuredmedia":[{"embeddable":true,"href":"https:\/\/millitv.net\/index.php?rest_route=\/wp\/v2\/media\/3408"}],"wp:attachment":[{"href":"https:\/\/millitv.net\/index.php?rest_route=%2Fwp%2Fv2%2Fmedia&parent=6132"}],"wp:term":[{"taxonomy":"category","embeddable":true,"href":"https:\/\/millitv.net\/index.php?rest_route=%2Fwp%2Fv2%2Fcategories&post=6132"},{"taxonomy":"post_tag","embeddable":true,"href":"https:\/\/millitv.net\/index.php?rest_route=%2Fwp%2Fv2%2Ftags&post=6132"}],"curies":[{"name":"wp","href":"https:\/\/api.w.org\/{rel}","templated":true}]}}