{"id":6104,"date":"2023-10-28T20:35:25","date_gmt":"2023-10-28T20:35:25","guid":{"rendered":"https:\/\/millinews.az\/xeber\/az%C9%99rbaycanin-bu-gedisini-fransa-gozl%C9%99mirdi\/"},"modified":"2023-10-28T20:35:25","modified_gmt":"2023-10-28T20:35:25","slug":"az%C9%99rbaycanin-bu-gedisini-fransa-gozl%C9%99mirdi","status":"publish","type":"post","link":"https:\/\/millitv.net\/?p=6104","title":{"rendered":"Az\u0259rbaycan\u0131n bu gedi\u015fini Fransa g\u00f6zl\u0259mirdi"},"content":{"rendered":"<p><img decoding=\"async\" src=\"https:\/\/Millinews.az\/storage\/2022\/10\/13\/makron_telefon.jpg\" alt=\"\" title=\"\"><\/p>\n<div id=\"mvp-content-main\">\n<p><strong>Az\u0259rbaycan Fransaya Afrikada ke\u00e7mi\u015f m\u00fcst\u0259ml\u0259k\u0259si olan \u00f6lk\u0259l\u0259rl\u0259 probleml\u0259rinin h\u0259llind\u0259 vasit\u0259\u00e7ilik ed\u0259 bil\u0259c\u0259yi t\u0259klifini verib. Bu, r\u0259smi Parisin C\u0259nubi Qafqazda \u201cvasit\u0259\u00e7ilik\u201d ad\u0131 alt\u0131nda erm\u0259ni maraqlar\u0131n\u0131 m\u00fcdafi\u0259 etm\u0259si v\u0259 prosesl\u0259r\u0259 m\u00fcdaxil\u0259 c\u0259hdl\u0259ri fonunda Bak\u0131n\u0131n \u201csiyasi sill\u0259si\u201d kimi bir \u015feydir&#8230;<\/strong><\/p>\n<p>Afrikada Fransan\u0131n m\u00fcst\u0259ml\u0259k\u0259 siyas\u0259tin\u0259 qar\u015f\u0131 ciddi m\u00fcqavim\u0259t ya\u015fan\u0131r v\u0259 onun bo\u015falan yerini Rusiya v\u0259 \u00c7in, h\u0259tta T\u00fcrkiy\u0259 d\u0259 tutma\u011fa \u00e7al\u0131\u015f\u0131r. H\u0259r\u00e7\u0259nd, Az\u0259rbaycan\u0131n bu prosesd\u0259 izl\u0259diyi siyas\u0259t x\u00fcsusil\u0259 diqq\u0259t \u00e7\u0259kir:Fransa m\u00fcst\u0259ml\u0259k\u0259sin\u0259 m\u00fcqavim\u0259t g\u00f6st\u0259r\u0259n \u00f6lk\u0259l\u0259rin toplant\u0131s\u0131na ev sahibliyi edir v\u0259 bununla Bak\u0131 h\u0259m geosiyasi prosesl\u0259rd\u0259 m\u0259rk\u0259zl\u0259rd\u0259n birin\u0259, h\u0259m d\u0259 Afrika u\u011frunda m\u00fcbariz\u0259 aparan g\u00fccl\u0259r \u00fc\u00e7\u00fcn c\u0259lbedici t\u0259r\u0259f\u0259 \u00e7evrilir; bu add\u0131m\u0131 Qo\u015fulmama H\u0259r\u0259kat\u0131n\u0131n s\u0259dr \u00f6lk\u0259si kimi atmaqla t\u0259\u015fkilat\u0131n n\u00fcfuzunu da g\u00fccl\u0259ndirir;<\/p>\n<p>V\u0259 \u0259n \u0259sas\u0131 bu, Afrikada Fransa m\u00fcst\u0259ml\u0259k\u0259sin\u0259 qar\u015f\u0131 \u201csakit inqilaba\u201d ev sahibliyi ed\u0259n Bak\u0131n\u0131n Paris\u0259 qar\u015f\u0131 demar\u015fd\u0131r. R\u0259smi Parisin geri \u00e7\u0259kil\u0259c\u0259yi, yaxud vasit\u0259\u00e7ilik t\u0259klifi il\u0259 raz\u0131la\u015faca\u011f\u0131 ehtimal\u0131 azd\u0131r, halbuki, Az\u0259rbaycan Qo\u015fulmama H\u0259r\u0259kat\u0131n\u0131n s\u0259dri kimi bunu u\u011furla h\u0259yata ke\u00e7ir\u0259 bil\u0259r.<\/p>\n<p><strong>Asif N\u0259rimanl\u0131<\/strong><br \/>&#13;<br \/>\n<!--[if !supportLineBreakNewLine]--><br \/>&#13;<br \/>\n<!--[endif]--><\/p>\n<\/p><\/div>\n<p><script>\n        (function (d, s, id) {\n            var js, fjs = d.getElementsByTagName(s)[0];\n            if (d.getElementById(id)) return;\n            js = d.createElement(s);\n            js.id = id;\n            js.src = \"\/\/connect.facebook.net\/az_AZ\/sdk.js#xfbml=1&version=v2.7&appId=\";\n            fjs.parentNode.insertBefore(js, fjs);\n        }(document, 'script', 'facebook-jssdk'));\n    <\/script><\/p>\n","protected":false},"excerpt":{"rendered":"<p>Az\u0259rbaycan Fransaya Afrikada ke\u00e7mi\u015f m\u00fcst\u0259ml\u0259k\u0259si olan \u00f6lk\u0259l\u0259rl\u0259 probleml\u0259rinin h\u0259llind\u0259 vasit\u0259\u00e7ilik ed\u0259 bil\u0259c\u0259yi t\u0259klifini verib. Bu, r\u0259smi Parisin C\u0259nubi Qafqazda \u201cvasit\u0259\u00e7ilik\u201d ad\u0131 alt\u0131nda erm\u0259ni maraqlar\u0131n\u0131 m\u00fcdafi\u0259 etm\u0259si v\u0259 prosesl\u0259r\u0259 m\u00fcdaxil\u0259 c\u0259hdl\u0259ri fonunda Bak\u0131n\u0131n \u201csiyasi sill\u0259si\u201d kimi bir \u015feydir&#8230; Afrikada Fransan\u0131n m\u00fcst\u0259ml\u0259k\u0259 siyas\u0259tin\u0259 qar\u015f\u0131 ciddi m\u00fcqavim\u0259t ya\u015fan\u0131r v\u0259 onun bo\u015falan yerini Rusiya v\u0259 \u00c7in, h\u0259tta T\u00fcrkiy\u0259 d\u0259 &hellip;<\/p>\n","protected":false},"author":1,"featured_media":6105,"comment_status":"open","ping_status":"closed","sticky":false,"template":"","format":"standard","meta":{"footnotes":""},"categories":[9],"tags":[],"class_list":["post-6104","post","type-post","status-publish","format-standard","has-post-thumbnail","hentry","category-xeber"],"_links":{"self":[{"href":"https:\/\/millitv.net\/index.php?rest_route=\/wp\/v2\/posts\/6104","targetHints":{"allow":["GET"]}}],"collection":[{"href":"https:\/\/millitv.net\/index.php?rest_route=\/wp\/v2\/posts"}],"about":[{"href":"https:\/\/millitv.net\/index.php?rest_route=\/wp\/v2\/types\/post"}],"author":[{"embeddable":true,"href":"https:\/\/millitv.net\/index.php?rest_route=\/wp\/v2\/users\/1"}],"replies":[{"embeddable":true,"href":"https:\/\/millitv.net\/index.php?rest_route=%2Fwp%2Fv2%2Fcomments&post=6104"}],"version-history":[{"count":0,"href":"https:\/\/millitv.net\/index.php?rest_route=\/wp\/v2\/posts\/6104\/revisions"}],"wp:featuredmedia":[{"embeddable":true,"href":"https:\/\/millitv.net\/index.php?rest_route=\/wp\/v2\/media\/6105"}],"wp:attachment":[{"href":"https:\/\/millitv.net\/index.php?rest_route=%2Fwp%2Fv2%2Fmedia&parent=6104"}],"wp:term":[{"taxonomy":"category","embeddable":true,"href":"https:\/\/millitv.net\/index.php?rest_route=%2Fwp%2Fv2%2Fcategories&post=6104"},{"taxonomy":"post_tag","embeddable":true,"href":"https:\/\/millitv.net\/index.php?rest_route=%2Fwp%2Fv2%2Ftags&post=6104"}],"curies":[{"name":"wp","href":"https:\/\/api.w.org\/{rel}","templated":true}]}}