{"id":6102,"date":"2023-10-28T20:20:48","date_gmt":"2023-10-28T20:20:48","guid":{"rendered":"https:\/\/millinews.az\/xeber\/kutl%C9%99vi-m%C9%99zarliqlar-olk%C9%99sind%C9%99n-s%C9%99rh%C9%99dimiz%C9%99-g%C9%99l%C9%99n-coli-v%C9%99-kanadanin-gerc%C9%99k-uzu\/"},"modified":"2023-10-28T20:20:48","modified_gmt":"2023-10-28T20:20:48","slug":"kutl%C9%99vi-m%C9%99zarliqlar-olk%C9%99sind%C9%99n-s%C9%99rh%C9%99dimiz%C9%99-g%C9%99l%C9%99n-coli-v%C9%99-kanadanin-gerc%C9%99k-uzu","status":"publish","type":"post","link":"https:\/\/millitv.net\/?p=6102","title":{"rendered":"K\u00fctl\u0259vi m\u0259zarl\u0131qlar \u00f6lk\u0259sind\u0259n s\u0259rh\u0259dimiz\u0259 g\u0259l\u0259n Coli v\u0259 Kanadan\u0131n ger\u00e7\u0259k \u00fcz\u00fc"},"content":{"rendered":"<div id=\"mvp-content-main\">\n<p><strong>Q\u0259rbd\u0259 bir \u00e7ox \u00f6lk\u0259 xarici siyas\u0259tl\u0259rini erm\u0259ni maraqlar\u0131na qurban verm\u0259k u\u011frunda yar\u0131\u015fa ba\u015flay\u0131b v\u0259 Az\u0259rbaycana qar\u015f\u0131 \u201cs\u0259lib y\u00fcr\u00fc\u015f\u00fc\u201dn\u0259 b\u0259nz\u0259r m\u00f6vqe s\u0259rgil\u0259yirl\u0259r. V\u0259 bu \u00f6lk\u0259l\u0259rin \u0259ks\u0259riyy\u0259ti ya C\u0259nubi Qafqazda ba\u015f ver\u0259nl\u0259r\u0259 \u201cfrans\u0131z\u201d olanlard\u0131r, ya da bel\u0259 dem\u0259k m\u00fcmk\u00fcns\u0259, \u201caynaya baxmadan dan\u0131\u015f\u0131rlar\u201d. Yar\u0131\u015fa qo\u015fulan \u00f6lk\u0259l\u0259rd\u0259n biri d\u0259 Kanada oldu.<\/strong><\/p>\n<p>\u201cYer alt\u0131 m\u0259zarl\u0131q\u201d adland\u0131r\u0131la bil\u0259c\u0259k bu \u00f6lk\u0259 r\u0259smi Bak\u0131n\u0131n qalmalar\u0131 v\u0259 t\u0259hl\u00fck\u0259siz \u015f\u0259raitd\u0259 ya\u015famalar\u0131 \u00fc\u00e7\u00fcn israrlar\u0131na baxmayaraq, Qaraba\u011fdan k\u00f6n\u00fcll\u00fc \u00e7\u0131xan erm\u0259nil\u0259r\u0259 g\u00f6r\u0259 Az\u0259rbaycan\u0131 \u201cetnik t\u0259mizlikd\u0259\u201d ittiham edir. Do\u011frudanm\u0131, Kanadan\u0131n Qaraba\u011fda, \u00fcmumiyy\u0259tl\u0259 C\u0259nubi Qafqazda ba\u015f ver\u0259nl\u0259rd\u0259n x\u0259b\u0259ri varm\u0131? Yaxud \u00fcmumiyy\u0259tl\u0259 burada ba\u015f ver\u0259nl\u0259r r\u0259smi Ottava \u00fc\u00e7\u00fcn n\u0259 q\u0259d\u0259r maraql\u0131d\u0131r?<br \/>&#13;<br \/>\n<img loading=\"lazy\" decoding=\"async\" alt=\"\" height=\"400\" src=\"https:\/\/Millinews.az\/storage\/2023\/10\/29\/kaaa.jpg\" width=\"600\" title=\"\"><br \/>&#13;<br \/>\nUzaq Q\u0259rbd\u0259 yerl\u0259\u015f\u0259n v\u0259 beyn\u0259lxalq m\u00fcnasib\u0259tl\u0259rd\u0259 ba\u015fqalar\u0131n\u0131n, x\u00fcsusil\u0259 AB\u015e-\u0131n marionetkas\u0131 rolunda \u00e7\u0131x\u0131\u015f ed\u0259n Kanadan\u0131n C\u0259nubi Qafqaza \u201csoxulmaq\u201d ist\u0259yi, Erm\u0259nistan\u0131n m\u00fcdafi\u0259\u00e7isin\u0259 \u00e7evrilm\u0259si v\u0259 Az\u0259rbaycana qar\u015f\u0131 s\u0259rgil\u0259diyi m\u00f6vqe a\u00e7\u0131q suallar yarad\u0131r.<\/p>\n<p>Erm\u0259nistana s\u0259f\u0259r ed\u0259n Kanadan\u0131n xarici i\u015fl\u0259r naziri Melani Coli Bak\u0131n\u0131 ittiham etdi. Coli iddia edir ki, Az\u0259rbaycan Qaraba\u011fda erm\u0259nil\u0259r\u0259 qar\u015f\u0131 \u201cetnik t\u0259mizl\u0259m\u0259\u201d siyas\u0259ti y\u00fcr\u00fcd\u00fcb. B\u0259llidir ki, bu n\u0259 Colinin, n\u0259 d\u0259 r\u0259smi Ottavan\u0131n n\u0259 ba\u015f verdiyind\u0259n x\u0259b\u0259ri yoxdur, sad\u0259c\u0259 olaraq, xan\u0131m nazir \u0130r\u0259vanda ona veril\u0259n haz\u0131r m\u0259tni oxuyub v\u0259 i\u015fini bitmi\u015f hesab edib. \u018fks t\u0259qdird\u0259, s\u0259f\u0259rd\u0259n \u00f6nc\u0259 b\u00f6lg\u0259ni ara\u015fd\u0131rar, \u0259n az\u0131ndan Az\u0259rbaycan\u0131n m\u0259rk\u0259zi hakimiyy\u0259tinin Qaraba\u011f iqtisadi rayonunda erm\u0259ni \u0259halisinin h\u00fcquq v\u0259 t\u0259hl\u00fck\u0259sizliyinin qorunmas\u0131 \u00fc\u00e7\u00fcn proqramlar\u0131na n\u0259z\u0259r yetir\u0259rdi. Coli \u00fc\u00e7\u00fcn bunun o q\u0259d\u0259r d\u0259 \u0259h\u0259miyy\u0259ti yoxdur, \u00e7\u00fcnki onun missiyas\u0131 saatlarla u\u00e7araq, \u0130r\u0259vanda Erm\u0259nistan\u0131 m\u00fcdafi\u0259 etm\u0259k, Erm\u0259nistan hakimiyy\u0259tin\u0259 v\u0259dl\u0259r verm\u0259kd\u0259n ibar\u0259t i\u015f\u00e7i s\u0259f\u0259rini h\u0259yata ke\u00e7irm\u0259k idi.<br \/>&#13;<br \/>\n<img loading=\"lazy\" decoding=\"async\" alt=\"\" height=\"376\" src=\"https:\/\/Millinews.az\/storage\/2023\/10\/29\/kk.jpg\" width=\"600\" title=\"\"><br \/>&#13;<br \/>\nAmma v\u0259 lakin, Kanada kimi bir \u00f6lk\u0259nin Az\u0259rbaycan\u0131 BMT n\u00fcmay\u0259nd\u0259l\u0259rinin bel\u0259 t\u0259kzib etdiyi \u201cetnik t\u0259mizl\u0259m\u0259\u201dd\u0259 ittiham etm\u0259si absurd v\u0259 g\u00fcl\u00fcnc s\u0259sl\u0259nir. \u00c7\u00fcnki Kanada d\u00fcnyada soyq\u0131r\u0131m\u0131 v\u0259 etnik t\u0259mizl\u0259m\u0259y\u0259 g\u00f6r\u0259 \u201cyeralt\u0131 m\u0259zarl\u0131qlar\u201d, yaxud \u201ck\u00fctl\u0259vi m\u0259zarl\u0131qlar\u201d \u00f6lk\u0259si hesab edil\u0259 bil\u0259r.<\/p>\n<p>\u201cBizim m\u0259qs\u0259dimiz Kanadada t\u0259k bir hindli qalmayana q\u0259d\u0259r davam etm\u0259kdir\u201d.<\/p>\n<p>Kanadan\u0131n m\u0259\u015fhur d\u00f6vl\u0259t xadiml\u0259rind\u0259n Duncan Campbell Scottun bu s\u00f6zl\u0259ri t\u00f6r\u0259dil\u0259n soyq\u0131r\u0131m\u0131n mahiyy\u0259tini ortaya qoyur.<br \/>&#13;<br \/>\n<img loading=\"lazy\" decoding=\"async\" alt=\"\" height=\"255\" src=\"https:\/\/Millinews.az\/storage\/2023\/10\/28\/kanada.png\" width=\"600\" title=\"\"><br \/>&#13;<br \/>\nM\u00fcst\u0259ml\u0259k\u0259\u00e7ilik siyas\u0259ti alt\u0131nda h\u0259yata ke\u00e7irdiyi soyq\u0131r\u0131m\u0131lar\u0131n 500 illik tarixi olan Kanadada 1881-ci ild\u0259n 1996-c\u0131 il\u0259 q\u0259d\u0259r yerli xaqlar\u0131n 150 mind\u0259n \u00e7ox u\u015faq \u00f6z ail\u0259sind\u0259n ay\u0131raraq, internat m\u0259kt\u0259bl\u0259rind\u0259 zorla t\u0259hsil\u0259 m\u0259cbur edilib. Lakin bu t\u0259hsil yox, \u201ct\u0259hsil\u201d ad\u0131 alt\u0131nda soyq\u0131r\u0131m\u0131 idi. Acl\u0131\u011fa v\u0259 seksual zorak\u0131l\u0131\u011fa m\u0259ruz qalan u\u015faqlar\u0131n \u00f6z dill\u0259rind\u0259 dan\u0131\u015fmas\u0131 bel\u0259 qada\u011fan idi. Kanada bu soyq\u0131r\u0131m\u0131 1996-c\u0131 il\u0259 q\u0259d\u0259r \u2013 internat m\u0259kt\u0259bl\u0259rinin ba\u011flanmas\u0131na q\u0259d\u0259r davam etdirib.<\/p>\n<p>2021-ci ild\u0259 ke\u00e7mi\u015f internat m\u0259kt\u0259bl\u0259rin birind\u0259 215 u\u015fa\u011f\u0131n c\u0259s\u0259d qal\u0131qlar\u0131n\u0131n tap\u0131lmas\u0131 is\u0259 Kanadan\u0131n soyq\u0131r\u0131m\u0131 siyas\u0259tini beyn\u0259lxalq m\u00fcst\u0259vid\u0259 if\u015fa etdi. H\u0259min u\u015faqlar x\u0259st\u0259likd\u0259n, acl\u0131qdan, yan\u011f\u0131ndan v\u0259 zorak\u0131l\u0131qdan h\u0259lak olublar. Kanada d\u00f6vl\u0259t s\u0259viyy\u0259sind\u0259 soyq\u0131r\u0131m\u0131 siyas\u0259tind\u0259n imtina etdiyini elan ets\u0259 d\u0259, bu g\u00fcn d\u0259 yerli xalqlar zorak\u0131l\u0131\u011fa, etnik t\u0259mizl\u0259m\u0259y\u0259 v\u0259 diskriminasiyaya m\u0259ruz qal\u0131r.<br \/>&#13;<br \/>\n<img loading=\"lazy\" decoding=\"async\" alt=\"\" height=\"348\" src=\"https:\/\/Millinews.az\/storage\/2023\/10\/28\/ka.jpg\" width=\"600\" title=\"\"><br \/>&#13;<br \/>\nBu tarixi reall\u0131q fonunda \u201ck\u00fctl\u0259vi m\u0259zarl\u0131qlar\u201d \u00f6lk\u0259sind\u0259n g\u0259l\u0259n Colinin Az\u0259rbaycan\u0131 \u201cetnik t\u0259mizl\u0259m\u0259\u201d siyas\u0259tind\u0259 ittiham etm\u0259sinin absurdlu\u011fu \u00e7\u0131lpaql\u0131\u011f\u0131 il\u0259 ortaya \u00e7\u0131x\u0131r. Coli is\u0259 n\u0259inki ittiham edir, h\u0259tta h\u0259d\u0259l\u0259yir:<\/p>\n<p>Birincisi, kanadal\u0131 nazir Erm\u0259nistan-Az\u0259rbaycan s\u0259rh\u0259dind\u0259 d\u00f6y\u00fc\u015f m\u00f6vqeyin\u0259 g\u0259l\u0259r\u0259k, Ordumuzun m\u00f6vqel\u0259rini binoklla m\u00fc\u015fahid\u0259 edib: onun diplomatik davran\u0131\u015f v\u0259 normalar\u0131ndan uzaq olan bu add\u0131m\u0131 n\u0259 q\u0259d\u0259r s\u0259ri\u015ft\u0259siz oldu\u011fundan x\u0259b\u0259r verir.<\/p>\n<p>\u0130kincisi, kanadal\u0131 nazir \u0130r\u0259vanda Az\u0259rbaycan\u0131 sanksiyalarla h\u0259d\u0259l\u0259yib: bu, t\u0259kc\u0259 Az\u0259rbaycan d\u00f6vl\u0259tin\u0259 yox, xalq\u0131na qar\u015f\u0131 da s\u0259sl\u0259nmi\u015f h\u0259d\u0259dir v\u0259 ictimai r\u0259yin Kanada il\u0259 ba\u011fl\u0131 m\u00f6vqeyin\u0259 ciddi t\u0259sir ed\u0259c\u0259k.<\/p>\n<p>\u018fslind\u0259 Kanadan\u0131n Az\u0259rbaycana qar\u015f\u0131 sanksiya h\u0259d\u0259si he\u00e7 n\u0259yi d\u0259yi\u015fdirmir v\u0259 bu h\u0259d\u0259 eyni zamanda, Avropan\u0131n enerji t\u0259hl\u00fck\u0259sizliyini d\u0259 t\u0259hdid edir. G\u00f6r\u00fcn\u00fcr, okean\u0131n o tay\u0131ndan D\u0259r\u0259ly\u0259z\u0259 g\u0259l\u0259n v\u0259 binoklla seyr\u0259 \u00e7\u0131xan Coli \u00fc\u00e7\u00fcn avropal\u0131 t\u0259r\u0259fda\u015flar\u0131n\u0131n da taleyi o q\u0259d\u0259r maraql\u0131 deyil.<br \/>&#13;<br \/>\n<img loading=\"lazy\" decoding=\"async\" alt=\"\" height=\"450\" src=\"https:\/\/Millinews.az\/storage\/2023\/10\/29\/aka.jpg\" width=\"600\" title=\"\"><br \/>&#13;<br \/>\n\u00dcmumiyy\u0259tl\u0259 b\u00f6lg\u0259d\u0259n x\u0259b\u0259rsiz Kanadan\u0131n bu q\u0259d\u0259r s\u0259ri\u015ft\u0259siz siyas\u0259t y\u00fcr\u00fctm\u0259si s\u0259b\u0259bsiz deyil. \u00c7\u00fcnki kanadal\u0131 nazirin Erm\u0259nistanda \u00e7\u0131x\u0131\u015flar\u0131 da g\u00f6st\u0259rdi ki, o, m\u00fcst\u0259qil fikirl\u0259rini yox, \u201c\u00fcz\u00fcnd\u0259n\u201d oxuyur. V\u0259 ayd\u0131n g\u00f6r\u00fcn\u00fcr ki, Colinin \u0259lind\u0259ki haz\u0131r m\u0259tn AB\u015e-a m\u0259xsusdur. Kanadan\u0131n m\u00fcst\u0259qil \u00f6lk\u0259 olmad\u0131\u011f\u0131, AB\u015e-\u0131n marionet \u00f6lk\u0259si oldu\u011fu b\u0259llidir, \u0259sas missiyas\u0131 da Va\u015finqtondan g\u0259\u0131l\u0259n g\u00f6st\u0259ri\u015fl\u0259ri qeyd-\u015f\u0259rtsiz icra etm\u0259kdir.<\/p>\n<p>G\u00f6r\u00fcn\u00fcr, AB\u015e marionetkas\u0131 olan Kanada vasit\u0259sil\u0259 Az\u0259rbaycana t\u0259zyiq etm\u0259y\u0259 \u00e7al\u0131\u015f\u0131r. Va\u015finqtondan g\u00f6st\u0259ri\u015f alan Litva v\u0259 proksi \u00f6lk\u0259l\u0259rin Bak\u0131ya qar\u015f\u0131 xora qo\u015fulmalar\u0131 da kanadal\u0131 nazir Colinin \u0130r\u0259van s\u0259f\u0259ri v\u0259 ir\u0259li s\u00fcrd\u00fcy\u00fc ittihamlar\u0131n arxas\u0131ndak\u0131 sifari\u015f\u00e7ini kim oldu\u011funu if\u015fa edir.<\/p>\n<p><strong>Asif N\u0259rimanl\u0131<\/strong><\/p>\n<\/p><\/div>\n<p><script>\n        (function (d, s, id) {\n            var js, fjs = d.getElementsByTagName(s)[0];\n            if (d.getElementById(id)) return;\n            js = d.createElement(s);\n            js.id = id;\n            js.src = \"\/\/connect.facebook.net\/az_AZ\/sdk.js#xfbml=1&version=v2.7&appId=\";\n            fjs.parentNode.insertBefore(js, fjs);\n        }(document, 'script', 'facebook-jssdk'));\n    <\/script><\/p>\n","protected":false},"excerpt":{"rendered":"<p>Q\u0259rbd\u0259 bir \u00e7ox \u00f6lk\u0259 xarici siyas\u0259tl\u0259rini erm\u0259ni maraqlar\u0131na qurban verm\u0259k u\u011frunda yar\u0131\u015fa ba\u015flay\u0131b v\u0259 Az\u0259rbaycana qar\u015f\u0131 \u201cs\u0259lib y\u00fcr\u00fc\u015f\u00fc\u201dn\u0259 b\u0259nz\u0259r m\u00f6vqe s\u0259rgil\u0259yirl\u0259r. V\u0259 bu \u00f6lk\u0259l\u0259rin \u0259ks\u0259riyy\u0259ti ya C\u0259nubi Qafqazda ba\u015f ver\u0259nl\u0259r\u0259 \u201cfrans\u0131z\u201d olanlard\u0131r, ya da bel\u0259 dem\u0259k m\u00fcmk\u00fcns\u0259, \u201caynaya baxmadan dan\u0131\u015f\u0131rlar\u201d. Yar\u0131\u015fa qo\u015fulan \u00f6lk\u0259l\u0259rd\u0259n biri d\u0259 Kanada oldu. \u201cYer alt\u0131 m\u0259zarl\u0131q\u201d adland\u0131r\u0131la bil\u0259c\u0259k bu \u00f6lk\u0259 r\u0259smi &hellip;<\/p>\n","protected":false},"author":1,"featured_media":6103,"comment_status":"open","ping_status":"closed","sticky":false,"template":"","format":"standard","meta":{"footnotes":""},"categories":[9],"tags":[],"class_list":["post-6102","post","type-post","status-publish","format-standard","has-post-thumbnail","hentry","category-xeber"],"_links":{"self":[{"href":"https:\/\/millitv.net\/index.php?rest_route=\/wp\/v2\/posts\/6102","targetHints":{"allow":["GET"]}}],"collection":[{"href":"https:\/\/millitv.net\/index.php?rest_route=\/wp\/v2\/posts"}],"about":[{"href":"https:\/\/millitv.net\/index.php?rest_route=\/wp\/v2\/types\/post"}],"author":[{"embeddable":true,"href":"https:\/\/millitv.net\/index.php?rest_route=\/wp\/v2\/users\/1"}],"replies":[{"embeddable":true,"href":"https:\/\/millitv.net\/index.php?rest_route=%2Fwp%2Fv2%2Fcomments&post=6102"}],"version-history":[{"count":0,"href":"https:\/\/millitv.net\/index.php?rest_route=\/wp\/v2\/posts\/6102\/revisions"}],"wp:featuredmedia":[{"embeddable":true,"href":"https:\/\/millitv.net\/index.php?rest_route=\/wp\/v2\/media\/6103"}],"wp:attachment":[{"href":"https:\/\/millitv.net\/index.php?rest_route=%2Fwp%2Fv2%2Fmedia&parent=6102"}],"wp:term":[{"taxonomy":"category","embeddable":true,"href":"https:\/\/millitv.net\/index.php?rest_route=%2Fwp%2Fv2%2Fcategories&post=6102"},{"taxonomy":"post_tag","embeddable":true,"href":"https:\/\/millitv.net\/index.php?rest_route=%2Fwp%2Fv2%2Ftags&post=6102"}],"curies":[{"name":"wp","href":"https:\/\/api.w.org\/{rel}","templated":true}]}}