{"id":6096,"date":"2023-10-28T20:09:02","date_gmt":"2023-10-28T20:09:02","guid":{"rendered":"https:\/\/millinews.az\/xeber\/xank%C9%99ndid%C9%99ki-partlayisi-kim-tor%C9%99dib-sahramanyan-sirri-acdi\/"},"modified":"2023-10-28T20:09:02","modified_gmt":"2023-10-28T20:09:02","slug":"xank%C9%99ndid%C9%99ki-partlayisi-kim-tor%C9%99dib-sahramanyan-sirri-acdi","status":"publish","type":"post","link":"https:\/\/millitv.net\/?p=6096","title":{"rendered":"Xank\u0259ndid\u0259ki partlay\u0131\u015f\u0131 kim t\u00f6r\u0259dib? &#8211; \u015eahramanyan S\u0130RR\u0130 A\u00c7DI"},"content":{"rendered":"<p><img decoding=\"async\" src=\"https:\/\/Millinews.az\/storage\/2023\/10\/29\/xankendi_partlayis.jpg\" alt=\"\" title=\"\"><\/p>\n<div id=\"mvp-content-main\">\n<p><strong>&#8220;Partlay\u0131\u015f &#8220;M\u00fcdafi\u0259 Departamenti&#8221;nin xidm\u0259t\u0259 yararl\u0131 yanacaq anbar\u0131nda ba\u015f verib. Biz bu yanacaqdan d\u00f6y\u00fc\u015f \u0259m\u0259liyyatlar\u0131ndan \u0259vv\u0259l istifad\u0259 etm\u0259m\u0259y\u0259 \u00e7al\u0131\u015fd\u0131q, \u00e7\u00fcnki o, d\u00f6y\u00fc\u015f \u0259m\u0259liyyatlar\u0131n\u0131n \u0259vv\u0259lind\u0259 istifad\u0259 \u00fc\u00e7\u00fcn n\u0259z\u0259rd\u0259 tutulmam\u0131\u015fd\u0131&#8221;.<\/strong><\/p>\n<p><strong><a target=\"_blank\" href=\"https:\/\/Millinews.az\" rel=\"noopener\">Millinews.az<\/a> <\/strong>x\u0259b\u0259r verir ki, bunu Qaraba\u011fda m\u00f6vcud olmu\u015f qondarma rejimin &#8220;prezident&#8221;i Samvel \u015eahramanyan &#8220;yerli&#8221; televiziyaya m\u00fcsahib\u0259sind\u0259 Xank\u0259ni yax\u0131nl\u0131\u011f\u0131nda ba\u015f ver\u0259n partlay\u0131\u015fdan dan\u0131\u015fark\u0259n deyib.<\/p>\n<p>&#8220;Panika n\u0259tic\u0259sind\u0259 \u0259halimiz h\u0259rbi hiss\u0259nin anbar\u0131na s\u0131\u011f\u0131nd\u0131, elementar t\u0259hl\u00fck\u0259sizlik qaydalar\u0131na \u0259m\u0259l olunmad\u0131. Benzinin anbardan \u00f6z-\u00f6z\u00fcn\u0259 \u00e7\u0131xar\u0131lmas\u0131 h\u0259yata ke\u00e7irilib. H\u0259min qaydalar\u0131n pozulmas\u0131 s\u0259b\u0259bind\u0259n \u00e7oxlu sayda insan\u0131n h\u0259yat\u0131na son qoyan h\u0259min partlay\u0131\u015f ba\u015f verdi. \u0130nsanlar benzin ehtiyat\u0131 toplama\u011fa can at\u0131rd\u0131lar.<\/p>\n<p>Baxmayaraq ki, biz bu rejimin ilin sonuna q\u0259d\u0259r i\u015fl\u0259y\u0259c\u0259yini v\u0259 b\u00fct\u00fcn arzu ed\u0259nl\u0259rin Erm\u0259nistana apar\u0131laca\u011f\u0131n\u0131 b\u0259yan etmi\u015fdik&#8221;. &#8211; ke\u00e7mi\u015f qondarma rejimin lideri deyib.<\/p>\n<p>Burada g\u00fcnahkarlar\u0131n olub-olmamas\u0131 v\u0259 onlar\u0131n tap\u0131lmas\u0131 \u00fc\u00e7\u00fcn n\u0259l\u0259r edilir sual\u0131na Artsax prezidenti bel\u0259 cavab verib:<\/p>\n<p>&#8220;Bizim KP t\u0259r\u0259find\u0259n cinay\u0259t i\u015fi ba\u015flan\u0131b, indi o, Erm\u0259nistan KP-nin ba\u015f h\u0259rbi idar\u0259sin\u0259 verilib. M\u0259n Erm\u0259nistan M\u0259rk\u0259zi Komit\u0259sinin r\u0259hb\u0259rliyind\u0259n xahi\u015f ed\u0259rdim ki, ard\u0131c\u0131l olsun v\u0259 o i\u015fin b\u00fct\u00fcn hallar\u0131n\u0131 ara\u015fd\u0131rs\u0131n, b\u00fct\u00fcn g\u00fcnahkarlar\u0131 m\u00fc\u0259yy\u0259n edib m\u0259suliyy\u0259t\u0259 c\u0259lb etsin&#8221;.<\/p>\n<p><strong>H\u00fcseyn \u0130badl\u0131<\/strong><\/p>\n<\/p><\/div>\n<p><script>\n        (function (d, s, id) {\n            var js, fjs = d.getElementsByTagName(s)[0];\n            if (d.getElementById(id)) return;\n            js = d.createElement(s);\n            js.id = id;\n            js.src = \"\/\/connect.facebook.net\/az_AZ\/sdk.js#xfbml=1&version=v2.7&appId=\";\n            fjs.parentNode.insertBefore(js, fjs);\n        }(document, 'script', 'facebook-jssdk'));\n    <\/script><\/p>\n","protected":false},"excerpt":{"rendered":"<p>&#8220;Partlay\u0131\u015f &#8220;M\u00fcdafi\u0259 Departamenti&#8221;nin xidm\u0259t\u0259 yararl\u0131 yanacaq anbar\u0131nda ba\u015f verib. Biz bu yanacaqdan d\u00f6y\u00fc\u015f \u0259m\u0259liyyatlar\u0131ndan \u0259vv\u0259l istifad\u0259 etm\u0259m\u0259y\u0259 \u00e7al\u0131\u015fd\u0131q, \u00e7\u00fcnki o, d\u00f6y\u00fc\u015f \u0259m\u0259liyyatlar\u0131n\u0131n \u0259vv\u0259lind\u0259 istifad\u0259 \u00fc\u00e7\u00fcn n\u0259z\u0259rd\u0259 tutulmam\u0131\u015fd\u0131&#8221;. Millinews.az x\u0259b\u0259r verir ki, bunu Qaraba\u011fda m\u00f6vcud olmu\u015f qondarma rejimin &#8220;prezident&#8221;i Samvel \u015eahramanyan &#8220;yerli&#8221; televiziyaya m\u00fcsahib\u0259sind\u0259 Xank\u0259ni yax\u0131nl\u0131\u011f\u0131nda ba\u015f ver\u0259n partlay\u0131\u015fdan dan\u0131\u015fark\u0259n deyib. &#8220;Panika n\u0259tic\u0259sind\u0259 \u0259halimiz h\u0259rbi hiss\u0259nin &hellip;<\/p>\n","protected":false},"author":1,"featured_media":6097,"comment_status":"open","ping_status":"closed","sticky":false,"template":"","format":"standard","meta":{"footnotes":""},"categories":[9],"tags":[],"class_list":["post-6096","post","type-post","status-publish","format-standard","has-post-thumbnail","hentry","category-xeber"],"_links":{"self":[{"href":"https:\/\/millitv.net\/index.php?rest_route=\/wp\/v2\/posts\/6096","targetHints":{"allow":["GET"]}}],"collection":[{"href":"https:\/\/millitv.net\/index.php?rest_route=\/wp\/v2\/posts"}],"about":[{"href":"https:\/\/millitv.net\/index.php?rest_route=\/wp\/v2\/types\/post"}],"author":[{"embeddable":true,"href":"https:\/\/millitv.net\/index.php?rest_route=\/wp\/v2\/users\/1"}],"replies":[{"embeddable":true,"href":"https:\/\/millitv.net\/index.php?rest_route=%2Fwp%2Fv2%2Fcomments&post=6096"}],"version-history":[{"count":0,"href":"https:\/\/millitv.net\/index.php?rest_route=\/wp\/v2\/posts\/6096\/revisions"}],"wp:featuredmedia":[{"embeddable":true,"href":"https:\/\/millitv.net\/index.php?rest_route=\/wp\/v2\/media\/6097"}],"wp:attachment":[{"href":"https:\/\/millitv.net\/index.php?rest_route=%2Fwp%2Fv2%2Fmedia&parent=6096"}],"wp:term":[{"taxonomy":"category","embeddable":true,"href":"https:\/\/millitv.net\/index.php?rest_route=%2Fwp%2Fv2%2Fcategories&post=6096"},{"taxonomy":"post_tag","embeddable":true,"href":"https:\/\/millitv.net\/index.php?rest_route=%2Fwp%2Fv2%2Ftags&post=6096"}],"curies":[{"name":"wp","href":"https:\/\/api.w.org\/{rel}","templated":true}]}}