{"id":6080,"date":"2023-10-28T19:19:44","date_gmt":"2023-10-28T19:19:44","guid":{"rendered":"https:\/\/millinews.az\/xeber\/hikm%C9%99t-haciyev-iran-s%C9%99firi-il%C9%99-gorusdu\/"},"modified":"2023-10-28T19:19:44","modified_gmt":"2023-10-28T19:19:44","slug":"hikm%C9%99t-haciyev-iran-s%C9%99firi-il%C9%99-gorusdu","status":"publish","type":"post","link":"https:\/\/millitv.net\/?p=6080","title":{"rendered":"Hikm\u0259t Hac\u0131yev \u0130ran s\u0259firi il\u0259 g\u00f6r\u00fc\u015fd\u00fc"},"content":{"rendered":"<p><img decoding=\"async\" src=\"https:\/\/Millinews.az\/storage\/2023\/10\/28\/fotojet_(5).jpg\" alt=\"\" title=\"\"><\/p>\n<div id=\"mvp-content-main\">\n<p><strong>Az\u0259rbaycan Respublikas\u0131 Prezidentinin k\u00f6m\u0259k\u00e7isi &#8211; Prezident Administrasiyas\u0131n\u0131n Xarici siyas\u0259t m\u0259s\u0259l\u0259l\u0259ri \u00fczr\u0259 \u015f\u00f6b\u0259 m\u00fcdiri Hikm\u0259t Hac\u0131yev \u0130ran\u0131n Az\u0259rbaycandak\u0131 s\u0259firi Seyid Abbas Mus\u0259vi il\u0259 g\u00f6r\u00fc\u015f\u00fcb.<\/strong><\/p>\n<p><strong><a target=\"_blank\" href=\"https:\/\/Millinews.az\" rel=\"noopener\">Millinews.az<\/a> <\/strong>x\u0259b\u0259r verir ki, bu bar\u0259d\u0259 \u0130ran\u0131n Az\u0259rbaycandak\u0131 s\u0259firliyinin \u201cTelegram\u201d kanal\u0131nda m\u0259lumat verilib.<\/p>\n<p>Bildirilir ki, g\u00f6r\u00fc\u015fd\u0259 ikit\u0259r\u0259fli m\u00fcnasib\u0259tl\u0259r, C\u0259nubi Qafqaz regionunda ba\u015f ver\u0259n prosesl\u0259r v\u0259 Az\u0259rbaycan-Erm\u0259nistan s\u00fclh dan\u0131\u015f\u0131qlar\u0131n\u0131n perspektivl\u0259ri m\u00fczakir\u0259 edilib.<\/p>\n<p>G\u00f6r\u00fc\u015fd\u0259 \u0130srail-F\u0259l\u0259stin m\u00fcnaqi\u015f\u0259si, habel\u0259 \u0130slam \u00f6lk\u0259l\u0259ri aras\u0131nda qar\u015f\u0131l\u0131ql\u0131 \u0259laq\u0259l\u0259rin z\u0259ruriliyi bar\u0259d\u0259 d\u0259 fikir m\u00fcbadil\u0259si apar\u0131l\u0131b.<\/p>\n<\/p><\/div>\n<p><script>\n        (function (d, s, id) {\n            var js, fjs = d.getElementsByTagName(s)[0];\n            if (d.getElementById(id)) return;\n            js = d.createElement(s);\n            js.id = id;\n            js.src = \"\/\/connect.facebook.net\/az_AZ\/sdk.js#xfbml=1&version=v2.7&appId=\";\n            fjs.parentNode.insertBefore(js, fjs);\n        }(document, 'script', 'facebook-jssdk'));\n    <\/script><\/p>\n","protected":false},"excerpt":{"rendered":"<p>Az\u0259rbaycan Respublikas\u0131 Prezidentinin k\u00f6m\u0259k\u00e7isi &#8211; Prezident Administrasiyas\u0131n\u0131n Xarici siyas\u0259t m\u0259s\u0259l\u0259l\u0259ri \u00fczr\u0259 \u015f\u00f6b\u0259 m\u00fcdiri Hikm\u0259t Hac\u0131yev \u0130ran\u0131n Az\u0259rbaycandak\u0131 s\u0259firi Seyid Abbas Mus\u0259vi il\u0259 g\u00f6r\u00fc\u015f\u00fcb. Millinews.az x\u0259b\u0259r verir ki, bu bar\u0259d\u0259 \u0130ran\u0131n Az\u0259rbaycandak\u0131 s\u0259firliyinin \u201cTelegram\u201d kanal\u0131nda m\u0259lumat verilib. Bildirilir ki, g\u00f6r\u00fc\u015fd\u0259 ikit\u0259r\u0259fli m\u00fcnasib\u0259tl\u0259r, C\u0259nubi Qafqaz regionunda ba\u015f ver\u0259n prosesl\u0259r v\u0259 Az\u0259rbaycan-Erm\u0259nistan s\u00fclh dan\u0131\u015f\u0131qlar\u0131n\u0131n perspektivl\u0259ri m\u00fczakir\u0259 edilib. G\u00f6r\u00fc\u015fd\u0259 &hellip;<\/p>\n","protected":false},"author":1,"featured_media":6081,"comment_status":"open","ping_status":"closed","sticky":false,"template":"","format":"standard","meta":{"footnotes":""},"categories":[9],"tags":[],"class_list":["post-6080","post","type-post","status-publish","format-standard","has-post-thumbnail","hentry","category-xeber"],"_links":{"self":[{"href":"https:\/\/millitv.net\/index.php?rest_route=\/wp\/v2\/posts\/6080","targetHints":{"allow":["GET"]}}],"collection":[{"href":"https:\/\/millitv.net\/index.php?rest_route=\/wp\/v2\/posts"}],"about":[{"href":"https:\/\/millitv.net\/index.php?rest_route=\/wp\/v2\/types\/post"}],"author":[{"embeddable":true,"href":"https:\/\/millitv.net\/index.php?rest_route=\/wp\/v2\/users\/1"}],"replies":[{"embeddable":true,"href":"https:\/\/millitv.net\/index.php?rest_route=%2Fwp%2Fv2%2Fcomments&post=6080"}],"version-history":[{"count":0,"href":"https:\/\/millitv.net\/index.php?rest_route=\/wp\/v2\/posts\/6080\/revisions"}],"wp:featuredmedia":[{"embeddable":true,"href":"https:\/\/millitv.net\/index.php?rest_route=\/wp\/v2\/media\/6081"}],"wp:attachment":[{"href":"https:\/\/millitv.net\/index.php?rest_route=%2Fwp%2Fv2%2Fmedia&parent=6080"}],"wp:term":[{"taxonomy":"category","embeddable":true,"href":"https:\/\/millitv.net\/index.php?rest_route=%2Fwp%2Fv2%2Fcategories&post=6080"},{"taxonomy":"post_tag","embeddable":true,"href":"https:\/\/millitv.net\/index.php?rest_route=%2Fwp%2Fv2%2Ftags&post=6080"}],"curies":[{"name":"wp","href":"https:\/\/api.w.org\/{rel}","templated":true}]}}