{"id":6071,"date":"2023-10-28T18:40:58","date_gmt":"2023-10-28T18:40:58","guid":{"rendered":"https:\/\/millinews.az\/xeber\/baki-il%C9%99-%C9%99laq%C9%99-saxladim-babayan-v%C9%99-balasanyani\/"},"modified":"2023-10-28T18:40:58","modified_gmt":"2023-10-28T18:40:58","slug":"baki-il%C9%99-%C9%99laq%C9%99-saxladim-babayan-v%C9%99-balasanyani","status":"publish","type":"post","link":"https:\/\/millitv.net\/?p=6071","title":{"rendered":"&#8220;Bak\u0131 il\u0259 \u0259laq\u0259 saxlad\u0131m, Babayan v\u0259 Balasanyan\u0131&#8230;&#8221;"},"content":{"rendered":"<p><img decoding=\"async\" src=\"https:\/\/Millinews.az\/storage\/2023\/10\/28\/samvel.jpg\" alt=\"\" title=\"\"><\/p>\n<div id=\"mvp-content-main\">\n<p><strong>&#8220;M\u0259n Az\u0259rbaycan\u0131n biziml\u0259 i\u015fl\u0259y\u0259n m\u0259sul \u015f\u0259xsi il\u0259 \u0259laq\u0259 saxlad\u0131m ki, &#8220;Artsax&#8221;da onlar\u0131n dan\u0131\u015f\u0131qlara haz\u0131r olduqlar\u0131 namiz\u0259din olub-olmad\u0131\u011f\u0131n\u0131 \u00f6yr\u0259n\u0259k&#8221;.<\/strong><\/p>\n<p><strong><a target=\"_blank\" href=\"https:\/\/Millinews.az\" rel=\"noopener\">Millinews.az<\/a><\/strong> x\u0259b\u0259r verir ki, bunu Qaraba\u011fda m\u00f6vcud olmu\u015f qondarma rejimin &#8220;prezident&#8221;i Samvel \u015eahramanyan &#8220;yerli&#8221; televiziyaya m\u00fcsahib\u0259sind\u0259 deyib.<\/p>\n<p>&#8220;&#8221;Artsax&#8221;da m\u00fczakir\u0259l\u0259r gedirdi ki, Samvel Babayan v\u0259 ya Vitali Balasanyan daha m\u0259qbul namiz\u0259d olacaq. M\u0259n Az\u0259rbaycan t\u0259r\u0259fd\u0259n m\u0259nfi cavab ald\u0131m.<\/p>\n<p>Sonra dan\u0131\u015f\u0131qlar n\u0259tic\u0259sind\u0259 biz sentyabr\u0131n 20-d\u0259 h\u0259rbi \u0259m\u0259liyyatlar\u0131n (qondarma rejim t\u0259r\u0259find\u0259n) dayand\u0131r\u0131lmas\u0131n\u0131, &#8220;Silahl\u0131 Q\u00fcvv\u0259l\u0259r&#8221;in burax\u0131lmas\u0131n\u0131, Erm\u0259nistan Silahl\u0131 Q\u00fcvv\u0259l\u0259rinin \u00e7\u0131xar\u0131lmas\u0131n\u0131, h\u0259rbi texnikan\u0131n t\u0259hvil verilm\u0259sini n\u0259z\u0259rd\u0259 tutan s\u0259n\u0259d q\u0259bul etdik&#8221;, &#8211; dey\u0259 o bildirib.<\/p>\n<p><strong>H\u00fcseyn \u0130badl\u0131<\/strong><\/p>\n<\/p><\/div>\n<p><script>\n        (function (d, s, id) {\n            var js, fjs = d.getElementsByTagName(s)[0];\n            if (d.getElementById(id)) return;\n            js = d.createElement(s);\n            js.id = id;\n            js.src = \"\/\/connect.facebook.net\/az_AZ\/sdk.js#xfbml=1&version=v2.7&appId=\";\n            fjs.parentNode.insertBefore(js, fjs);\n        }(document, 'script', 'facebook-jssdk'));\n    <\/script><\/p>\n","protected":false},"excerpt":{"rendered":"<p>&#8220;M\u0259n Az\u0259rbaycan\u0131n biziml\u0259 i\u015fl\u0259y\u0259n m\u0259sul \u015f\u0259xsi il\u0259 \u0259laq\u0259 saxlad\u0131m ki, &#8220;Artsax&#8221;da onlar\u0131n dan\u0131\u015f\u0131qlara haz\u0131r olduqlar\u0131 namiz\u0259din olub-olmad\u0131\u011f\u0131n\u0131 \u00f6yr\u0259n\u0259k&#8221;. Millinews.az x\u0259b\u0259r verir ki, bunu Qaraba\u011fda m\u00f6vcud olmu\u015f qondarma rejimin &#8220;prezident&#8221;i Samvel \u015eahramanyan &#8220;yerli&#8221; televiziyaya m\u00fcsahib\u0259sind\u0259 deyib. &#8220;&#8221;Artsax&#8221;da m\u00fczakir\u0259l\u0259r gedirdi ki, Samvel Babayan v\u0259 ya Vitali Balasanyan daha m\u0259qbul namiz\u0259d olacaq. M\u0259n Az\u0259rbaycan t\u0259r\u0259fd\u0259n m\u0259nfi cavab ald\u0131m. &hellip;<\/p>\n","protected":false},"author":1,"featured_media":6072,"comment_status":"open","ping_status":"closed","sticky":false,"template":"","format":"standard","meta":{"footnotes":""},"categories":[9],"tags":[],"class_list":["post-6071","post","type-post","status-publish","format-standard","has-post-thumbnail","hentry","category-xeber"],"_links":{"self":[{"href":"https:\/\/millitv.net\/index.php?rest_route=\/wp\/v2\/posts\/6071","targetHints":{"allow":["GET"]}}],"collection":[{"href":"https:\/\/millitv.net\/index.php?rest_route=\/wp\/v2\/posts"}],"about":[{"href":"https:\/\/millitv.net\/index.php?rest_route=\/wp\/v2\/types\/post"}],"author":[{"embeddable":true,"href":"https:\/\/millitv.net\/index.php?rest_route=\/wp\/v2\/users\/1"}],"replies":[{"embeddable":true,"href":"https:\/\/millitv.net\/index.php?rest_route=%2Fwp%2Fv2%2Fcomments&post=6071"}],"version-history":[{"count":0,"href":"https:\/\/millitv.net\/index.php?rest_route=\/wp\/v2\/posts\/6071\/revisions"}],"wp:featuredmedia":[{"embeddable":true,"href":"https:\/\/millitv.net\/index.php?rest_route=\/wp\/v2\/media\/6072"}],"wp:attachment":[{"href":"https:\/\/millitv.net\/index.php?rest_route=%2Fwp%2Fv2%2Fmedia&parent=6071"}],"wp:term":[{"taxonomy":"category","embeddable":true,"href":"https:\/\/millitv.net\/index.php?rest_route=%2Fwp%2Fv2%2Fcategories&post=6071"},{"taxonomy":"post_tag","embeddable":true,"href":"https:\/\/millitv.net\/index.php?rest_route=%2Fwp%2Fv2%2Ftags&post=6071"}],"curies":[{"name":"wp","href":"https:\/\/api.w.org\/{rel}","templated":true}]}}