{"id":6051,"date":"2023-10-28T16:59:21","date_gmt":"2023-10-28T16:59:21","guid":{"rendered":"https:\/\/millinews.az\/xeber\/sumqayitda-yaralanan-turkiy%C9%99-v%C9%99t%C9%99ndasi-il%C9%99-bagli-yeni-xeber\/"},"modified":"2023-10-28T16:59:21","modified_gmt":"2023-10-28T16:59:21","slug":"sumqayitda-yaralanan-turkiy%C9%99-v%C9%99t%C9%99ndasi-il%C9%99-bagli-yeni-xeber","status":"publish","type":"post","link":"https:\/\/millitv.net\/?p=6051","title":{"rendered":"Sumqay\u0131tda yaralanan T\u00fcrkiy\u0259 v\u0259t\u0259nda\u015f\u0131 il\u0259 ba\u011fl\u0131 YEN\u0130 X\u018fB\u018fR"},"content":{"rendered":"<p><img decoding=\"async\" src=\"https:\/\/Millinews.az\/storage\/2023\/10\/28\/fotojet_(1).jpg\" alt=\"\" title=\"\"><\/p>\n<div id=\"mvp-content-main\">\n<p><strong>Sumqay\u0131t Tibb M\u0259rk\u0259zinin T\u0259cili Tibbi Yard\u0131m X\u0259st\u0259xanas\u0131nda m\u00fcalic\u0259si davam etdiril\u0259n a\u011f\u0131r v\u0259ziyy\u0259td\u0259 olan T\u00fcrkiy\u0259 v\u0259t\u0259nda\u015f\u0131 1985-ci il t\u0259v\u0259ll\u00fcdl\u00fc S\u0259rkan Karaka\u015f Bak\u0131dak\u0131 \u00f6z\u0259l tibb m\u00fc\u0259ssis\u0259l\u0259rind\u0259n birin\u0259 k\u00f6\u00e7\u00fcr\u00fcl\u00fcb.<\/strong><\/p>\n<p><strong><a target=\"_blank\" href=\"https:\/\/Millinews.az\" rel=\"noopener\">Millinews.az<\/a><\/strong> x\u0259b\u0259r verir ki, bu bar\u0259d\u0259 \u201cReport\u201da Sumqay\u0131t Tibb M\u0259rk\u0259zinin \u0130ctimaiyy\u0259tl\u0259 \u0259laq\u0259l\u0259r b\u00f6lm\u0259sind\u0259n m\u0259lumat verilib.<\/p>\n<p>1960-c\u0131 il t\u0259v\u0259ll\u00fcdl\u00fc T\u0259rlan F\u0259r\u0259cova, 1958-ci il t\u0259v\u0259ll\u00fcdl\u00fc Mehman Sar\u0131yev Reanimasiya \u015f\u00f6b\u0259sind\u0259 m\u00fcalic\u0259l\u0259rini davam etdirirl\u0259r. V\u0259ziyy\u0259tl\u0259ri orta a\u011f\u0131rd\u0131r.<\/p>\n<p>1990-c\u0131 il t\u0259v\u0259ll\u00fcdl\u00fc Etibar Sar\u0131yev is\u0259 Travmatologiya \u015f\u00f6b\u0259sind\u0259 m\u00fcalic\u0259 al\u0131r. V\u0259ziyy\u0259ti q\u0259na\u0259tb\u0259x\u015fdir.<\/p>\n<\/p><\/div>\n<p><script>\n        (function (d, s, id) {\n            var js, fjs = d.getElementsByTagName(s)[0];\n            if (d.getElementById(id)) return;\n            js = d.createElement(s);\n            js.id = id;\n            js.src = \"\/\/connect.facebook.net\/az_AZ\/sdk.js#xfbml=1&version=v2.7&appId=\";\n            fjs.parentNode.insertBefore(js, fjs);\n        }(document, 'script', 'facebook-jssdk'));\n    <\/script><\/p>\n","protected":false},"excerpt":{"rendered":"<p>Sumqay\u0131t Tibb M\u0259rk\u0259zinin T\u0259cili Tibbi Yard\u0131m X\u0259st\u0259xanas\u0131nda m\u00fcalic\u0259si davam etdiril\u0259n a\u011f\u0131r v\u0259ziyy\u0259td\u0259 olan T\u00fcrkiy\u0259 v\u0259t\u0259nda\u015f\u0131 1985-ci il t\u0259v\u0259ll\u00fcdl\u00fc S\u0259rkan Karaka\u015f Bak\u0131dak\u0131 \u00f6z\u0259l tibb m\u00fc\u0259ssis\u0259l\u0259rind\u0259n birin\u0259 k\u00f6\u00e7\u00fcr\u00fcl\u00fcb. Millinews.az x\u0259b\u0259r verir ki, bu bar\u0259d\u0259 \u201cReport\u201da Sumqay\u0131t Tibb M\u0259rk\u0259zinin \u0130ctimaiyy\u0259tl\u0259 \u0259laq\u0259l\u0259r b\u00f6lm\u0259sind\u0259n m\u0259lumat verilib. 1960-c\u0131 il t\u0259v\u0259ll\u00fcdl\u00fc T\u0259rlan F\u0259r\u0259cova, 1958-ci il t\u0259v\u0259ll\u00fcdl\u00fc Mehman Sar\u0131yev Reanimasiya \u015f\u00f6b\u0259sind\u0259 m\u00fcalic\u0259l\u0259rini davam &hellip;<\/p>\n","protected":false},"author":1,"featured_media":6052,"comment_status":"open","ping_status":"closed","sticky":false,"template":"","format":"standard","meta":{"footnotes":""},"categories":[9],"tags":[],"class_list":["post-6051","post","type-post","status-publish","format-standard","has-post-thumbnail","hentry","category-xeber"],"_links":{"self":[{"href":"https:\/\/millitv.net\/index.php?rest_route=\/wp\/v2\/posts\/6051","targetHints":{"allow":["GET"]}}],"collection":[{"href":"https:\/\/millitv.net\/index.php?rest_route=\/wp\/v2\/posts"}],"about":[{"href":"https:\/\/millitv.net\/index.php?rest_route=\/wp\/v2\/types\/post"}],"author":[{"embeddable":true,"href":"https:\/\/millitv.net\/index.php?rest_route=\/wp\/v2\/users\/1"}],"replies":[{"embeddable":true,"href":"https:\/\/millitv.net\/index.php?rest_route=%2Fwp%2Fv2%2Fcomments&post=6051"}],"version-history":[{"count":0,"href":"https:\/\/millitv.net\/index.php?rest_route=\/wp\/v2\/posts\/6051\/revisions"}],"wp:featuredmedia":[{"embeddable":true,"href":"https:\/\/millitv.net\/index.php?rest_route=\/wp\/v2\/media\/6052"}],"wp:attachment":[{"href":"https:\/\/millitv.net\/index.php?rest_route=%2Fwp%2Fv2%2Fmedia&parent=6051"}],"wp:term":[{"taxonomy":"category","embeddable":true,"href":"https:\/\/millitv.net\/index.php?rest_route=%2Fwp%2Fv2%2Fcategories&post=6051"},{"taxonomy":"post_tag","embeddable":true,"href":"https:\/\/millitv.net\/index.php?rest_route=%2Fwp%2Fv2%2Ftags&post=6051"}],"curies":[{"name":"wp","href":"https:\/\/api.w.org\/{rel}","templated":true}]}}