{"id":6035,"date":"2023-10-28T15:32:32","date_gmt":"2023-10-28T15:32:32","guid":{"rendered":"https:\/\/millinews.az\/xeber\/erdogan-mitinq%C9%99-bu-r%C9%99ngl%C9%99rl%C9%99-boyanmis-s%C9%99rfl%C9%99-cixdi\/"},"modified":"2023-10-28T15:32:32","modified_gmt":"2023-10-28T15:32:32","slug":"erdogan-mitinq%C9%99-bu-r%C9%99ngl%C9%99rl%C9%99-boyanmis-s%C9%99rfl%C9%99-cixdi","status":"publish","type":"post","link":"https:\/\/millitv.net\/?p=6035","title":{"rendered":"\u018frdo\u011fan mitinq\u0259 bu r\u0259ngl\u0259rl\u0259 boyanm\u0131\u015f \u015f\u0259rfl\u0259 \u00e7\u0131xd\u0131"},"content":{"rendered":"<p><img decoding=\"async\" src=\"https:\/\/Millinews.az\/storage\/2023\/10\/28\/erdogan_1.jpg\" alt=\"\" title=\"\"><\/p>\n<div id=\"mvp-content-main\">\n<p><strong>T\u00fcrkiy\u0259 prezidenti R\u0259c\u0259b Tayyib \u018frdo\u011fan \u0130stanbulda F\u0259l\u0259stin\u0259 d\u0259st\u0259k aksiyas\u0131nda i\u015ftirak edib.<\/strong><\/p>\n<p><strong><a target=\"_blank\" href=\"https:\/\/Millinews.az\" rel=\"noopener\">Millinews.az<\/a> <\/strong>x\u0259b\u0259r verir ki, &#8220;Sabah&#8221; mitinqd\u0259n lent\u0259 al\u0131nan g\u00f6r\u00fcnt\u00fcl\u0259ri yay\u0131mlay\u0131b.<\/p>\n<p>T\u00fcrkiy\u0259 lideri \u0130stanbulun Atat\u00fcrk Hava Liman\u0131nda ke\u00e7iril\u0259n mitinqd\u0259 F\u0259l\u0259stin v\u0259 T\u00fcrkiy\u0259 bayraqlar\u0131 il\u0259 haz\u0131rlanm\u0131\u015f \u015f\u0259rf tax\u0131b.<\/p>\n<p>Mimitinqd\u0259 iki milyondan \u00e7ox insan\u0131n i\u015ftirak\u0131 g\u00f6zl\u0259nilirdi. Burada \u0130stanbul sakinl\u0259ri il\u0259 yana\u015f\u0131, T\u00fcrkiy\u0259nin 39 vilay\u0259tinin x\u00fcsusi avtobuslarla da\u015f\u0131nan n\u00fcmay\u0259nd\u0259l\u0259ri d\u0259 i\u015ftirak edir. Hava liman\u0131 \u0259razisind\u0259 t\u0259hl\u00fck\u0259sizlik t\u0259dbirl\u0259ri g\u00fccl\u0259ndirilib.<\/p>\n<p><strong>H\u00fcseyn \u0130badl\u0131<\/strong><\/p>\n<\/p><\/div>\n<p><script>\n        (function (d, s, id) {\n            var js, fjs = d.getElementsByTagName(s)[0];\n            if (d.getElementById(id)) return;\n            js = d.createElement(s);\n            js.id = id;\n            js.src = \"\/\/connect.facebook.net\/az_AZ\/sdk.js#xfbml=1&version=v2.7&appId=\";\n            fjs.parentNode.insertBefore(js, fjs);\n        }(document, 'script', 'facebook-jssdk'));\n    <\/script><\/p>\n","protected":false},"excerpt":{"rendered":"<p>T\u00fcrkiy\u0259 prezidenti R\u0259c\u0259b Tayyib \u018frdo\u011fan \u0130stanbulda F\u0259l\u0259stin\u0259 d\u0259st\u0259k aksiyas\u0131nda i\u015ftirak edib. Millinews.az x\u0259b\u0259r verir ki, &#8220;Sabah&#8221; mitinqd\u0259n lent\u0259 al\u0131nan g\u00f6r\u00fcnt\u00fcl\u0259ri yay\u0131mlay\u0131b. T\u00fcrkiy\u0259 lideri \u0130stanbulun Atat\u00fcrk Hava Liman\u0131nda ke\u00e7iril\u0259n mitinqd\u0259 F\u0259l\u0259stin v\u0259 T\u00fcrkiy\u0259 bayraqlar\u0131 il\u0259 haz\u0131rlanm\u0131\u015f \u015f\u0259rf tax\u0131b. Mimitinqd\u0259 iki milyondan \u00e7ox insan\u0131n i\u015ftirak\u0131 g\u00f6zl\u0259nilirdi. Burada \u0130stanbul sakinl\u0259ri il\u0259 yana\u015f\u0131, T\u00fcrkiy\u0259nin 39 vilay\u0259tinin x\u00fcsusi avtobuslarla da\u015f\u0131nan &hellip;<\/p>\n","protected":false},"author":1,"featured_media":6036,"comment_status":"open","ping_status":"closed","sticky":false,"template":"","format":"standard","meta":{"footnotes":""},"categories":[9],"tags":[],"class_list":["post-6035","post","type-post","status-publish","format-standard","has-post-thumbnail","hentry","category-xeber"],"_links":{"self":[{"href":"https:\/\/millitv.net\/index.php?rest_route=\/wp\/v2\/posts\/6035","targetHints":{"allow":["GET"]}}],"collection":[{"href":"https:\/\/millitv.net\/index.php?rest_route=\/wp\/v2\/posts"}],"about":[{"href":"https:\/\/millitv.net\/index.php?rest_route=\/wp\/v2\/types\/post"}],"author":[{"embeddable":true,"href":"https:\/\/millitv.net\/index.php?rest_route=\/wp\/v2\/users\/1"}],"replies":[{"embeddable":true,"href":"https:\/\/millitv.net\/index.php?rest_route=%2Fwp%2Fv2%2Fcomments&post=6035"}],"version-history":[{"count":0,"href":"https:\/\/millitv.net\/index.php?rest_route=\/wp\/v2\/posts\/6035\/revisions"}],"wp:featuredmedia":[{"embeddable":true,"href":"https:\/\/millitv.net\/index.php?rest_route=\/wp\/v2\/media\/6036"}],"wp:attachment":[{"href":"https:\/\/millitv.net\/index.php?rest_route=%2Fwp%2Fv2%2Fmedia&parent=6035"}],"wp:term":[{"taxonomy":"category","embeddable":true,"href":"https:\/\/millitv.net\/index.php?rest_route=%2Fwp%2Fv2%2Fcategories&post=6035"},{"taxonomy":"post_tag","embeddable":true,"href":"https:\/\/millitv.net\/index.php?rest_route=%2Fwp%2Fv2%2Ftags&post=6035"}],"curies":[{"name":"wp","href":"https:\/\/api.w.org\/{rel}","templated":true}]}}