{"id":6027,"date":"2023-10-28T14:33:10","date_gmt":"2023-10-28T14:33:10","guid":{"rendered":"https:\/\/millinews.az\/xeber\/lavrov-bayramovla-sulh-sazisinin-hazirlanmasini-muzakir%C9%99-etdi\/"},"modified":"2023-10-28T14:33:10","modified_gmt":"2023-10-28T14:33:10","slug":"lavrov-bayramovla-sulh-sazisinin-hazirlanmasini-muzakir%C9%99-etdi","status":"publish","type":"post","link":"https:\/\/millitv.net\/?p=6027","title":{"rendered":"Lavrov Bayramovla s\u00fclh sazi\u015finin haz\u0131rlanmas\u0131n\u0131 m\u00fczakir\u0259 etdi"},"content":{"rendered":"<p><img decoding=\"async\" src=\"https:\/\/Millinews.az\/storage\/2023\/02\/28\/ceyhun-lavrov.jpg\" alt=\"\" title=\"\"><\/p>\n<div id=\"mvp-content-main\">\n<p><strong>Az\u0259rbaycan Respublikas\u0131n\u0131n xarici i\u015fl\u0259r naziri Ceyhun Bayramov v\u0259 Rusiya Federasiyas\u0131n\u0131n xarici i\u015fl\u0259r naziri Sergey Lavrov aras\u0131nda telefon dan\u0131\u015f\u0131\u011f\u0131 ba\u015f tutub.<\/strong><\/p>\n<p><strong><a target=\"_blank\" href=\"https:\/\/Millinews.az\" rel=\"noopener\">Millinews.az<\/a> <\/strong>x\u0259b\u0259r verir ki, bu bar\u0259d\u0259 Rusiya Xarici \u0130\u015fl\u0259r Nazirliyind\u0259n (X\u0130N) bildirilib.<\/p>\n<p>M\u0259lumata g\u00f6r\u0259, X\u0130N r\u0259hb\u0259rl\u0259ri ikit\u0259r\u0259fli m\u00fcnasib\u0259tl\u0259rin aktual m\u0259s\u0259l\u0259l\u0259rini, regional v\u0259 beyn\u0259lxalq g\u00fcnd\u0259liyi m\u00fczakir\u0259 edibl\u0259r.<\/p>\n<p>2020-2022-ci ill\u0259r\u0259 aid \u0259n y\u00fcks\u0259k s\u0259viyy\u0259d\u0259 \u00fc\u00e7t\u0259r\u0259fli sazi\u015fl\u0259r toplusu \u0259sas\u0131nda Az\u0259rbaycan v\u0259 Erm\u0259nistan aras\u0131nda m\u00fcnasib\u0259tl\u0259rin normalla\u015fd\u0131r\u0131lmas\u0131, o c\u00fcml\u0259d\u0259n s\u00fclh m\u00fcqavil\u0259sinin haz\u0131rlanmas\u0131, n\u0259qliyyat kommunikasiyalar\u0131n\u0131n a\u00e7\u0131lmas\u0131 v\u0259 Erm\u0259nistan-Az\u0259rbaycan s\u0259rh\u0259dinin delimitasiyas\u0131 \u00fc\u00e7\u00fcn s\u0259yl\u0259rin art\u0131r\u0131lmas\u0131n\u0131n z\u0259ruriliyi vur\u011fulan\u0131b.<\/p>\n<\/p><\/div>\n<p><script>\n        (function (d, s, id) {\n            var js, fjs = d.getElementsByTagName(s)[0];\n            if (d.getElementById(id)) return;\n            js = d.createElement(s);\n            js.id = id;\n            js.src = \"\/\/connect.facebook.net\/az_AZ\/sdk.js#xfbml=1&version=v2.7&appId=\";\n            fjs.parentNode.insertBefore(js, fjs);\n        }(document, 'script', 'facebook-jssdk'));\n    <\/script><\/p>\n","protected":false},"excerpt":{"rendered":"<p>Az\u0259rbaycan Respublikas\u0131n\u0131n xarici i\u015fl\u0259r naziri Ceyhun Bayramov v\u0259 Rusiya Federasiyas\u0131n\u0131n xarici i\u015fl\u0259r naziri Sergey Lavrov aras\u0131nda telefon dan\u0131\u015f\u0131\u011f\u0131 ba\u015f tutub. Millinews.az x\u0259b\u0259r verir ki, bu bar\u0259d\u0259 Rusiya Xarici \u0130\u015fl\u0259r Nazirliyind\u0259n (X\u0130N) bildirilib. M\u0259lumata g\u00f6r\u0259, X\u0130N r\u0259hb\u0259rl\u0259ri ikit\u0259r\u0259fli m\u00fcnasib\u0259tl\u0259rin aktual m\u0259s\u0259l\u0259l\u0259rini, regional v\u0259 beyn\u0259lxalq g\u00fcnd\u0259liyi m\u00fczakir\u0259 edibl\u0259r. 2020-2022-ci ill\u0259r\u0259 aid \u0259n y\u00fcks\u0259k s\u0259viyy\u0259d\u0259 \u00fc\u00e7t\u0259r\u0259fli sazi\u015fl\u0259r toplusu &hellip;<\/p>\n","protected":false},"author":1,"featured_media":4720,"comment_status":"open","ping_status":"closed","sticky":false,"template":"","format":"standard","meta":{"footnotes":""},"categories":[9],"tags":[],"class_list":["post-6027","post","type-post","status-publish","format-standard","has-post-thumbnail","hentry","category-xeber"],"_links":{"self":[{"href":"https:\/\/millitv.net\/index.php?rest_route=\/wp\/v2\/posts\/6027","targetHints":{"allow":["GET"]}}],"collection":[{"href":"https:\/\/millitv.net\/index.php?rest_route=\/wp\/v2\/posts"}],"about":[{"href":"https:\/\/millitv.net\/index.php?rest_route=\/wp\/v2\/types\/post"}],"author":[{"embeddable":true,"href":"https:\/\/millitv.net\/index.php?rest_route=\/wp\/v2\/users\/1"}],"replies":[{"embeddable":true,"href":"https:\/\/millitv.net\/index.php?rest_route=%2Fwp%2Fv2%2Fcomments&post=6027"}],"version-history":[{"count":0,"href":"https:\/\/millitv.net\/index.php?rest_route=\/wp\/v2\/posts\/6027\/revisions"}],"wp:featuredmedia":[{"embeddable":true,"href":"https:\/\/millitv.net\/index.php?rest_route=\/wp\/v2\/media\/4720"}],"wp:attachment":[{"href":"https:\/\/millitv.net\/index.php?rest_route=%2Fwp%2Fv2%2Fmedia&parent=6027"}],"wp:term":[{"taxonomy":"category","embeddable":true,"href":"https:\/\/millitv.net\/index.php?rest_route=%2Fwp%2Fv2%2Fcategories&post=6027"},{"taxonomy":"post_tag","embeddable":true,"href":"https:\/\/millitv.net\/index.php?rest_route=%2Fwp%2Fv2%2Ftags&post=6027"}],"curies":[{"name":"wp","href":"https:\/\/api.w.org\/{rel}","templated":true}]}}