{"id":6019,"date":"2023-10-28T13:54:19","date_gmt":"2023-10-28T13:54:19","guid":{"rendered":"https:\/\/millinews.az\/xeber\/f%C9%99l%C9%99stin-israil-munaqis%C9%99sind%C9%99-n%C9%99-q%C9%99d%C9%99r-jurnalist-oldurulub\/"},"modified":"2023-10-28T13:54:19","modified_gmt":"2023-10-28T13:54:19","slug":"f%C9%99l%C9%99stin-israil-munaqis%C9%99sind%C9%99-n%C9%99-q%C9%99d%C9%99r-jurnalist-oldurulub","status":"publish","type":"post","link":"https:\/\/millitv.net\/?p=6019","title":{"rendered":"F\u0259l\u0259stin-\u0130srail m\u00fcnaqi\u015f\u0259sind\u0259 n\u0259 q\u0259d\u0259r jurnalist \u00f6ld\u00fcr\u00fcl\u00fcb?"},"content":{"rendered":"<p><img decoding=\"async\" src=\"https:\/\/Millinews.az\/storage\/2023\/10\/28\/s25879456123.jpg\" alt=\"\" title=\"\"><\/p>\n<div id=\"mvp-content-main\">\n<p><strong>\u018fn az\u0131 29 jurnalist son F\u0259l\u0259stin-\u0130srail m\u00fcnaqi\u015f\u0259sinin qurban\u0131 olub.<\/strong><\/p>\n<p><strong><a target=\"_blank\" href=\"https:\/\/Millinews.az\" rel=\"noopener\">Millinews.az<\/a><\/strong> x\u0259b\u0259r verir ki, bu bar\u0259d\u0259 Beyn\u0259lxalq Jurnalistl\u0259rin M\u00fcdafi\u0259si Komit\u0259si m\u0259lumat yay\u0131b.<\/p>\n<p>&#8220;2023-c\u00fc il oktyabr\u0131n 7-d\u0259n oktyabr\u0131n 27-d\u0259k h\u0259r iki t\u0259r\u0259fd\u0259n \u00f6ld\u00fcr\u00fcl\u0259n 8 mind\u0259n \u00e7ox adam\u0131n siyah\u0131s\u0131na \u0259n az\u0131 29 jurnalist daxil edilib&#8221;, &#8211; hesabatda deyilir.<\/p>\n<p>T\u0259\u015fkilat\u0131n ayd\u0131nla\u015fd\u0131rd\u0131\u011f\u0131 kimi, bu, Komit\u0259nin 1992-ci ild\u0259 m\u0259lumat toplama\u011fa ba\u015flamas\u0131ndan b\u0259ri jurnalistl\u0259r \u00fc\u00e7\u00fcn \u0259n \u00f6l\u00fcmc\u00fcl d\u00f6vrd\u00fcr.<\/p>\n<p>\u201cMedia Q\u0259zza zola\u011f\u0131nda \u0259m\u0259kda\u015flar\u0131 v\u0259 jurnalistl\u0259ri il\u0259 \u0259laq\u0259ni itirdikc\u0259, d\u00fcnya reall\u0131\u011f\u0131 g\u00f6rm\u0259k imkan\u0131n\u0131 itirir\u201d, &#8211; b\u0259yanatda deyilir.<\/p>\n<p><strong>Ad\u0259m<\/strong><\/p>\n<\/p><\/div>\n<p><script>\n        (function (d, s, id) {\n            var js, fjs = d.getElementsByTagName(s)[0];\n            if (d.getElementById(id)) return;\n            js = d.createElement(s);\n            js.id = id;\n            js.src = \"\/\/connect.facebook.net\/az_AZ\/sdk.js#xfbml=1&version=v2.7&appId=\";\n            fjs.parentNode.insertBefore(js, fjs);\n        }(document, 'script', 'facebook-jssdk'));\n    <\/script><\/p>\n","protected":false},"excerpt":{"rendered":"<p>\u018fn az\u0131 29 jurnalist son F\u0259l\u0259stin-\u0130srail m\u00fcnaqi\u015f\u0259sinin qurban\u0131 olub. Millinews.az x\u0259b\u0259r verir ki, bu bar\u0259d\u0259 Beyn\u0259lxalq Jurnalistl\u0259rin M\u00fcdafi\u0259si Komit\u0259si m\u0259lumat yay\u0131b. &#8220;2023-c\u00fc il oktyabr\u0131n 7-d\u0259n oktyabr\u0131n 27-d\u0259k h\u0259r iki t\u0259r\u0259fd\u0259n \u00f6ld\u00fcr\u00fcl\u0259n 8 mind\u0259n \u00e7ox adam\u0131n siyah\u0131s\u0131na \u0259n az\u0131 29 jurnalist daxil edilib&#8221;, &#8211; hesabatda deyilir. T\u0259\u015fkilat\u0131n ayd\u0131nla\u015fd\u0131rd\u0131\u011f\u0131 kimi, bu, Komit\u0259nin 1992-ci ild\u0259 m\u0259lumat toplama\u011fa ba\u015flamas\u0131ndan &hellip;<\/p>\n","protected":false},"author":1,"featured_media":6020,"comment_status":"open","ping_status":"closed","sticky":false,"template":"","format":"standard","meta":{"footnotes":""},"categories":[9],"tags":[],"class_list":["post-6019","post","type-post","status-publish","format-standard","has-post-thumbnail","hentry","category-xeber"],"_links":{"self":[{"href":"https:\/\/millitv.net\/index.php?rest_route=\/wp\/v2\/posts\/6019","targetHints":{"allow":["GET"]}}],"collection":[{"href":"https:\/\/millitv.net\/index.php?rest_route=\/wp\/v2\/posts"}],"about":[{"href":"https:\/\/millitv.net\/index.php?rest_route=\/wp\/v2\/types\/post"}],"author":[{"embeddable":true,"href":"https:\/\/millitv.net\/index.php?rest_route=\/wp\/v2\/users\/1"}],"replies":[{"embeddable":true,"href":"https:\/\/millitv.net\/index.php?rest_route=%2Fwp%2Fv2%2Fcomments&post=6019"}],"version-history":[{"count":0,"href":"https:\/\/millitv.net\/index.php?rest_route=\/wp\/v2\/posts\/6019\/revisions"}],"wp:featuredmedia":[{"embeddable":true,"href":"https:\/\/millitv.net\/index.php?rest_route=\/wp\/v2\/media\/6020"}],"wp:attachment":[{"href":"https:\/\/millitv.net\/index.php?rest_route=%2Fwp%2Fv2%2Fmedia&parent=6019"}],"wp:term":[{"taxonomy":"category","embeddable":true,"href":"https:\/\/millitv.net\/index.php?rest_route=%2Fwp%2Fv2%2Fcategories&post=6019"},{"taxonomy":"post_tag","embeddable":true,"href":"https:\/\/millitv.net\/index.php?rest_route=%2Fwp%2Fv2%2Ftags&post=6019"}],"curies":[{"name":"wp","href":"https:\/\/api.w.org\/{rel}","templated":true}]}}